{"id":7491,"date":"2021-10-15T09:29:44","date_gmt":"2021-10-15T09:29:44","guid":{"rendered":"https:\/\/nimmerwo.ch\/?p=7491"},"modified":"2022-12-28T00:26:14","modified_gmt":"2022-12-28T00:26:14","slug":"alpe-adria-trail","status":"publish","type":"post","link":"https:\/\/nimmerwo.ch\/en\/alpe-adria-trail\/","title":{"rendered":"Alpe Adria Trail"},"content":{"rendered":"\t\t<div data-elementor-type=\"wp-post\" data-elementor-id=\"7491\" class=\"elementor elementor-7491\">\n\t\t\t\t\t\t<section class=\"elementor-section elementor-top-section elementor-element elementor-element-541daeb elementor-section-boxed elementor-section-height-default elementor-section-height-default\" data-id=\"541daeb\" data-element_type=\"section\" data-e-type=\"section\">\n\t\t\t\t\t\t<div class=\"elementor-container elementor-column-gap-default\">\n\t\t\t\t\t<div class=\"elementor-column elementor-col-100 elementor-top-column elementor-element elementor-element-818125e\" data-id=\"818125e\" data-element_type=\"column\" data-e-type=\"column\">\n\t\t\t<div class=\"elementor-widget-wrap elementor-element-populated\">\n\t\t\t\t\t\t<div class=\"elementor-element elementor-element-047a87d elementor-widget elementor-widget-heading\" data-id=\"047a87d\" data-element_type=\"widget\" data-e-type=\"widget\" data-widget_type=\"heading.default\">\n\t\t\t\t<div class=\"elementor-widget-container\">\n\t\t\t\t\t<h2 class=\"elementor-heading-title elementor-size-default\">Alpe Adria Trail - Von den Alpen ans Meer<\/h2>\t\t\t\t<\/div>\n\t\t\t\t<\/div>\n\t\t\t\t<div class=\"elementor-element elementor-element-5051370 elementor-widget elementor-widget-image\" data-id=\"5051370\" data-element_type=\"widget\" data-e-type=\"widget\" data-widget_type=\"image.default\">\n\t\t\t\t<div class=\"elementor-widget-container\">\n\t\t\t\t\t\t\t\t\t\t\t\t<figure class=\"wp-caption\">\n\t\t\t\t\t\t\t\t\t\t\t<a href=\"https:\/\/nimmerwo.ch\/wp-content\/uploads\/2021\/10\/DSC08309-Large-rotated.jpg\" data-elementor-open-lightbox=\"yes\" data-e-action-hash=\"#elementor-action%3Aaction%3Dlightbox%26settings%3DeyJpZCI6ODI1MywidXJsIjoiaHR0cHM6XC9cL25pbW1lcndvLmNoXC93cC1jb250ZW50XC91cGxvYWRzXC8yMDIxXC8xMFwvRFNDMDgzMDktTGFyZ2Utcm90YXRlZC5qcGcifQ%3D%3D\">\n\t\t\t\t\t\t\t<img fetchpriority=\"high\" decoding=\"async\" width=\"1080\" height=\"1357\" src=\"https:\/\/nimmerwo.ch\/wp-content\/uploads\/2021\/10\/DSC08309-Large-rotated.jpg\" class=\"attachment-full size-full wp-image-8253\" alt=\"\" srcset=\"https:\/\/nimmerwo.ch\/wp-content\/uploads\/2021\/10\/DSC08309-Large-rotated.jpg 1080w, https:\/\/nimmerwo.ch\/wp-content\/uploads\/2021\/10\/DSC08309-Large-239x300.jpg 239w, https:\/\/nimmerwo.ch\/wp-content\/uploads\/2021\/10\/DSC08309-Large-815x1024.jpg 815w, https:\/\/nimmerwo.ch\/wp-content\/uploads\/2021\/10\/DSC08309-Large-768x965.jpg 768w, https:\/\/nimmerwo.ch\/wp-content\/uploads\/2021\/10\/DSC08309-Large-10x12.jpg 10w\" sizes=\"(max-width: 1080px) 100vw, 1080px\" \/>\t\t\t\t\t\t\t\t<\/a>\n\t\t\t\t\t\t\t\t\t\t\t<figcaption class=\"widget-image-caption wp-caption-text\"><\/figcaption>\n\t\t\t\t\t\t\t\t\t\t<\/figure>\n\t\t\t\t\t\t\t\t\t<\/div>\n\t\t\t\t<\/div>\n\t\t\t\t\t<\/div>\n\t\t<\/div>\n\t\t\t\t\t<\/div>\n\t\t<\/section>\n\t\t\t\t<section class=\"elementor-section elementor-top-section elementor-element elementor-element-42abca5 elementor-section-boxed elementor-section-height-default elementor-section-height-default\" data-id=\"42abca5\" data-element_type=\"section\" data-e-type=\"section\">\n\t\t\t\t\t\t<div class=\"elementor-container elementor-column-gap-default\">\n\t\t\t\t\t<div class=\"elementor-column elementor-col-100 elementor-top-column elementor-element elementor-element-fc93057\" data-id=\"fc93057\" data-element_type=\"column\" data-e-type=\"column\">\n\t\t\t<div class=\"elementor-widget-wrap elementor-element-populated\">\n\t\t\t\t\t\t<div class=\"elementor-element elementor-element-4c27c2f elementor-widget-divider--view-line elementor-widget elementor-widget-divider\" data-id=\"4c27c2f\" data-element_type=\"widget\" data-e-type=\"widget\" data-widget_type=\"divider.default\">\n\t\t\t\t<div class=\"elementor-widget-container\">\n\t\t\t\t\t\t\t<div class=\"elementor-divider\">\n\t\t\t<span class=\"elementor-divider-separator\">\n\t\t\t\t\t\t<\/span>\n\t\t<\/div>\n\t\t\t\t\t\t<\/div>\n\t\t\t\t<\/div>\n\t\t\t\t<div class=\"elementor-element elementor-element-7d9d410 elementor-widget elementor-widget-toggle\" data-id=\"7d9d410\" data-element_type=\"widget\" data-e-type=\"widget\" data-widget_type=\"toggle.default\">\n\t\t\t\t<div class=\"elementor-widget-container\">\n\t\t\t\t\t\t\t<div class=\"elementor-toggle\">\n\t\t\t\t\t\t\t<div class=\"elementor-toggle-item\">\n\t\t\t\t\t<div id=\"elementor-tab-title-1311\" class=\"elementor-tab-title\" data-tab=\"1\" role=\"button\" aria-controls=\"elementor-tab-content-1311\" aria-expanded=\"false\">\n\t\t\t\t\t\t\t\t\t\t\t\t<span class=\"elementor-toggle-icon elementor-toggle-icon-left\" aria-hidden=\"true\">\n\t\t\t\t\t\t\t\t\t\t\t\t\t\t\t<span class=\"elementor-toggle-icon-closed\"><i class=\"fas fa-caret-right\"><\/i><\/span>\n\t\t\t\t\t\t\t\t<span class=\"elementor-toggle-icon-opened\"><i class=\"elementor-toggle-icon-opened fas fa-caret-up\"><\/i><\/span>\n\t\t\t\t\t\t\t\t\t\t\t\t\t<\/span>\n\t\t\t\t\t\t\t\t\t\t\t\t<a class=\"elementor-toggle-title\" tabindex=\"0\">Wertvolle Tipps f\u00fcr den Alpe Adria Trail<\/a>\n\t\t\t\t\t<\/div>\n\n\t\t\t\t\t<div id=\"elementor-tab-content-1311\" class=\"elementor-tab-content elementor-clearfix\" data-tab=\"1\" role=\"region\" aria-labelledby=\"elementor-tab-title-1311\"><ul><li>Der 2012 erschaffene Alpe Adria Trail beginnt offiziell am Fusse des Grossglockners in den \u00f6sterreichischen Alpen und f\u00fchrt \u00fcber rund<strong> 750 km und 37 Etappen durch \u00d6sterreich, Slowenien und Italien<\/strong> bis nach Muggia ans adriatische Meer.<\/li><li>Wir begannen unsere Fernwanderung in Jesenice, Slowenien. Unsere ersten beiden Wandertage geh\u00f6ren zum <a href=\"https:\/\/nimmerwo.ch\/juliana-trail-slowenien\/\">Juliana Trail<\/a> (Etappen 2 uns 1). Erst in Kranjska Gora nahmen wir den Alpe Adria Trail auf.<\/li><li>Offiziel sind die Etappenziele in D\u00f6rfern und St\u00e4dten, wo immer Unterk\u00fcnfte zu finden sind. Wir \u00fcbernachteten absichtlich irgendwo mitten auf der Etappe, um ungest\u00f6rt unser Zelt aufbauen zu k\u00f6nnen. Wer mehr \u00fcber unsere genaueren <b>\u00dcbernachtungspl\u00e4tze <\/b>erfahren m\u00f6chte, <a href=\"https:\/\/nimmerwo.ch\/kontakt\/\">darf uns gerne direkt fragen.\u00a0<\/a><\/li><li>Alleine das wundersch\u00f6ne <strong>So\u010datal im Triglav Nationalpark<\/strong> ist eine Reise nach Slowenien wert.<\/li><li>\u00a0Das <b>Freilichtmuseum<\/b> auf der slowenisch-italienischen Grenze oberhalb Tolmins (Etappe 27) gibt eindr\u00fccklichen Einblick ins Geschehen im 1. Weltkrieg. Die 360\u00b0- Aussicht von hier ist ph\u00e4nomenal. <b>Ein Highlight!<\/b><\/li><li>Das<b> App &#8222;<em>Alpe Adria Trail<\/em>&#8222;<\/b> hilft bei der Orientierung auf der Wanderung und gibt viele Hintergrundinformationen. Auf die Karte ist nicht immer Verlass.<\/li><li>Auf <a href=\"https:\/\/www.alpe-adria-trail.com\/de\/der-trail\/\">https:\/\/www.alpe-adria-trail.com\/de\/der-trail\/<\/a> sind alle Details \u00fcber den Trail zu erfahren. Ausserdem kann man Wanderpakete und Unterk\u00fcnfte buchen, wie auch den Transport des eigenen Gep\u00e4cks.<\/li><li>Im August war es s\u00fcdlich des Triglav Nationalparks oft \u00fcber 30\u00b0C heiss. Deshalb ist <strong>Wasser<\/strong> ein sehr wichtiger Punkt. Dazu mehr im n\u00e4chsten Punkt: <em>Die 4 Ws des Fernwanderns<\/em><\/li><\/ul><\/div>\n\t\t\t\t<\/div>\n\t\t\t\t\t\t\t<div class=\"elementor-toggle-item\">\n\t\t\t\t\t<div id=\"elementor-tab-title-1312\" class=\"elementor-tab-title\" data-tab=\"2\" role=\"button\" aria-controls=\"elementor-tab-content-1312\" aria-expanded=\"false\">\n\t\t\t\t\t\t\t\t\t\t\t\t<span class=\"elementor-toggle-icon elementor-toggle-icon-left\" aria-hidden=\"true\">\n\t\t\t\t\t\t\t\t\t\t\t\t\t\t\t<span class=\"elementor-toggle-icon-closed\"><i class=\"fas fa-caret-right\"><\/i><\/span>\n\t\t\t\t\t\t\t\t<span class=\"elementor-toggle-icon-opened\"><i class=\"elementor-toggle-icon-opened fas fa-caret-up\"><\/i><\/span>\n\t\t\t\t\t\t\t\t\t\t\t\t\t<\/span>\n\t\t\t\t\t\t\t\t\t\t\t\t<a class=\"elementor-toggle-title\" tabindex=\"0\">Die 4 Ws des Fernwanderns<\/a>\n\t\t\t\t\t<\/div>\n\n\t\t\t\t\t<div id=\"elementor-tab-content-1312\" class=\"elementor-tab-content elementor-clearfix\" data-tab=\"2\" role=\"region\" aria-labelledby=\"elementor-tab-title-1312\"><ol><li><strong>Wasser<\/strong><br \/>Wenn du nicht sicher bist, wann du die n\u00e4chste Wasserquelle findest, f\u00fclle deine Flaschen bei jeder Gelegenheit auf. <strong>Top Tipp: Auf Friedenh\u00f6fen gibt es immer Wasserh\u00e4hnen!<\/strong><\/li><li><strong>Weg<\/strong><br \/>Kenne immer dein Ziel. Auch wenn Wege wie der Juliana Trail sehr gut markiert sind, gibt es auch da immer wieder L\u00fccken. Apps wie maps.me helfen dir, den Weg nicht zu verlieren!<\/li><li><strong>Wetter<\/strong><br \/>Achte auf das Wetter und bereite dich entsprechend vor! Wird es heiss? Hast du immer genug Wasser? Regnet es? Poncho griffbereit? <strong>In den Bergen kann das Wetter ohne Vorwarnung gef\u00e4hrlich umschlagen!<\/strong><\/li><li><strong>Weltwach<\/strong><br \/>F\u00fcr uns ist <a href=\"https:\/\/weltwach.de\/\">Erik Lorenz&#8216; Podcast &#8222;Weltwach&#8220;<\/a> spannende Unterhaltung, z.B. bei steilen Anstiegen, w\u00e4hrend denen wir uns gerne mit etwas Zauber f\u00fcr die Ohren ablenken. Nat\u00fcrlich gibt es zahlreiche interessante Podcasts f\u00fcr diesen Zweck (einen weiteren, den wir auf unserer Wanderung entdeckt haben: <a href=\"https:\/\/www.geschichte.fm\/\">&#8222;Geschichten aus der Geschichte&#8220;<\/a>)<\/li><\/ol><\/div>\n\t\t\t\t<\/div>\n\t\t\t\t\t\t\t<div class=\"elementor-toggle-item\">\n\t\t\t\t\t<div id=\"elementor-tab-title-1313\" class=\"elementor-tab-title\" data-tab=\"3\" role=\"button\" aria-controls=\"elementor-tab-content-1313\" aria-expanded=\"false\">\n\t\t\t\t\t\t\t\t\t\t\t\t<span class=\"elementor-toggle-icon elementor-toggle-icon-left\" aria-hidden=\"true\">\n\t\t\t\t\t\t\t\t\t\t\t\t\t\t\t<span class=\"elementor-toggle-icon-closed\"><i class=\"fas fa-caret-right\"><\/i><\/span>\n\t\t\t\t\t\t\t\t<span class=\"elementor-toggle-icon-opened\"><i class=\"elementor-toggle-icon-opened fas fa-caret-up\"><\/i><\/span>\n\t\t\t\t\t\t\t\t\t\t\t\t\t<\/span>\n\t\t\t\t\t\t\t\t\t\t\t\t<a class=\"elementor-toggle-title\" tabindex=\"0\">Gute Vorbereitung ist alles<\/a>\n\t\t\t\t\t<\/div>\n\n\t\t\t\t\t<div id=\"elementor-tab-content-1313\" class=\"elementor-tab-content elementor-clearfix\" data-tab=\"3\" role=\"region\" aria-labelledby=\"elementor-tab-title-1313\"><p>Gepackt haben wir ziemlich gut f\u00fcr so ein erstes Mal Fernwandern. Wir trugen immer etwa zwischen 11 und 14 kg pro Person auf dem R\u00fccken, die nach ein paar Tagen nicht mehr gross sp\u00fcrbar waren.<\/p><p><a href=\"https:\/\/nimmerwo.ch\/unsere-erste-fernwanderung\/\">Unsere Packliste findest du in diesem Post<\/a><\/p><p><strong>Worum waren wir besonders froh?<\/strong><\/p><ul><li>Duschsack (zwischendurch fliessend Wasser zu haben f\u00fcrs Duschen, Z\u00e4hne putzen, Abwaschen ist ein sch\u00f6ner Luxus)<\/li><li>Gute, getestete Schlafs\u00e4cke und -matten sind ein Muss<\/li><li>Wasserdichtes, leichtes Zelt<\/li><li>gute Kamera (macht trotz Mehrgewicht einfach mehr Spass als mit dem Handy)<\/li><li>2 Paar Schuhe (Wanderschuhe und entweder Sandallen oder bequeme Sneakers f\u00fcrs Nicht-Wandern)<\/li><li>H\u00e4ngematten (Luxus nat\u00fcrlich, waren aber zum \u00dcbernachten oder einfach Entspannen \u00f6fters in Gebrauch)<\/li><li>ein bisschen Wifi (um n\u00f6tige Infos \u00fcbers Wetter, Zeltpl\u00e4tze, etc. abzurufen)<\/li><li><a href=\"https:\/\/maps.me\/\">maps.me<\/a> zur offline Navigation sehr empfehlenswert<\/li><li>Regenponchos (meinen grossen brauchten wir auch immer mal als Regenplane)<\/li><li>Wenig Kleidung (1 Satz Wanderkleidung + 1 Satz Abend-\/Ersatzkleidung)<\/li><\/ul><p><strong>Was w\u00fcrden wir nicht mehr mitnehmen?<\/strong><\/p><ul><li>Kleinen Grill (nur einmal gebraucht und auch nur, um ihn einmal zu brauchen)<\/li><li>Wasserfilter (zumindest in Slowenien nicht n\u00f6tig, dort findest du \u00fcberall Trinkwasser)<\/li><\/ul><\/div>\n\t\t\t\t<\/div>\n\t\t\t\t\t\t\t\t<\/div>\n\t\t\t\t\t\t<\/div>\n\t\t\t\t<\/div>\n\t\t\t\t<div class=\"elementor-element elementor-element-2babd6d elementor-widget elementor-widget-spacer\" data-id=\"2babd6d\" data-element_type=\"widget\" data-e-type=\"widget\" data-widget_type=\"spacer.default\">\n\t\t\t\t<div class=\"elementor-widget-container\">\n\t\t\t\t\t\t\t<div class=\"elementor-spacer\">\n\t\t\t<div class=\"elementor-spacer-inner\"><\/div>\n\t\t<\/div>\n\t\t\t\t\t\t<\/div>\n\t\t\t\t<\/div>\n\t\t\t\t<div class=\"elementor-element elementor-element-f7ebce3 elementor-widget elementor-widget-text-editor\" data-id=\"f7ebce3\" data-element_type=\"widget\" data-e-type=\"widget\" data-widget_type=\"text-editor.default\">\n\t\t\t\t<div class=\"elementor-widget-container\">\n\t\t\t\t\t\t\t\t\t<h3 style=\"text-align: center;\">\u00dcbersicht \u00fcber den slowenischen und italienischen Teil des Alpe Adria Trails<\/h3><p style=\"text-align: center;\">(Das sind die Etappen 24 &#8211; 37, die wir in diesem Post beschreiben)<\/p>\t\t\t\t\t\t\t\t<\/div>\n\t\t\t\t<\/div>\n\t\t\t\t\t<\/div>\n\t\t<\/div>\n\t\t\t\t\t<\/div>\n\t\t<\/section>\n\t\t\t\t<section class=\"elementor-section elementor-top-section elementor-element elementor-element-ca69d91 elementor-section-boxed elementor-section-height-default elementor-section-height-default\" data-id=\"ca69d91\" data-element_type=\"section\" data-e-type=\"section\">\n\t\t\t\t\t\t<div class=\"elementor-container elementor-column-gap-default\">\n\t\t\t\t\t<div class=\"elementor-column elementor-col-100 elementor-top-column elementor-element elementor-element-e009484\" data-id=\"e009484\" data-element_type=\"column\" data-e-type=\"column\">\n\t\t\t<div class=\"elementor-widget-wrap elementor-element-populated\">\n\t\t\t\t\t\t<div class=\"elementor-element elementor-element-79a2d81 elementor-widget elementor-widget-image\" data-id=\"79a2d81\" data-element_type=\"widget\" data-e-type=\"widget\" data-widget_type=\"image.default\">\n\t\t\t\t<div class=\"elementor-widget-container\">\n\t\t\t\t\t\t\t\t\t\t\t\t\t\t\t\t<a href=\"https:\/\/nimmerwo.ch\/wp-content\/uploads\/2021\/10\/AAT.png\" data-elementor-open-lightbox=\"yes\" data-e-action-hash=\"#elementor-action%3Aaction%3Dlightbox%26settings%3DeyJpZCI6NzY4MywidXJsIjoiaHR0cHM6XC9cL25pbW1lcndvLmNoXC93cC1jb250ZW50XC91cGxvYWRzXC8yMDIxXC8xMFwvQUFULnBuZyJ9\">\n\t\t\t\t\t\t\t<img decoding=\"async\" width=\"950\" height=\"1010\" src=\"https:\/\/nimmerwo.ch\/wp-content\/uploads\/2021\/10\/AAT.png\" class=\"attachment-large size-large wp-image-7683\" alt=\"\" srcset=\"https:\/\/nimmerwo.ch\/wp-content\/uploads\/2021\/10\/AAT.png 950w, https:\/\/nimmerwo.ch\/wp-content\/uploads\/2021\/10\/AAT-282x300.png 282w, https:\/\/nimmerwo.ch\/wp-content\/uploads\/2021\/10\/AAT-768x817.png 768w, https:\/\/nimmerwo.ch\/wp-content\/uploads\/2021\/10\/AAT-11x12.png 11w\" sizes=\"(max-width: 950px) 100vw, 950px\" \/>\t\t\t\t\t\t\t\t<\/a>\n\t\t\t\t\t\t\t\t\t\t\t\t\t\t\t<\/div>\n\t\t\t\t<\/div>\n\t\t\t\t<div class=\"elementor-element elementor-element-2150272 elementor-widget elementor-widget-toggle\" data-id=\"2150272\" data-element_type=\"widget\" data-e-type=\"widget\" data-widget_type=\"toggle.default\">\n\t\t\t\t<div class=\"elementor-widget-container\">\n\t\t\t\t\t\t\t<div class=\"elementor-toggle\">\n\t\t\t\t\t\t\t<div class=\"elementor-toggle-item\">\n\t\t\t\t\t<div id=\"elementor-tab-title-3491\" class=\"elementor-tab-title\" data-tab=\"1\" role=\"button\" aria-controls=\"elementor-tab-content-3491\" aria-expanded=\"false\">\n\t\t\t\t\t\t\t\t\t\t\t\t<span class=\"elementor-toggle-icon elementor-toggle-icon-left\" aria-hidden=\"true\">\n\t\t\t\t\t\t\t\t\t\t\t\t\t\t\t<span class=\"elementor-toggle-icon-closed\"><i class=\"fas fa-caret-right\"><\/i><\/span>\n\t\t\t\t\t\t\t\t<span class=\"elementor-toggle-icon-opened\"><i class=\"elementor-toggle-icon-opened fas fa-caret-up\"><\/i><\/span>\n\t\t\t\t\t\t\t\t\t\t\t\t\t<\/span>\n\t\t\t\t\t\t\t\t\t\t\t\t<a class=\"elementor-toggle-title\" tabindex=\"0\">Die Etappen 1 - 23<\/a>\n\t\t\t\t\t<\/div>\n\n\t\t\t\t\t<div id=\"elementor-tab-content-3491\" class=\"elementor-tab-content elementor-clearfix\" data-tab=\"1\" role=\"region\" aria-labelledby=\"elementor-tab-title-3491\"><p style=\"text-align: left;\">Von den \u00f6sterreichischen Alpen bis nach Kranjska Gora, der Anfang des Trails, den wir nicht gewandert sind. Vollst\u00e4ndigkeitshalber zeigen wir ihn hier trotzdem:<\/p><p><img decoding=\"async\" class=\"aligncenter wp-image-7684 size-full\" src=\"https:\/\/nimmerwo.ch\/wp-content\/uploads\/2021\/10\/aatnichtgemacht.png\" alt=\"\" width=\"1024\" height=\"623\" srcset=\"https:\/\/nimmerwo.ch\/wp-content\/uploads\/2021\/10\/aatnichtgemacht.png 1024w, https:\/\/nimmerwo.ch\/wp-content\/uploads\/2021\/10\/aatnichtgemacht-300x183.png 300w, https:\/\/nimmerwo.ch\/wp-content\/uploads\/2021\/10\/aatnichtgemacht-768x467.png 768w, https:\/\/nimmerwo.ch\/wp-content\/uploads\/2021\/10\/aatnichtgemacht-18x12.png 18w\" sizes=\"(max-width: 1024px) 100vw, 1024px\" \/><\/p><\/div>\n\t\t\t\t<\/div>\n\t\t\t\t\t\t\t\t<\/div>\n\t\t\t\t\t\t<\/div>\n\t\t\t\t<\/div>\n\t\t\t\t<div class=\"elementor-element elementor-element-7d1f651 elementor-widget elementor-widget-spacer\" data-id=\"7d1f651\" data-element_type=\"widget\" data-e-type=\"widget\" data-widget_type=\"spacer.default\">\n\t\t\t\t<div class=\"elementor-widget-container\">\n\t\t\t\t\t\t\t<div class=\"elementor-spacer\">\n\t\t\t<div class=\"elementor-spacer-inner\"><\/div>\n\t\t<\/div>\n\t\t\t\t\t\t<\/div>\n\t\t\t\t<\/div>\n\t\t\t\t<div class=\"elementor-element elementor-element-21b1e52 elementor-widget elementor-widget-text-editor\" data-id=\"21b1e52\" data-element_type=\"widget\" data-e-type=\"widget\" data-widget_type=\"text-editor.default\">\n\t\t\t\t<div class=\"elementor-widget-container\">\n\t\t\t\t\t\t\t\t\t<h3>Tag 1 &#8211; Etappe 2 des Juliana Trails, 2.4 km &#8211; Ankunft<\/h3><p>Etappe 2 des <em>Juliana Trails<\/em>? Ist dieser Bericht nicht \u00fcber den Alpe Adria Trail? Doch, ist er. Aber als wir mit dem Zug von Flims aus der Schweiz \u00fcber Sargans, Schwarach St. Veit und Villach in Jesenice, der ersten slowenischen Haltestelle erreichen, wissen wir noch nicht, dass wir den Alpe Adria Trail begehen w\u00fcrden.<\/p>\t\t\t\t\t\t\t\t<\/div>\n\t\t\t\t<\/div>\n\t\t\t\t<div class=\"elementor-element elementor-element-1e2ba2d elementor-widget elementor-widget-image\" data-id=\"1e2ba2d\" data-element_type=\"widget\" data-e-type=\"widget\" data-widget_type=\"image.default\">\n\t\t\t\t<div class=\"elementor-widget-container\">\n\t\t\t\t\t\t\t\t\t\t\t\t\t\t\t\t<a href=\"https:\/\/nimmerwo.ch\/wp-content\/uploads\/2021\/10\/DSC05811.jpg\" data-elementor-open-lightbox=\"yes\" data-e-action-hash=\"#elementor-action%3Aaction%3Dlightbox%26settings%3DeyJpZCI6NzUwNiwidXJsIjoiaHR0cHM6XC9cL25pbW1lcndvLmNoXC93cC1jb250ZW50XC91cGxvYWRzXC8yMDIxXC8xMFwvRFNDMDU4MTEuanBnIn0%3D\">\n\t\t\t\t\t\t\t<img loading=\"lazy\" decoding=\"async\" width=\"1024\" height=\"682\" src=\"https:\/\/nimmerwo.ch\/wp-content\/uploads\/2021\/10\/DSC05811.jpg\" class=\"attachment-full size-full wp-image-7506\" alt=\"\" srcset=\"https:\/\/nimmerwo.ch\/wp-content\/uploads\/2021\/10\/DSC05811.jpg 1024w, https:\/\/nimmerwo.ch\/wp-content\/uploads\/2021\/10\/DSC05811-300x200.jpg 300w, https:\/\/nimmerwo.ch\/wp-content\/uploads\/2021\/10\/DSC05811-768x512.jpg 768w, https:\/\/nimmerwo.ch\/wp-content\/uploads\/2021\/10\/DSC05811-18x12.jpg 18w\" sizes=\"(max-width: 1024px) 100vw, 1024px\" \/>\t\t\t\t\t\t\t\t<\/a>\n\t\t\t\t\t\t\t\t\t\t\t\t\t\t\t<\/div>\n\t\t\t\t<\/div>\n\t\t\t\t<div class=\"elementor-element elementor-element-07b8c4a elementor-widget elementor-widget-text-editor\" data-id=\"07b8c4a\" data-element_type=\"widget\" data-e-type=\"widget\" data-widget_type=\"text-editor.default\">\n\t\t\t\t<div class=\"elementor-widget-container\">\n\t\t\t\t\t\t\t\t\t<p>Nat\u00fcrlich haben wir uns in Flims ein wenig \u00fcber Slowenien informiert und doch schon einmal vom Juliana und vom Alpe Adria Trail geh\u00f6rt. Trotzdem wissen wir bisher nur, dass wir in den Triglav Nationalpark und an die So\u010da wollen.<\/p><p>So steigen wir also in Jesenice um 18.00 Uhr mit einer halben Stunde Versp\u00e4tung aus, sattelen unsere Rucks\u00e4cke zum ersten Mal und marschieren los durch das von der Sonne gold-rot beleuchtete St\u00e4dtchen.<\/p>\t\t\t\t\t\t\t\t<\/div>\n\t\t\t\t<\/div>\n\t\t\t\t<div class=\"elementor-element elementor-element-5d3aa66 elementor-widget elementor-widget-image\" data-id=\"5d3aa66\" data-element_type=\"widget\" data-e-type=\"widget\" data-widget_type=\"image.default\">\n\t\t\t\t<div class=\"elementor-widget-container\">\n\t\t\t\t\t\t\t\t\t\t\t\t\t\t\t\t<a href=\"https:\/\/nimmerwo.ch\/wp-content\/uploads\/2021\/10\/DSC05813.jpg\" data-elementor-open-lightbox=\"yes\" data-e-action-hash=\"#elementor-action%3Aaction%3Dlightbox%26settings%3DeyJpZCI6NzUwNywidXJsIjoiaHR0cHM6XC9cL25pbW1lcndvLmNoXC93cC1jb250ZW50XC91cGxvYWRzXC8yMDIxXC8xMFwvRFNDMDU4MTMuanBnIn0%3D\">\n\t\t\t\t\t\t\t<img loading=\"lazy\" decoding=\"async\" width=\"1024\" height=\"682\" src=\"https:\/\/nimmerwo.ch\/wp-content\/uploads\/2021\/10\/DSC05813.jpg\" class=\"attachment-full size-full wp-image-7507\" alt=\"\" srcset=\"https:\/\/nimmerwo.ch\/wp-content\/uploads\/2021\/10\/DSC05813.jpg 1024w, https:\/\/nimmerwo.ch\/wp-content\/uploads\/2021\/10\/DSC05813-300x200.jpg 300w, https:\/\/nimmerwo.ch\/wp-content\/uploads\/2021\/10\/DSC05813-768x512.jpg 768w, https:\/\/nimmerwo.ch\/wp-content\/uploads\/2021\/10\/DSC05813-18x12.jpg 18w\" sizes=\"(max-width: 1024px) 100vw, 1024px\" \/>\t\t\t\t\t\t\t\t<\/a>\n\t\t\t\t\t\t\t\t\t\t\t\t\t\t\t<\/div>\n\t\t\t\t<\/div>\n\t\t\t\t<div class=\"elementor-element elementor-element-06945f9 elementor-widget elementor-widget-text-editor\" data-id=\"06945f9\" data-element_type=\"widget\" data-e-type=\"widget\" data-widget_type=\"text-editor.default\">\n\t\t\t\t<div class=\"elementor-widget-container\">\n\t\t\t\t\t\t\t\t\t<p>Bald befinden wir uns auf einem steilen Waldpfad. Wir folgen den Juliana-Trail-Wegweisern, bis wir eine versteckte gr\u00fcne Weide finden; ideal zum campieren.<\/p><p>\u00dcbrigens, wenn du den Beitrag \u00fcber den <em>Juliana Trail<\/em> noch nicht gelesen hast, <a href=\"https:\/\/nimmerwo.ch\/juliana-trail-slowenien\/\">kannst du dies hier nachholen.<\/a><\/p>\t\t\t\t\t\t\t\t<\/div>\n\t\t\t\t<\/div>\n\t\t\t\t\t<\/div>\n\t\t<\/div>\n\t\t\t\t\t<\/div>\n\t\t<\/section>\n\t\t\t\t<section class=\"elementor-section elementor-top-section elementor-element elementor-element-a19ee14 elementor-section-boxed elementor-section-height-default elementor-section-height-default\" data-id=\"a19ee14\" data-element_type=\"section\" data-e-type=\"section\">\n\t\t\t\t\t\t<div class=\"elementor-container elementor-column-gap-default\">\n\t\t\t\t\t<div class=\"elementor-column elementor-col-100 elementor-top-column elementor-element elementor-element-cda512b\" data-id=\"cda512b\" data-element_type=\"column\" data-e-type=\"column\">\n\t\t\t<div class=\"elementor-widget-wrap elementor-element-populated\">\n\t\t\t\t\t\t<div class=\"elementor-element elementor-element-96d7e54 elementor-widget elementor-widget-image\" data-id=\"96d7e54\" data-element_type=\"widget\" data-e-type=\"widget\" data-widget_type=\"image.default\">\n\t\t\t\t<div class=\"elementor-widget-container\">\n\t\t\t\t\t\t\t\t\t\t\t\t\t\t\t\t<a href=\"https:\/\/nimmerwo.ch\/wp-content\/uploads\/2021\/10\/1.jpg\" data-elementor-open-lightbox=\"yes\" data-e-action-hash=\"#elementor-action%3Aaction%3Dlightbox%26settings%3DeyJpZCI6NzUxOSwidXJsIjoiaHR0cHM6XC9cL25pbW1lcndvLmNoXC93cC1jb250ZW50XC91cGxvYWRzXC8yMDIxXC8xMFwvMS5qcGcifQ%3D%3D\">\n\t\t\t\t\t\t\t<img loading=\"lazy\" decoding=\"async\" width=\"537\" height=\"1024\" src=\"https:\/\/nimmerwo.ch\/wp-content\/uploads\/2021\/10\/1.jpg\" class=\"attachment-full size-full wp-image-7519\" alt=\"\" srcset=\"https:\/\/nimmerwo.ch\/wp-content\/uploads\/2021\/10\/1.jpg 537w, https:\/\/nimmerwo.ch\/wp-content\/uploads\/2021\/10\/1-157x300.jpg 157w, https:\/\/nimmerwo.ch\/wp-content\/uploads\/2021\/10\/1-6x12.jpg 6w\" sizes=\"(max-width: 537px) 100vw, 537px\" \/>\t\t\t\t\t\t\t\t<\/a>\n\t\t\t\t\t\t\t\t\t\t\t\t\t\t\t<\/div>\n\t\t\t\t<\/div>\n\t\t\t\t<div class=\"elementor-element elementor-element-d98bfce elementor-widget elementor-widget-text-editor\" data-id=\"d98bfce\" data-element_type=\"widget\" data-e-type=\"widget\" data-widget_type=\"text-editor.default\">\n\t\t\t\t<div class=\"elementor-widget-container\">\n\t\t\t\t\t\t\t\t\t<h3 style=\"text-align: center;\">Highlight des Tages<\/h3><p style=\"text-align: center;\"><em>Das Gef\u00fchl in Slowenien angekommen zu sein und die erste Nacht im Zelt.<\/em><\/p>\t\t\t\t\t\t\t\t<\/div>\n\t\t\t\t<\/div>\n\t\t\t\t\t<\/div>\n\t\t<\/div>\n\t\t\t\t\t<\/div>\n\t\t<\/section>\n\t\t\t\t<section class=\"elementor-section elementor-top-section elementor-element elementor-element-8e3baa6 elementor-section-boxed elementor-section-height-default elementor-section-height-default\" data-id=\"8e3baa6\" data-element_type=\"section\" data-e-type=\"section\">\n\t\t\t\t\t\t<div class=\"elementor-container elementor-column-gap-default\">\n\t\t\t\t\t<div class=\"elementor-column elementor-col-100 elementor-top-column elementor-element elementor-element-945dc62\" data-id=\"945dc62\" data-element_type=\"column\" data-e-type=\"column\">\n\t\t\t<div class=\"elementor-widget-wrap elementor-element-populated\">\n\t\t\t\t\t\t<div class=\"elementor-element elementor-element-f740a5d elementor-widget-divider--view-line elementor-widget elementor-widget-divider\" data-id=\"f740a5d\" data-element_type=\"widget\" data-e-type=\"widget\" data-widget_type=\"divider.default\">\n\t\t\t\t<div class=\"elementor-widget-container\">\n\t\t\t\t\t\t\t<div class=\"elementor-divider\">\n\t\t\t<span class=\"elementor-divider-separator\">\n\t\t\t\t\t\t<\/span>\n\t\t<\/div>\n\t\t\t\t\t\t<\/div>\n\t\t\t\t<\/div>\n\t\t\t\t<div class=\"elementor-element elementor-element-7fb7cc6 elementor-widget elementor-widget-text-editor\" data-id=\"7fb7cc6\" data-element_type=\"widget\" data-e-type=\"widget\" data-widget_type=\"text-editor.default\">\n\t\t\t\t<div class=\"elementor-widget-container\">\n\t\t\t\t\t\t\t\t\t<h3>Tag 2 &#8211; Etappe 2\/1 des Juliana Trails, 19 km &#8211; Erster Fernwandertag<\/h3>\n<p>Es hat etwas geregnet letzten Abend, obwohl wir gehofft hatten, dem nassen schweizer Sommer entwischt zu sein.<\/p>\n<p>Heute wachen wir bei tief liegenden Wolken auf, trinken Kaffee und machen uns an unseren ersten langen Wandertag.<\/p>\n<p>Auf und ab f\u00fchrt uns der Weg durch die H\u00fcgel der julischen Alpen entlang der slowenisch-\u00f6sterreichischen Grenze durch verschlafene D\u00f6rfer, W\u00e4ldchen und Bauernh\u00f6fe.<\/p>\t\t\t\t\t\t\t\t<\/div>\n\t\t\t\t<\/div>\n\t\t\t\t<div class=\"elementor-element elementor-element-18ceb2c elementor-widget elementor-widget-image\" data-id=\"18ceb2c\" data-element_type=\"widget\" data-e-type=\"widget\" data-widget_type=\"image.default\">\n\t\t\t\t<div class=\"elementor-widget-container\">\n\t\t\t\t\t\t\t\t\t\t\t\t\t\t\t\t<a href=\"https:\/\/nimmerwo.ch\/wp-content\/uploads\/2021\/10\/DSC05819.jpg\" data-elementor-open-lightbox=\"yes\" data-elementor-lightbox-description=\"Knapp zu erkennen: Der gelbe Wanderpunkt an dieser Heuharfe, das in Slowenien omnipresente Heutrocknungsinstrument\" data-e-action-hash=\"#elementor-action%3Aaction%3Dlightbox%26settings%3DeyJpZCI6NzUwOCwidXJsIjoiaHR0cHM6XC9cL25pbW1lcndvLmNoXC93cC1jb250ZW50XC91cGxvYWRzXC8yMDIxXC8xMFwvRFNDMDU4MTkuanBnIn0%3D\">\n\t\t\t\t\t\t\t<img loading=\"lazy\" decoding=\"async\" width=\"1024\" height=\"682\" src=\"https:\/\/nimmerwo.ch\/wp-content\/uploads\/2021\/10\/DSC05819.jpg\" class=\"attachment-full size-full wp-image-7508\" alt=\"\" srcset=\"https:\/\/nimmerwo.ch\/wp-content\/uploads\/2021\/10\/DSC05819.jpg 1024w, https:\/\/nimmerwo.ch\/wp-content\/uploads\/2021\/10\/DSC05819-300x200.jpg 300w, https:\/\/nimmerwo.ch\/wp-content\/uploads\/2021\/10\/DSC05819-768x512.jpg 768w, https:\/\/nimmerwo.ch\/wp-content\/uploads\/2021\/10\/DSC05819-18x12.jpg 18w\" sizes=\"(max-width: 1024px) 100vw, 1024px\" \/>\t\t\t\t\t\t\t\t<\/a>\n\t\t\t\t\t\t\t\t\t\t\t\t\t\t\t<\/div>\n\t\t\t\t<\/div>\n\t\t\t\t<div class=\"elementor-element elementor-element-d381cf9 elementor-widget elementor-widget-text-editor\" data-id=\"d381cf9\" data-element_type=\"widget\" data-e-type=\"widget\" data-widget_type=\"text-editor.default\">\n\t\t\t\t<div class=\"elementor-widget-container\">\n\t\t\t\t\t\t\t\t\t<p>Bald merken wir, dass wir den gelben Punkten folgen k\u00f6nnen, die das Equivalent unseres gelben Wanderzeichen-Diamanten in der Schweiz zu sein scheinen.<\/p><p>Es beginnt wieder an zu nieseln. Fr\u00fcher als erhofft, erweisen sich unsere Ponchos als idealer Regenschutz.<\/p>\t\t\t\t\t\t\t\t<\/div>\n\t\t\t\t<\/div>\n\t\t\t\t<div class=\"elementor-element elementor-element-729f2b1 elementor-widget elementor-widget-image\" data-id=\"729f2b1\" data-element_type=\"widget\" data-e-type=\"widget\" data-widget_type=\"image.default\">\n\t\t\t\t<div class=\"elementor-widget-container\">\n\t\t\t\t\t\t\t\t\t\t\t\t\t\t\t\t<a href=\"https:\/\/nimmerwo.ch\/wp-content\/uploads\/2021\/10\/DSC05828.jpg\" data-elementor-open-lightbox=\"yes\" data-e-action-hash=\"#elementor-action%3Aaction%3Dlightbox%26settings%3DeyJpZCI6NzUwOSwidXJsIjoiaHR0cHM6XC9cL25pbW1lcndvLmNoXC93cC1jb250ZW50XC91cGxvYWRzXC8yMDIxXC8xMFwvRFNDMDU4MjguanBnIn0%3D\">\n\t\t\t\t\t\t\t<img loading=\"lazy\" decoding=\"async\" width=\"1024\" height=\"576\" src=\"https:\/\/nimmerwo.ch\/wp-content\/uploads\/2021\/10\/DSC05828.jpg\" class=\"attachment-full size-full wp-image-7509\" alt=\"\" srcset=\"https:\/\/nimmerwo.ch\/wp-content\/uploads\/2021\/10\/DSC05828.jpg 1024w, https:\/\/nimmerwo.ch\/wp-content\/uploads\/2021\/10\/DSC05828-300x169.jpg 300w, https:\/\/nimmerwo.ch\/wp-content\/uploads\/2021\/10\/DSC05828-768x432.jpg 768w, https:\/\/nimmerwo.ch\/wp-content\/uploads\/2021\/10\/DSC05828-18x10.jpg 18w\" sizes=\"(max-width: 1024px) 100vw, 1024px\" \/>\t\t\t\t\t\t\t\t<\/a>\n\t\t\t\t\t\t\t\t\t\t\t\t\t\t\t<\/div>\n\t\t\t\t<\/div>\n\t\t\t\t<div class=\"elementor-element elementor-element-ca1f7f7 elementor-widget elementor-widget-text-editor\" data-id=\"ca1f7f7\" data-element_type=\"widget\" data-e-type=\"widget\" data-widget_type=\"text-editor.default\">\n\t\t\t\t<div class=\"elementor-widget-container\">\n\t\t\t\t\t\t\t\t\t<p>Es geht ins Tal an die Save und ins Dorf Mojstrana. Dort kaufen wir ein erstes Mal in einem Merkator ein und trocknen uns an der w\u00e4rmenden Sonne.<\/p><p>Wir wandern weiter entlang des Flusses und ahnen gar nicht, wie nah wir schon am Triglav Nationalpark sind.<\/p>\t\t\t\t\t\t\t\t<\/div>\n\t\t\t\t<\/div>\n\t\t\t\t<div class=\"elementor-element elementor-element-ee440bd elementor-widget elementor-widget-image\" data-id=\"ee440bd\" data-element_type=\"widget\" data-e-type=\"widget\" data-widget_type=\"image.default\">\n\t\t\t\t<div class=\"elementor-widget-container\">\n\t\t\t\t\t\t\t\t\t\t\t\t\t\t\t\t<a href=\"https:\/\/nimmerwo.ch\/wp-content\/uploads\/2021\/10\/DSC05836.jpg\" data-elementor-open-lightbox=\"yes\" data-e-action-hash=\"#elementor-action%3Aaction%3Dlightbox%26settings%3DeyJpZCI6NzUxMCwidXJsIjoiaHR0cHM6XC9cL25pbW1lcndvLmNoXC93cC1jb250ZW50XC91cGxvYWRzXC8yMDIxXC8xMFwvRFNDMDU4MzYuanBnIn0%3D\">\n\t\t\t\t\t\t\t<img loading=\"lazy\" decoding=\"async\" width=\"1024\" height=\"682\" src=\"https:\/\/nimmerwo.ch\/wp-content\/uploads\/2021\/10\/DSC05836.jpg\" class=\"attachment-full size-full wp-image-7510\" alt=\"\" srcset=\"https:\/\/nimmerwo.ch\/wp-content\/uploads\/2021\/10\/DSC05836.jpg 1024w, https:\/\/nimmerwo.ch\/wp-content\/uploads\/2021\/10\/DSC05836-300x200.jpg 300w, https:\/\/nimmerwo.ch\/wp-content\/uploads\/2021\/10\/DSC05836-768x512.jpg 768w, https:\/\/nimmerwo.ch\/wp-content\/uploads\/2021\/10\/DSC05836-18x12.jpg 18w\" sizes=\"(max-width: 1024px) 100vw, 1024px\" \/>\t\t\t\t\t\t\t\t<\/a>\n\t\t\t\t\t\t\t\t\t\t\t\t\t\t\t<\/div>\n\t\t\t\t<\/div>\n\t\t\t\t<div class=\"elementor-element elementor-element-955e2f2 elementor-widget elementor-widget-text-editor\" data-id=\"955e2f2\" data-element_type=\"widget\" data-e-type=\"widget\" data-widget_type=\"text-editor.default\">\n\t\t\t\t<div class=\"elementor-widget-container\">\n\t\t\t\t\t\t\t\t\t<p>Das realisieren wir erst, als wir das Zelt bereits aufgestellt haben und neben uns ein im Busch verstecktes Nationalparkschild entdecken, auf dem u.a. darauf hingewiesen wir, nicht im Park wild zu campen. Gut, dass wir uns gerade noch ein paar Meter ausserhalb befinden!<\/p>\t\t\t\t\t\t\t\t<\/div>\n\t\t\t\t<\/div>\n\t\t\t\t<div class=\"elementor-element elementor-element-57936f3 elementor-widget elementor-widget-image\" data-id=\"57936f3\" data-element_type=\"widget\" data-e-type=\"widget\" data-widget_type=\"image.default\">\n\t\t\t\t<div class=\"elementor-widget-container\">\n\t\t\t\t\t\t\t\t\t\t\t\t\t\t\t\t<a href=\"https:\/\/nimmerwo.ch\/wp-content\/uploads\/2021\/10\/DSC05843.jpg\" data-elementor-open-lightbox=\"yes\" data-e-action-hash=\"#elementor-action%3Aaction%3Dlightbox%26settings%3DeyJpZCI6NzUxMSwidXJsIjoiaHR0cHM6XC9cL25pbW1lcndvLmNoXC93cC1jb250ZW50XC91cGxvYWRzXC8yMDIxXC8xMFwvRFNDMDU4NDMuanBnIn0%3D\">\n\t\t\t\t\t\t\t<img loading=\"lazy\" decoding=\"async\" width=\"1024\" height=\"682\" src=\"https:\/\/nimmerwo.ch\/wp-content\/uploads\/2021\/10\/DSC05843.jpg\" class=\"attachment-full size-full wp-image-7511\" alt=\"\" srcset=\"https:\/\/nimmerwo.ch\/wp-content\/uploads\/2021\/10\/DSC05843.jpg 1024w, https:\/\/nimmerwo.ch\/wp-content\/uploads\/2021\/10\/DSC05843-300x200.jpg 300w, https:\/\/nimmerwo.ch\/wp-content\/uploads\/2021\/10\/DSC05843-768x512.jpg 768w, https:\/\/nimmerwo.ch\/wp-content\/uploads\/2021\/10\/DSC05843-18x12.jpg 18w\" sizes=\"(max-width: 1024px) 100vw, 1024px\" \/>\t\t\t\t\t\t\t\t<\/a>\n\t\t\t\t\t\t\t\t\t\t\t\t\t\t\t<\/div>\n\t\t\t\t<\/div>\n\t\t\t\t<div class=\"elementor-element elementor-element-a136013 elementor-widget elementor-widget-text-editor\" data-id=\"a136013\" data-element_type=\"widget\" data-e-type=\"widget\" data-widget_type=\"text-editor.default\">\n\t\t\t\t<div class=\"elementor-widget-container\">\n\t\t\t\t\t\t\t\t\t<p>Es wird eine regnerische Nacht. Auf dem Niederschlagsradar sehen wir immer neue Fronten aus dem Westen auf uns anst\u00fcrmen.<\/p><p>Wir werweisen, was wir tun sollen. Es sieht in den n\u00e4chsten Tagen nicht nach Besserung aus. Irgendein Zimmer suchen und ein paar Tage die Sonne abwarten? Oder einfach in den Bus sitzen und weiter in den S\u00fcden oder Osten fahren?<\/p>\t\t\t\t\t\t\t\t<\/div>\n\t\t\t\t<\/div>\n\t\t\t\t<div class=\"elementor-element elementor-element-fdf91c3 elementor-widget elementor-widget-image\" data-id=\"fdf91c3\" data-element_type=\"widget\" data-e-type=\"widget\" data-widget_type=\"image.default\">\n\t\t\t\t<div class=\"elementor-widget-container\">\n\t\t\t\t\t\t\t\t\t\t\t\t\t\t\t\t<a href=\"https:\/\/nimmerwo.ch\/wp-content\/uploads\/2021\/10\/DSC05856.jpg\" data-elementor-open-lightbox=\"yes\" data-e-action-hash=\"#elementor-action%3Aaction%3Dlightbox%26settings%3DeyJpZCI6NzUxMiwidXJsIjoiaHR0cHM6XC9cL25pbW1lcndvLmNoXC93cC1jb250ZW50XC91cGxvYWRzXC8yMDIxXC8xMFwvRFNDMDU4NTYuanBnIn0%3D\">\n\t\t\t\t\t\t\t<img loading=\"lazy\" decoding=\"async\" width=\"1024\" height=\"682\" src=\"https:\/\/nimmerwo.ch\/wp-content\/uploads\/2021\/10\/DSC05856.jpg\" class=\"attachment-full size-full wp-image-7512\" alt=\"\" srcset=\"https:\/\/nimmerwo.ch\/wp-content\/uploads\/2021\/10\/DSC05856.jpg 1024w, https:\/\/nimmerwo.ch\/wp-content\/uploads\/2021\/10\/DSC05856-300x200.jpg 300w, https:\/\/nimmerwo.ch\/wp-content\/uploads\/2021\/10\/DSC05856-768x512.jpg 768w, https:\/\/nimmerwo.ch\/wp-content\/uploads\/2021\/10\/DSC05856-18x12.jpg 18w\" sizes=\"(max-width: 1024px) 100vw, 1024px\" \/>\t\t\t\t\t\t\t\t<\/a>\n\t\t\t\t\t\t\t\t\t\t\t\t\t\t\t<\/div>\n\t\t\t\t<\/div>\n\t\t\t\t<div class=\"elementor-element elementor-element-8e64e71 elementor-widget elementor-widget-text-editor\" data-id=\"8e64e71\" data-element_type=\"widget\" data-e-type=\"widget\" data-widget_type=\"text-editor.default\">\n\t\t\t\t<div class=\"elementor-widget-container\">\n\t\t\t\t\t\t\t\t\t<p>Wie sich herausstellen sollte, werden wir beides tun, zumindest ein bisschen.<\/p>\t\t\t\t\t\t\t\t<\/div>\n\t\t\t\t<\/div>\n\t\t\t\t\t<\/div>\n\t\t<\/div>\n\t\t\t\t\t<\/div>\n\t\t<\/section>\n\t\t\t\t<section class=\"elementor-section elementor-top-section elementor-element elementor-element-b5e6d2f elementor-section-boxed elementor-section-height-default elementor-section-height-default\" data-id=\"b5e6d2f\" data-element_type=\"section\" data-e-type=\"section\">\n\t\t\t\t\t\t<div class=\"elementor-container elementor-column-gap-default\">\n\t\t\t\t\t<div class=\"elementor-column elementor-col-100 elementor-top-column elementor-element elementor-element-ac4db39\" data-id=\"ac4db39\" data-element_type=\"column\" data-e-type=\"column\">\n\t\t\t<div class=\"elementor-widget-wrap elementor-element-populated\">\n\t\t\t\t\t\t<div class=\"elementor-element elementor-element-d1bf5d3 elementor-widget elementor-widget-image\" data-id=\"d1bf5d3\" data-element_type=\"widget\" data-e-type=\"widget\" data-widget_type=\"image.default\">\n\t\t\t\t<div class=\"elementor-widget-container\">\n\t\t\t\t\t\t\t\t\t\t\t\t\t\t\t\t<a href=\"https:\/\/nimmerwo.ch\/wp-content\/uploads\/2021\/10\/2.jpg\" data-elementor-open-lightbox=\"yes\" data-e-action-hash=\"#elementor-action%3Aaction%3Dlightbox%26settings%3DeyJpZCI6NzUyMCwidXJsIjoiaHR0cHM6XC9cL25pbW1lcndvLmNoXC93cC1jb250ZW50XC91cGxvYWRzXC8yMDIxXC8xMFwvMi5qcGcifQ%3D%3D\">\n\t\t\t\t\t\t\t<img loading=\"lazy\" decoding=\"async\" width=\"1024\" height=\"367\" src=\"https:\/\/nimmerwo.ch\/wp-content\/uploads\/2021\/10\/2.jpg\" class=\"attachment-full size-full wp-image-7520\" alt=\"\" srcset=\"https:\/\/nimmerwo.ch\/wp-content\/uploads\/2021\/10\/2.jpg 1024w, https:\/\/nimmerwo.ch\/wp-content\/uploads\/2021\/10\/2-300x108.jpg 300w, https:\/\/nimmerwo.ch\/wp-content\/uploads\/2021\/10\/2-768x275.jpg 768w, https:\/\/nimmerwo.ch\/wp-content\/uploads\/2021\/10\/2-18x6.jpg 18w\" sizes=\"(max-width: 1024px) 100vw, 1024px\" \/>\t\t\t\t\t\t\t\t<\/a>\n\t\t\t\t\t\t\t\t\t\t\t\t\t\t\t<\/div>\n\t\t\t\t<\/div>\n\t\t\t\t\t<\/div>\n\t\t<\/div>\n\t\t\t\t\t<\/div>\n\t\t<\/section>\n\t\t\t\t<section class=\"elementor-section elementor-top-section elementor-element elementor-element-d3c2af7 elementor-section-boxed elementor-section-height-default elementor-section-height-default\" data-id=\"d3c2af7\" data-element_type=\"section\" data-e-type=\"section\">\n\t\t\t\t\t\t<div class=\"elementor-container elementor-column-gap-default\">\n\t\t\t\t\t<div class=\"elementor-column elementor-col-100 elementor-top-column elementor-element elementor-element-42f094e\" data-id=\"42f094e\" data-element_type=\"column\" data-e-type=\"column\">\n\t\t\t<div class=\"elementor-widget-wrap elementor-element-populated\">\n\t\t\t\t\t\t<div class=\"elementor-element elementor-element-50f9c58 elementor-widget elementor-widget-text-editor\" data-id=\"50f9c58\" data-element_type=\"widget\" data-e-type=\"widget\" data-widget_type=\"text-editor.default\">\n\t\t\t\t<div class=\"elementor-widget-container\">\n\t\t\t\t\t\t\t\t\t<h3 style=\"text-align: center;\">Highlight des Tages<\/h3><p style=\"text-align: center;\"><em>Die Sonne, als sie am Mittag endlich durch die Wolken bricht und W\u00e4rme bringt.<\/em><\/p>\t\t\t\t\t\t\t\t<\/div>\n\t\t\t\t<\/div>\n\t\t\t\t\t<\/div>\n\t\t<\/div>\n\t\t\t\t\t<\/div>\n\t\t<\/section>\n\t\t\t\t<section class=\"elementor-section elementor-top-section elementor-element elementor-element-7300bfe elementor-section-boxed elementor-section-height-default elementor-section-height-default\" data-id=\"7300bfe\" data-element_type=\"section\" data-e-type=\"section\">\n\t\t\t\t\t\t<div class=\"elementor-container elementor-column-gap-default\">\n\t\t\t\t\t<div class=\"elementor-column elementor-col-100 elementor-top-column elementor-element elementor-element-7f59feb\" data-id=\"7f59feb\" data-element_type=\"column\" data-e-type=\"column\">\n\t\t\t<div class=\"elementor-widget-wrap elementor-element-populated\">\n\t\t\t\t\t\t<div class=\"elementor-element elementor-element-9a8e1d1 elementor-widget-divider--view-line elementor-widget elementor-widget-divider\" data-id=\"9a8e1d1\" data-element_type=\"widget\" data-e-type=\"widget\" data-widget_type=\"divider.default\">\n\t\t\t\t<div class=\"elementor-widget-container\">\n\t\t\t\t\t\t\t<div class=\"elementor-divider\">\n\t\t\t<span class=\"elementor-divider-separator\">\n\t\t\t\t\t\t<\/span>\n\t\t<\/div>\n\t\t\t\t\t\t<\/div>\n\t\t\t\t<\/div>\n\t\t\t\t<div class=\"elementor-element elementor-element-200688d elementor-widget elementor-widget-text-editor\" data-id=\"200688d\" data-element_type=\"widget\" data-e-type=\"widget\" data-widget_type=\"text-editor.default\">\n\t\t\t\t<div class=\"elementor-widget-container\">\n\t\t\t\t\t\t\t\t\t<h3>Tag 3 &#8211; Etappe 1 des Juliana Trails, 14 km &#8211; Immer regnets, was nun?<\/h3><p>Wegen dem anhaltenden Regen haben wir schlecht geschlafen. Wie wunderbar ist es da, dass sich die Sonne bereits am Morgen wieder zeigt. Wir merken jetzt schon, am Morgen des dritten Tages, welch wichtige Rolle das Wetter auf unserer Wanderung spielt.<\/p>\t\t\t\t\t\t\t\t<\/div>\n\t\t\t\t<\/div>\n\t\t\t\t<div class=\"elementor-element elementor-element-9d337a3 elementor-widget elementor-widget-image\" data-id=\"9d337a3\" data-element_type=\"widget\" data-e-type=\"widget\" data-widget_type=\"image.default\">\n\t\t\t\t<div class=\"elementor-widget-container\">\n\t\t\t\t\t\t\t\t\t\t\t\t\t\t\t\t<a href=\"https:\/\/nimmerwo.ch\/wp-content\/uploads\/2021\/10\/DSC05857.jpg\" data-elementor-open-lightbox=\"yes\" data-e-action-hash=\"#elementor-action%3Aaction%3Dlightbox%26settings%3DeyJpZCI6NzUxMywidXJsIjoiaHR0cHM6XC9cL25pbW1lcndvLmNoXC93cC1jb250ZW50XC91cGxvYWRzXC8yMDIxXC8xMFwvRFNDMDU4NTcuanBnIn0%3D\">\n\t\t\t\t\t\t\t<img loading=\"lazy\" decoding=\"async\" width=\"1024\" height=\"682\" src=\"https:\/\/nimmerwo.ch\/wp-content\/uploads\/2021\/10\/DSC05857.jpg\" class=\"attachment-full size-full wp-image-7513\" alt=\"\" srcset=\"https:\/\/nimmerwo.ch\/wp-content\/uploads\/2021\/10\/DSC05857.jpg 1024w, https:\/\/nimmerwo.ch\/wp-content\/uploads\/2021\/10\/DSC05857-300x200.jpg 300w, https:\/\/nimmerwo.ch\/wp-content\/uploads\/2021\/10\/DSC05857-768x512.jpg 768w, https:\/\/nimmerwo.ch\/wp-content\/uploads\/2021\/10\/DSC05857-18x12.jpg 18w\" sizes=\"(max-width: 1024px) 100vw, 1024px\" \/>\t\t\t\t\t\t\t\t<\/a>\n\t\t\t\t\t\t\t\t\t\t\t\t\t\t\t<\/div>\n\t\t\t\t<\/div>\n\t\t\t\t<div class=\"elementor-element elementor-element-2532f85 elementor-widget elementor-widget-text-editor\" data-id=\"2532f85\" data-element_type=\"widget\" data-e-type=\"widget\" data-widget_type=\"text-editor.default\">\n\t\t\t\t<div class=\"elementor-widget-container\">\n\t\t\t\t\t\t\t\t\t<p>Es geht weiter vorbei an pittoresken Wasserf\u00e4llen, \u00fcber Bergfl\u00fcsse, durch moosige W\u00e4lder. Je n\u00e4her wir ans touristische St\u00e4dtchen Kranjska Gora kommen, desto mehr Wanderer und vor allem Fahrradfahrer treffen wir. Beinahe 100% von ihnen sind Tagesausfl\u00fcgler.<\/p>\t\t\t\t\t\t\t\t<\/div>\n\t\t\t\t<\/div>\n\t\t\t\t<div class=\"elementor-element elementor-element-fe35165 elementor-widget elementor-widget-image\" data-id=\"fe35165\" data-element_type=\"widget\" data-e-type=\"widget\" data-widget_type=\"image.default\">\n\t\t\t\t<div class=\"elementor-widget-container\">\n\t\t\t\t\t\t\t\t\t\t\t\t<figure class=\"wp-caption\">\n\t\t\t\t\t\t\t\t\t\t\t<a href=\"https:\/\/nimmerwo.ch\/wp-content\/uploads\/2021\/10\/DSC05873.jpg\" data-elementor-open-lightbox=\"yes\" data-elementor-lightbox-description=\"Kranjska Gora\" data-e-action-hash=\"#elementor-action%3Aaction%3Dlightbox%26settings%3DeyJpZCI6NzUxNCwidXJsIjoiaHR0cHM6XC9cL25pbW1lcndvLmNoXC93cC1jb250ZW50XC91cGxvYWRzXC8yMDIxXC8xMFwvRFNDMDU4NzMuanBnIn0%3D\">\n\t\t\t\t\t\t\t<img loading=\"lazy\" decoding=\"async\" width=\"1024\" height=\"682\" src=\"https:\/\/nimmerwo.ch\/wp-content\/uploads\/2021\/10\/DSC05873.jpg\" class=\"attachment-full size-full wp-image-7514\" alt=\"\" srcset=\"https:\/\/nimmerwo.ch\/wp-content\/uploads\/2021\/10\/DSC05873.jpg 1024w, https:\/\/nimmerwo.ch\/wp-content\/uploads\/2021\/10\/DSC05873-300x200.jpg 300w, https:\/\/nimmerwo.ch\/wp-content\/uploads\/2021\/10\/DSC05873-768x512.jpg 768w, https:\/\/nimmerwo.ch\/wp-content\/uploads\/2021\/10\/DSC05873-18x12.jpg 18w\" sizes=\"(max-width: 1024px) 100vw, 1024px\" \/>\t\t\t\t\t\t\t\t<\/a>\n\t\t\t\t\t\t\t\t\t\t\t<figcaption class=\"widget-image-caption wp-caption-text\">Kranjska Gora<\/figcaption>\n\t\t\t\t\t\t\t\t\t\t<\/figure>\n\t\t\t\t\t\t\t\t\t<\/div>\n\t\t\t\t<\/div>\n\t\t\t\t<div class=\"elementor-element elementor-element-380b325 elementor-widget elementor-widget-text-editor\" data-id=\"380b325\" data-element_type=\"widget\" data-e-type=\"widget\" data-widget_type=\"text-editor.default\">\n\t\t\t\t<div class=\"elementor-widget-container\">\n\t\t\t\t\t\t\t\t\t<p>Als wir schliesslich in Kranjska ankommen, erwartet uns dort ein herausgeputztes Dorf, erbaut am Fusse des malerischen Triglav Massifs.<\/p><p>So schlimm sieht das Wetter hier nicht aus. Wir entschliessen uns trotzdem, den Bus \u00fcber den hohen Pass hinuter ins So\u010datal zu nehmen.<\/p>\t\t\t\t\t\t\t\t<\/div>\n\t\t\t\t<\/div>\n\t\t\t\t<div class=\"elementor-element elementor-element-7bccf3e elementor-widget elementor-widget-image\" data-id=\"7bccf3e\" data-element_type=\"widget\" data-e-type=\"widget\" data-widget_type=\"image.default\">\n\t\t\t\t<div class=\"elementor-widget-container\">\n\t\t\t\t\t\t\t\t\t\t\t\t\t\t\t\t<a href=\"https:\/\/nimmerwo.ch\/wp-content\/uploads\/2021\/10\/DSC05875.jpg\" data-elementor-open-lightbox=\"yes\" data-e-action-hash=\"#elementor-action%3Aaction%3Dlightbox%26settings%3DeyJpZCI6NzUxNSwidXJsIjoiaHR0cHM6XC9cL25pbW1lcndvLmNoXC93cC1jb250ZW50XC91cGxvYWRzXC8yMDIxXC8xMFwvRFNDMDU4NzUuanBnIn0%3D\">\n\t\t\t\t\t\t\t<img loading=\"lazy\" decoding=\"async\" width=\"1024\" height=\"682\" src=\"https:\/\/nimmerwo.ch\/wp-content\/uploads\/2021\/10\/DSC05875.jpg\" class=\"attachment-full size-full wp-image-7515\" alt=\"\" srcset=\"https:\/\/nimmerwo.ch\/wp-content\/uploads\/2021\/10\/DSC05875.jpg 1024w, https:\/\/nimmerwo.ch\/wp-content\/uploads\/2021\/10\/DSC05875-300x200.jpg 300w, https:\/\/nimmerwo.ch\/wp-content\/uploads\/2021\/10\/DSC05875-768x512.jpg 768w, https:\/\/nimmerwo.ch\/wp-content\/uploads\/2021\/10\/DSC05875-18x12.jpg 18w\" sizes=\"(max-width: 1024px) 100vw, 1024px\" \/>\t\t\t\t\t\t\t\t<\/a>\n\t\t\t\t\t\t\t\t\t\t\t\t\t\t\t<\/div>\n\t\t\t\t<\/div>\n\t\t\t\t<div class=\"elementor-element elementor-element-8e64ce0 elementor-widget elementor-widget-image\" data-id=\"8e64ce0\" data-element_type=\"widget\" data-e-type=\"widget\" data-widget_type=\"image.default\">\n\t\t\t\t<div class=\"elementor-widget-container\">\n\t\t\t\t\t\t\t\t\t\t\t\t\t\t\t\t<a href=\"https:\/\/nimmerwo.ch\/wp-content\/uploads\/2021\/10\/DSC05882.jpg\" data-elementor-open-lightbox=\"yes\" data-e-action-hash=\"#elementor-action%3Aaction%3Dlightbox%26settings%3DeyJpZCI6NzUxNiwidXJsIjoiaHR0cHM6XC9cL25pbW1lcndvLmNoXC93cC1jb250ZW50XC91cGxvYWRzXC8yMDIxXC8xMFwvRFNDMDU4ODIuanBnIn0%3D\">\n\t\t\t\t\t\t\t<img loading=\"lazy\" decoding=\"async\" width=\"1024\" height=\"682\" src=\"https:\/\/nimmerwo.ch\/wp-content\/uploads\/2021\/10\/DSC05882.jpg\" class=\"attachment-full size-full wp-image-7516\" alt=\"\" srcset=\"https:\/\/nimmerwo.ch\/wp-content\/uploads\/2021\/10\/DSC05882.jpg 1024w, https:\/\/nimmerwo.ch\/wp-content\/uploads\/2021\/10\/DSC05882-300x200.jpg 300w, https:\/\/nimmerwo.ch\/wp-content\/uploads\/2021\/10\/DSC05882-768x512.jpg 768w, https:\/\/nimmerwo.ch\/wp-content\/uploads\/2021\/10\/DSC05882-18x12.jpg 18w\" sizes=\"(max-width: 1024px) 100vw, 1024px\" \/>\t\t\t\t\t\t\t\t<\/a>\n\t\t\t\t\t\t\t\t\t\t\t\t\t\t\t<\/div>\n\t\t\t\t<\/div>\n\t\t\t\t<div class=\"elementor-element elementor-element-bb19f83 elementor-widget elementor-widget-text-editor\" data-id=\"bb19f83\" data-element_type=\"widget\" data-e-type=\"widget\" data-widget_type=\"text-editor.default\">\n\t\t\t\t<div class=\"elementor-widget-container\">\n\t\t\t\t\t\t\t\t\t<p>Nun bef\u00e4nden wir uns bereits auf dem Alpe Adria Trail, der sich in Kranjska Gora mit dem Juliana kreuzt.<\/p><p>Da wir aber im Bus sitzen und die spektakul\u00e4re Sicht auf die grauen Spitzberge aus dem Fenster geniessen, z\u00e4hlt dieser Abschnitt nat\u00fcrlich nicht so ganz.<\/p>\t\t\t\t\t\t\t\t<\/div>\n\t\t\t\t<\/div>\n\t\t\t\t<div class=\"elementor-element elementor-element-744bade elementor-widget elementor-widget-image\" data-id=\"744bade\" data-element_type=\"widget\" data-e-type=\"widget\" data-widget_type=\"image.default\">\n\t\t\t\t<div class=\"elementor-widget-container\">\n\t\t\t\t\t\t\t\t\t\t\t\t<figure class=\"wp-caption\">\n\t\t\t\t\t\t\t\t\t\t\t<a href=\"https:\/\/nimmerwo.ch\/wp-content\/uploads\/2021\/10\/DSC05886.jpg\" data-elementor-open-lightbox=\"yes\" data-elementor-lightbox-description=\"Der malerische Jasna See in der N\u00e4he von Kranjska Gora\" data-e-action-hash=\"#elementor-action%3Aaction%3Dlightbox%26settings%3DeyJpZCI6NzUxNywidXJsIjoiaHR0cHM6XC9cL25pbW1lcndvLmNoXC93cC1jb250ZW50XC91cGxvYWRzXC8yMDIxXC8xMFwvRFNDMDU4ODYuanBnIn0%3D\">\n\t\t\t\t\t\t\t<img loading=\"lazy\" decoding=\"async\" width=\"1024\" height=\"682\" src=\"https:\/\/nimmerwo.ch\/wp-content\/uploads\/2021\/10\/DSC05886.jpg\" class=\"attachment-full size-full wp-image-7517\" alt=\"\" srcset=\"https:\/\/nimmerwo.ch\/wp-content\/uploads\/2021\/10\/DSC05886.jpg 1024w, https:\/\/nimmerwo.ch\/wp-content\/uploads\/2021\/10\/DSC05886-300x200.jpg 300w, https:\/\/nimmerwo.ch\/wp-content\/uploads\/2021\/10\/DSC05886-768x512.jpg 768w, https:\/\/nimmerwo.ch\/wp-content\/uploads\/2021\/10\/DSC05886-18x12.jpg 18w\" sizes=\"(max-width: 1024px) 100vw, 1024px\" \/>\t\t\t\t\t\t\t\t<\/a>\n\t\t\t\t\t\t\t\t\t\t\t<figcaption class=\"widget-image-caption wp-caption-text\">Der malerische Jasna See in der N\u00e4he von Kranjska Gora<\/figcaption>\n\t\t\t\t\t\t\t\t\t\t<\/figure>\n\t\t\t\t\t\t\t\t\t<\/div>\n\t\t\t\t<\/div>\n\t\t\t\t<div class=\"elementor-element elementor-element-19153d8 elementor-widget elementor-widget-text-editor\" data-id=\"19153d8\" data-element_type=\"widget\" data-e-type=\"widget\" data-widget_type=\"text-editor.default\">\n\t\t\t\t<div class=\"elementor-widget-container\">\n\t\t\t\t\t\t\t\t\t<p>Gegen Abend erreichen wir das Kamp Jenic, wo wir ein rustikales Kabinchen \u00fcber einer Feuerstelle gemietet haben. F\u00fcr 3 Tage wollen wir uns hier einnisten und Sch\u00f6n-Wetter-Tage abwarten.<\/p><p>Ausserdem hat dieser Ort direkt an der So\u010da etwas Nostaligisches f\u00fcr mich. Vor 14 Jahren besuchte ich Slowenien zusammen mit meiner Schwester zum ersten Mal.<\/p><p>Seither hat sich einiges getan. Ich kann es nicht mit Bestimmtheit sagen, aber mich d\u00fcnkt, es sind in diesem Tal viele neue Campings entstanden. Es wimmelt von Wohnmobilen und Wanderern; der Triglav Nationalpark ist ein ber\u00fchmtes Ziel in Europa geworden. Das nat\u00fcrlich zurecht.<\/p>\t\t\t\t\t\t\t\t<\/div>\n\t\t\t\t<\/div>\n\t\t\t\t\t<\/div>\n\t\t<\/div>\n\t\t\t\t\t<\/div>\n\t\t<\/section>\n\t\t\t\t<section class=\"elementor-section elementor-top-section elementor-element elementor-element-94c90ee elementor-section-boxed elementor-section-height-default elementor-section-height-default\" data-id=\"94c90ee\" data-element_type=\"section\" data-e-type=\"section\">\n\t\t\t\t\t\t<div class=\"elementor-container elementor-column-gap-default\">\n\t\t\t\t\t<div class=\"elementor-column elementor-col-100 elementor-top-column elementor-element elementor-element-c7562df\" data-id=\"c7562df\" data-element_type=\"column\" data-e-type=\"column\">\n\t\t\t<div class=\"elementor-widget-wrap elementor-element-populated\">\n\t\t\t\t\t\t<div class=\"elementor-element elementor-element-cf4f99a elementor-widget elementor-widget-image\" data-id=\"cf4f99a\" data-element_type=\"widget\" data-e-type=\"widget\" data-widget_type=\"image.default\">\n\t\t\t\t<div class=\"elementor-widget-container\">\n\t\t\t\t\t\t\t\t\t\t\t\t\t\t\t\t<a href=\"https:\/\/nimmerwo.ch\/wp-content\/uploads\/2021\/10\/3.jpg\" data-elementor-open-lightbox=\"yes\" data-e-action-hash=\"#elementor-action%3Aaction%3Dlightbox%26settings%3DeyJpZCI6NzUyMSwidXJsIjoiaHR0cHM6XC9cL25pbW1lcndvLmNoXC93cC1jb250ZW50XC91cGxvYWRzXC8yMDIxXC8xMFwvMy5qcGcifQ%3D%3D\">\n\t\t\t\t\t\t\t<img loading=\"lazy\" decoding=\"async\" width=\"1024\" height=\"361\" src=\"https:\/\/nimmerwo.ch\/wp-content\/uploads\/2021\/10\/3.jpg\" class=\"attachment-full size-full wp-image-7521\" alt=\"\" srcset=\"https:\/\/nimmerwo.ch\/wp-content\/uploads\/2021\/10\/3.jpg 1024w, https:\/\/nimmerwo.ch\/wp-content\/uploads\/2021\/10\/3-300x106.jpg 300w, https:\/\/nimmerwo.ch\/wp-content\/uploads\/2021\/10\/3-768x271.jpg 768w, https:\/\/nimmerwo.ch\/wp-content\/uploads\/2021\/10\/3-18x6.jpg 18w\" sizes=\"(max-width: 1024px) 100vw, 1024px\" \/>\t\t\t\t\t\t\t\t<\/a>\n\t\t\t\t\t\t\t\t\t\t\t\t\t\t\t<\/div>\n\t\t\t\t<\/div>\n\t\t\t\t\t<\/div>\n\t\t<\/div>\n\t\t\t\t\t<\/div>\n\t\t<\/section>\n\t\t\t\t<section class=\"elementor-section elementor-top-section elementor-element elementor-element-375720a elementor-section-boxed elementor-section-height-default elementor-section-height-default\" data-id=\"375720a\" data-element_type=\"section\" data-e-type=\"section\">\n\t\t\t\t\t\t<div class=\"elementor-container elementor-column-gap-default\">\n\t\t\t\t\t<div class=\"elementor-column elementor-col-100 elementor-top-column elementor-element elementor-element-b641dbc\" data-id=\"b641dbc\" data-element_type=\"column\" data-e-type=\"column\">\n\t\t\t<div class=\"elementor-widget-wrap elementor-element-populated\">\n\t\t\t\t\t\t<div class=\"elementor-element elementor-element-e609aa5 elementor-widget elementor-widget-text-editor\" data-id=\"e609aa5\" data-element_type=\"widget\" data-e-type=\"widget\" data-widget_type=\"text-editor.default\">\n\t\t\t\t<div class=\"elementor-widget-container\">\n\t\t\t\t\t\t\t\t\t<h3 style=\"text-align: center;\">Highlight des Tages<\/h3><p style=\"text-align: center;\"><em>Unser Kabinchen im Kamp Jenic direkt an der So\u010da <\/em><\/p>\t\t\t\t\t\t\t\t<\/div>\n\t\t\t\t<\/div>\n\t\t\t\t<div class=\"elementor-element elementor-element-b474c97 elementor-widget elementor-widget-image\" data-id=\"b474c97\" data-element_type=\"widget\" data-e-type=\"widget\" data-widget_type=\"image.default\">\n\t\t\t\t<div class=\"elementor-widget-container\">\n\t\t\t\t\t\t\t\t\t\t\t\t<figure class=\"wp-caption\">\n\t\t\t\t\t\t\t\t\t\t\t<a href=\"https:\/\/nimmerwo.ch\/wp-content\/uploads\/2021\/10\/IMG_20210803_193942-1-e1634290269999.jpg\" data-elementor-open-lightbox=\"yes\" data-e-action-hash=\"#elementor-action%3Aaction%3Dlightbox%26settings%3DeyJpZCI6NzU1NSwidXJsIjoiaHR0cHM6XC9cL25pbW1lcndvLmNoXC93cC1jb250ZW50XC91cGxvYWRzXC8yMDIxXC8xMFwvSU1HXzIwMjEwODAzXzE5Mzk0Mi0xLWUxNjM0MjkwMjY5OTk5LmpwZyJ9\">\n\t\t\t\t\t\t\t<img loading=\"lazy\" decoding=\"async\" width=\"796\" height=\"599\" src=\"https:\/\/nimmerwo.ch\/wp-content\/uploads\/2021\/10\/IMG_20210803_193942-1-e1634290269999.jpg\" class=\"attachment-full size-full wp-image-7555\" alt=\"\" srcset=\"https:\/\/nimmerwo.ch\/wp-content\/uploads\/2021\/10\/IMG_20210803_193942-1-e1634290269999.jpg 796w, https:\/\/nimmerwo.ch\/wp-content\/uploads\/2021\/10\/IMG_20210803_193942-1-e1634290269999-300x226.jpg 300w, https:\/\/nimmerwo.ch\/wp-content\/uploads\/2021\/10\/IMG_20210803_193942-1-e1634290269999-768x578.jpg 768w, https:\/\/nimmerwo.ch\/wp-content\/uploads\/2021\/10\/IMG_20210803_193942-1-e1634290269999-16x12.jpg 16w\" sizes=\"(max-width: 796px) 100vw, 796px\" \/>\t\t\t\t\t\t\t\t<\/a>\n\t\t\t\t\t\t\t\t\t\t\t<figcaption class=\"widget-image-caption wp-caption-text\"><\/figcaption>\n\t\t\t\t\t\t\t\t\t\t<\/figure>\n\t\t\t\t\t\t\t\t\t<\/div>\n\t\t\t\t<\/div>\n\t\t\t\t<div class=\"elementor-element elementor-element-399dc01 elementor-widget-divider--view-line elementor-widget elementor-widget-divider\" data-id=\"399dc01\" data-element_type=\"widget\" data-e-type=\"widget\" data-widget_type=\"divider.default\">\n\t\t\t\t<div class=\"elementor-widget-container\">\n\t\t\t\t\t\t\t<div class=\"elementor-divider\">\n\t\t\t<span class=\"elementor-divider-separator\">\n\t\t\t\t\t\t<\/span>\n\t\t<\/div>\n\t\t\t\t\t\t<\/div>\n\t\t\t\t<\/div>\n\t\t\t\t\t<\/div>\n\t\t<\/div>\n\t\t\t\t\t<\/div>\n\t\t<\/section>\n\t\t\t\t<section class=\"elementor-section elementor-top-section elementor-element elementor-element-1734aa3 elementor-section-boxed elementor-section-height-default elementor-section-height-default\" data-id=\"1734aa3\" data-element_type=\"section\" data-e-type=\"section\">\n\t\t\t\t\t\t<div class=\"elementor-container elementor-column-gap-default\">\n\t\t\t\t\t<div class=\"elementor-column elementor-col-100 elementor-top-column elementor-element elementor-element-fb1671a\" data-id=\"fb1671a\" data-element_type=\"column\" data-e-type=\"column\">\n\t\t\t<div class=\"elementor-widget-wrap elementor-element-populated\">\n\t\t\t\t\t\t<div class=\"elementor-element elementor-element-4cfa29c elementor-widget elementor-widget-text-editor\" data-id=\"4cfa29c\" data-element_type=\"widget\" data-e-type=\"widget\" data-widget_type=\"text-editor.default\">\n\t\t\t\t<div class=\"elementor-widget-container\">\n\t\t\t\t\t\t\t\t\t<h3>Tag 4 &#8211; Etappe 24 des Alpe Adria Trails, 14 km &#8211; Vom Kamp Jenic nach Bovec<\/h3><p>Jetzt sind wir froh, ein Dach \u00fcber dem Kopf zu haben. Die ganze Nacht hat es geregnet. Nicht nur das hat uns etwas vom Schlafen abgehalten, sondern auch ein pl\u00f6tzliches Rascheln am Essenssack. Eine Maus war so frech und hat sich zu uns eingeladen. Nur widerwillig hat sie sich wieder nach draussen bitten lassen. Mein Gestampfe hat sie nicht sonderlich beeindruckt; ich glaube, ich habe sie h\u00f6hnisch lachen h\u00f6ren.<br \/>Sp\u00e4ter erfahren wir, dass sich die M\u00e4use hier auf dem Camping Bauernhof sehr wohl f\u00fchlen. So musste unser Nachbar eine sogar aus seinem Wohnwagen spedieren.<\/p>\t\t\t\t\t\t\t\t<\/div>\n\t\t\t\t<\/div>\n\t\t\t\t<div class=\"elementor-element elementor-element-c30486b elementor-widget elementor-widget-image\" data-id=\"c30486b\" data-element_type=\"widget\" data-e-type=\"widget\" data-widget_type=\"image.default\">\n\t\t\t\t<div class=\"elementor-widget-container\">\n\t\t\t\t\t\t\t\t\t\t\t\t<figure class=\"wp-caption\">\n\t\t\t\t\t\t\t\t\t\t\t<a href=\"https:\/\/nimmerwo.ch\/wp-content\/uploads\/2021\/10\/IMG_20210804_132428.jpg\" data-elementor-open-lightbox=\"yes\" data-e-action-hash=\"#elementor-action%3Aaction%3Dlightbox%26settings%3DeyJpZCI6NzYzMCwidXJsIjoiaHR0cHM6XC9cL25pbW1lcndvLmNoXC93cC1jb250ZW50XC91cGxvYWRzXC8yMDIxXC8xMFwvSU1HXzIwMjEwODA0XzEzMjQyOC5qcGcifQ%3D%3D\">\n\t\t\t\t\t\t\t<img loading=\"lazy\" decoding=\"async\" width=\"768\" height=\"1024\" src=\"https:\/\/nimmerwo.ch\/wp-content\/uploads\/2021\/10\/IMG_20210804_132428.jpg\" class=\"attachment-full size-full wp-image-7630\" alt=\"\" srcset=\"https:\/\/nimmerwo.ch\/wp-content\/uploads\/2021\/10\/IMG_20210804_132428.jpg 768w, https:\/\/nimmerwo.ch\/wp-content\/uploads\/2021\/10\/IMG_20210804_132428-225x300.jpg 225w, https:\/\/nimmerwo.ch\/wp-content\/uploads\/2021\/10\/IMG_20210804_132428-9x12.jpg 9w\" sizes=\"(max-width: 768px) 100vw, 768px\" \/>\t\t\t\t\t\t\t\t<\/a>\n\t\t\t\t\t\t\t\t\t\t\t<figcaption class=\"widget-image-caption wp-caption-text\"><\/figcaption>\n\t\t\t\t\t\t\t\t\t\t<\/figure>\n\t\t\t\t\t\t\t\t\t<\/div>\n\t\t\t\t<\/div>\n\t\t\t\t<div class=\"elementor-element elementor-element-06a24a3 elementor-widget elementor-widget-text-editor\" data-id=\"06a24a3\" data-element_type=\"widget\" data-e-type=\"widget\" data-widget_type=\"text-editor.default\">\n\t\t\t\t<div class=\"elementor-widget-container\">\n\t\t\t\t\t\t\t\t\t<p>Am Morgen schaut aber wieder die Sonne raus und wir machen uns auf &#8211; diesmal ohne schweres Gep\u00e4ck &#8211; der So\u010da entlang hinunter Richtung Bovec, dem Outdoor-Mekka der Region. Das feuchte Wetter zaubert eine mystische Berglandschaft vor unsere F\u00fcsse. Sanfte Nebelschwaden liegen \u00fcber der t\u00fcrkisblauen So\u010da, die sich durch enge Schluchten, hier Korinta genannt, schl\u00e4ngelt.<\/p>\t\t\t\t\t\t\t\t<\/div>\n\t\t\t\t<\/div>\n\t\t\t\t<div class=\"elementor-element elementor-element-6ff6df0 elementor-widget elementor-widget-image\" data-id=\"6ff6df0\" data-element_type=\"widget\" data-e-type=\"widget\" data-widget_type=\"image.default\">\n\t\t\t\t<div class=\"elementor-widget-container\">\n\t\t\t\t\t\t\t\t\t\t\t\t<figure class=\"wp-caption\">\n\t\t\t\t\t\t\t\t\t\t\t<a href=\"https:\/\/nimmerwo.ch\/wp-content\/uploads\/2021\/10\/DSC05901.jpg\" data-elementor-open-lightbox=\"yes\" data-e-action-hash=\"#elementor-action%3Aaction%3Dlightbox%26settings%3DeyJpZCI6NzU4NiwidXJsIjoiaHR0cHM6XC9cL25pbW1lcndvLmNoXC93cC1jb250ZW50XC91cGxvYWRzXC8yMDIxXC8xMFwvRFNDMDU5MDEuanBnIn0%3D\">\n\t\t\t\t\t\t\t<img loading=\"lazy\" decoding=\"async\" width=\"1024\" height=\"682\" src=\"https:\/\/nimmerwo.ch\/wp-content\/uploads\/2021\/10\/DSC05901.jpg\" class=\"attachment-full size-full wp-image-7586\" alt=\"\" srcset=\"https:\/\/nimmerwo.ch\/wp-content\/uploads\/2021\/10\/DSC05901.jpg 1024w, https:\/\/nimmerwo.ch\/wp-content\/uploads\/2021\/10\/DSC05901-300x200.jpg 300w, https:\/\/nimmerwo.ch\/wp-content\/uploads\/2021\/10\/DSC05901-768x512.jpg 768w, https:\/\/nimmerwo.ch\/wp-content\/uploads\/2021\/10\/DSC05901-18x12.jpg 18w\" sizes=\"(max-width: 1024px) 100vw, 1024px\" \/>\t\t\t\t\t\t\t\t<\/a>\n\t\t\t\t\t\t\t\t\t\t\t<figcaption class=\"widget-image-caption wp-caption-text\"><\/figcaption>\n\t\t\t\t\t\t\t\t\t\t<\/figure>\n\t\t\t\t\t\t\t\t\t<\/div>\n\t\t\t\t<\/div>\n\t\t\t\t<div class=\"elementor-element elementor-element-a06d3e4 elementor-widget elementor-widget-text-editor\" data-id=\"a06d3e4\" data-element_type=\"widget\" data-e-type=\"widget\" data-widget_type=\"text-editor.default\">\n\t\t\t\t<div class=\"elementor-widget-container\">\n\t\t\t\t\t\t\t\t\t<p>Die Wolken liegen immer tiefer und entladen sich eine Stunde lang volle Kanne. Innert K\u00fcrze sind wir trotz Ponchos bis beinahe auf die Unterw\u00e4sche durchn\u00e4sst. Wir k\u00f6nnen nichts dagegen tun ausser weiter dem waldigen Ufer entlang flussabw\u00e4rts wandern. Es ist nicht nur nass, sondern auch frisch. Da erw\u00e4rmt die Sonne das Herz und das Gem\u00fct um so st\u00e4rker, als sie sich endlich wieder blicken l\u00e4sst.<\/p>\t\t\t\t\t\t\t\t<\/div>\n\t\t\t\t<\/div>\n\t\t\t\t<div class=\"elementor-element elementor-element-8be784e elementor-widget elementor-widget-image\" data-id=\"8be784e\" data-element_type=\"widget\" data-e-type=\"widget\" data-widget_type=\"image.default\">\n\t\t\t\t<div class=\"elementor-widget-container\">\n\t\t\t\t\t\t\t\t\t\t\t\t<figure class=\"wp-caption\">\n\t\t\t\t\t\t\t\t\t\t\t<a href=\"https:\/\/nimmerwo.ch\/wp-content\/uploads\/2021\/10\/DSC05916.jpg\" data-elementor-open-lightbox=\"yes\" data-e-action-hash=\"#elementor-action%3Aaction%3Dlightbox%26settings%3DeyJpZCI6NzU4NywidXJsIjoiaHR0cHM6XC9cL25pbW1lcndvLmNoXC93cC1jb250ZW50XC91cGxvYWRzXC8yMDIxXC8xMFwvRFNDMDU5MTYuanBnIn0%3D\">\n\t\t\t\t\t\t\t<img loading=\"lazy\" decoding=\"async\" width=\"682\" height=\"1024\" src=\"https:\/\/nimmerwo.ch\/wp-content\/uploads\/2021\/10\/DSC05916.jpg\" class=\"attachment-full size-full wp-image-7587\" alt=\"\" srcset=\"https:\/\/nimmerwo.ch\/wp-content\/uploads\/2021\/10\/DSC05916.jpg 682w, https:\/\/nimmerwo.ch\/wp-content\/uploads\/2021\/10\/DSC05916-200x300.jpg 200w, https:\/\/nimmerwo.ch\/wp-content\/uploads\/2021\/10\/DSC05916-8x12.jpg 8w\" sizes=\"(max-width: 682px) 100vw, 682px\" \/>\t\t\t\t\t\t\t\t<\/a>\n\t\t\t\t\t\t\t\t\t\t\t<figcaption class=\"widget-image-caption wp-caption-text\"><\/figcaption>\n\t\t\t\t\t\t\t\t\t\t<\/figure>\n\t\t\t\t\t\t\t\t\t<\/div>\n\t\t\t\t<\/div>\n\t\t\t\t<div class=\"elementor-element elementor-element-33338d9 elementor-widget elementor-widget-text-editor\" data-id=\"33338d9\" data-element_type=\"widget\" data-e-type=\"widget\" data-widget_type=\"text-editor.default\">\n\t\t\t\t<div class=\"elementor-widget-container\">\n\t\t\t\t\t\t\t\t\t<div>Etwas feucht, aber trotzdem gut gelaunt und fasziniert von der wilden Sch\u00f6nheit des So\u010datals treffen wir in Bovec ein, einer kleinen, aber lebendigen Stadt mit vielen touristischen Angeboten.<\/div><div>Wir st\u00e4rken uns in einer Bar mit einem slowenischen Pale Ale (von der aus der Gegend stammenden Mikrobrauerei <em>Reservoir Dogs<\/em>) und schauen dem emsigen Treiben der Menschen zu.<\/div>\t\t\t\t\t\t\t\t<\/div>\n\t\t\t\t<\/div>\n\t\t\t\t<div class=\"elementor-element elementor-element-c2dc9f7 elementor-widget elementor-widget-image\" data-id=\"c2dc9f7\" data-element_type=\"widget\" data-e-type=\"widget\" data-widget_type=\"image.default\">\n\t\t\t\t<div class=\"elementor-widget-container\">\n\t\t\t\t\t\t\t\t\t\t\t\t<figure class=\"wp-caption\">\n\t\t\t\t\t\t\t\t\t\t\t<a href=\"https:\/\/nimmerwo.ch\/wp-content\/uploads\/2021\/10\/DSC05967.jpg\" data-elementor-open-lightbox=\"yes\" data-e-action-hash=\"#elementor-action%3Aaction%3Dlightbox%26settings%3DeyJpZCI6NzU5MiwidXJsIjoiaHR0cHM6XC9cL25pbW1lcndvLmNoXC93cC1jb250ZW50XC91cGxvYWRzXC8yMDIxXC8xMFwvRFNDMDU5NjcuanBnIn0%3D\">\n\t\t\t\t\t\t\t<img loading=\"lazy\" decoding=\"async\" width=\"1024\" height=\"682\" src=\"https:\/\/nimmerwo.ch\/wp-content\/uploads\/2021\/10\/DSC05967.jpg\" class=\"attachment-full size-full wp-image-7592\" alt=\"\" srcset=\"https:\/\/nimmerwo.ch\/wp-content\/uploads\/2021\/10\/DSC05967.jpg 1024w, https:\/\/nimmerwo.ch\/wp-content\/uploads\/2021\/10\/DSC05967-300x200.jpg 300w, https:\/\/nimmerwo.ch\/wp-content\/uploads\/2021\/10\/DSC05967-768x512.jpg 768w, https:\/\/nimmerwo.ch\/wp-content\/uploads\/2021\/10\/DSC05967-18x12.jpg 18w\" sizes=\"(max-width: 1024px) 100vw, 1024px\" \/>\t\t\t\t\t\t\t\t<\/a>\n\t\t\t\t\t\t\t\t\t\t\t<figcaption class=\"widget-image-caption wp-caption-text\"><\/figcaption>\n\t\t\t\t\t\t\t\t\t\t<\/figure>\n\t\t\t\t\t\t\t\t\t<\/div>\n\t\t\t\t<\/div>\n\t\t\t\t<div class=\"elementor-element elementor-element-f15ef70 elementor-widget elementor-widget-text-editor\" data-id=\"f15ef70\" data-element_type=\"widget\" data-e-type=\"widget\" data-widget_type=\"text-editor.default\">\n\t\t\t\t<div class=\"elementor-widget-container\">\n\t\t\t\t\t\t\t\t\t<p>Sp\u00e4ter nach dem Einkauf bringt uns der Shuttle-Bus in 20 Minuten zur\u00fcck ins Camp. Dort entfachen wir erstmal Feuer, gehen heiss duschen und quatschen mit anderen Campern aus der Schweiz und Deutschland am Lagerfeuer.<\/p>\t\t\t\t\t\t\t\t<\/div>\n\t\t\t\t<\/div>\n\t\t\t\t<div class=\"elementor-element elementor-element-f1ea638 elementor-widget elementor-widget-image\" data-id=\"f1ea638\" data-element_type=\"widget\" data-e-type=\"widget\" data-widget_type=\"image.default\">\n\t\t\t\t<div class=\"elementor-widget-container\">\n\t\t\t\t\t\t\t\t\t\t\t\t\t\t\t\t<a href=\"https:\/\/nimmerwo.ch\/wp-content\/uploads\/2021\/10\/4.jpg\" data-elementor-open-lightbox=\"yes\" data-e-action-hash=\"#elementor-action%3Aaction%3Dlightbox%26settings%3DeyJpZCI6NzYwNSwidXJsIjoiaHR0cHM6XC9cL25pbW1lcndvLmNoXC93cC1jb250ZW50XC91cGxvYWRzXC8yMDIxXC8xMFwvNC5qcGcifQ%3D%3D\">\n\t\t\t\t\t\t\t<img loading=\"lazy\" decoding=\"async\" width=\"1024\" height=\"388\" src=\"https:\/\/nimmerwo.ch\/wp-content\/uploads\/2021\/10\/4.jpg\" class=\"attachment-full size-full wp-image-7605\" alt=\"\" srcset=\"https:\/\/nimmerwo.ch\/wp-content\/uploads\/2021\/10\/4.jpg 1024w, https:\/\/nimmerwo.ch\/wp-content\/uploads\/2021\/10\/4-300x114.jpg 300w, https:\/\/nimmerwo.ch\/wp-content\/uploads\/2021\/10\/4-768x291.jpg 768w, https:\/\/nimmerwo.ch\/wp-content\/uploads\/2021\/10\/4-18x7.jpg 18w\" sizes=\"(max-width: 1024px) 100vw, 1024px\" \/>\t\t\t\t\t\t\t\t<\/a>\n\t\t\t\t\t\t\t\t\t\t\t\t\t\t\t<\/div>\n\t\t\t\t<\/div>\n\t\t\t\t<div class=\"elementor-element elementor-element-625aa47 elementor-widget elementor-widget-text-editor\" data-id=\"625aa47\" data-element_type=\"widget\" data-e-type=\"widget\" data-widget_type=\"text-editor.default\">\n\t\t\t\t<div class=\"elementor-widget-container\">\n\t\t\t\t\t\t\t\t\t<h3 style=\"text-align: center;\">Highlight des Tages<\/h3><div style=\"text-align: center;\"><em>Die\u00a0So\u010da, die uns nach jeder Biegung wieder offene M\u00fcnder beschert.<\/em><\/div>\t\t\t\t\t\t\t\t<\/div>\n\t\t\t\t<\/div>\n\t\t\t\t<div class=\"elementor-element elementor-element-5f7c012 elementor-widget elementor-widget-image\" data-id=\"5f7c012\" data-element_type=\"widget\" data-e-type=\"widget\" data-widget_type=\"image.default\">\n\t\t\t\t<div class=\"elementor-widget-container\">\n\t\t\t\t\t\t\t\t\t\t\t\t<figure class=\"wp-caption\">\n\t\t\t\t\t\t\t\t\t\t\t<a href=\"https:\/\/nimmerwo.ch\/wp-content\/uploads\/2021\/10\/DSC05936.jpg\" data-elementor-open-lightbox=\"yes\" data-e-action-hash=\"#elementor-action%3Aaction%3Dlightbox%26settings%3DeyJpZCI6NzU4OSwidXJsIjoiaHR0cHM6XC9cL25pbW1lcndvLmNoXC93cC1jb250ZW50XC91cGxvYWRzXC8yMDIxXC8xMFwvRFNDMDU5MzYuanBnIn0%3D\">\n\t\t\t\t\t\t\t<img loading=\"lazy\" decoding=\"async\" width=\"682\" height=\"1024\" src=\"https:\/\/nimmerwo.ch\/wp-content\/uploads\/2021\/10\/DSC05936.jpg\" class=\"attachment-full size-full wp-image-7589\" alt=\"\" srcset=\"https:\/\/nimmerwo.ch\/wp-content\/uploads\/2021\/10\/DSC05936.jpg 682w, https:\/\/nimmerwo.ch\/wp-content\/uploads\/2021\/10\/DSC05936-200x300.jpg 200w, https:\/\/nimmerwo.ch\/wp-content\/uploads\/2021\/10\/DSC05936-8x12.jpg 8w\" sizes=\"(max-width: 682px) 100vw, 682px\" \/>\t\t\t\t\t\t\t\t<\/a>\n\t\t\t\t\t\t\t\t\t\t\t<figcaption class=\"widget-image-caption wp-caption-text\"><\/figcaption>\n\t\t\t\t\t\t\t\t\t\t<\/figure>\n\t\t\t\t\t\t\t\t\t<\/div>\n\t\t\t\t<\/div>\n\t\t\t\t<div class=\"elementor-element elementor-element-c8370bf elementor-widget-divider--view-line elementor-widget elementor-widget-divider\" data-id=\"c8370bf\" data-element_type=\"widget\" data-e-type=\"widget\" data-widget_type=\"divider.default\">\n\t\t\t\t<div class=\"elementor-widget-container\">\n\t\t\t\t\t\t\t<div class=\"elementor-divider\">\n\t\t\t<span class=\"elementor-divider-separator\">\n\t\t\t\t\t\t<\/span>\n\t\t<\/div>\n\t\t\t\t\t\t<\/div>\n\t\t\t\t<\/div>\n\t\t\t\t<div class=\"elementor-element elementor-element-0ed5917 elementor-widget elementor-widget-text-editor\" data-id=\"0ed5917\" data-element_type=\"widget\" data-e-type=\"widget\" data-widget_type=\"text-editor.default\">\n\t\t\t\t<div class=\"elementor-widget-container\">\n\t\t\t\t\t\t\t\t\t<h3>Tag 5 &#8211; Etappe 24 des Alpe Adria Trails, 8 km &#8211; Vom Kamp Jenic nach Trenta<\/h3><p>Nachdem es am Morgen wieder viel geregnet hat, w\u00e4rmt die Sonne am Mittag. Vielleicht trocknen ja sogar unsere Kleider noch?! Nach einem leckeren Fr\u00fchst\u00fcck im Familienrestaurant des Kamp Jenic, gehen wir heute der So\u010da entlang flussaufw\u00e4rts Richtung Trenta.<\/p>\t\t\t\t\t\t\t\t<\/div>\n\t\t\t\t<\/div>\n\t\t\t\t<div class=\"elementor-element elementor-element-9f1783e elementor-widget elementor-widget-image\" data-id=\"9f1783e\" data-element_type=\"widget\" data-e-type=\"widget\" data-widget_type=\"image.default\">\n\t\t\t\t<div class=\"elementor-widget-container\">\n\t\t\t\t\t\t\t\t\t\t\t\t<figure class=\"wp-caption\">\n\t\t\t\t\t\t\t\t\t\t\t<a href=\"https:\/\/nimmerwo.ch\/wp-content\/uploads\/2021\/10\/DSC05972.jpg\" data-elementor-open-lightbox=\"yes\" data-e-action-hash=\"#elementor-action%3Aaction%3Dlightbox%26settings%3DeyJpZCI6NzU5MywidXJsIjoiaHR0cHM6XC9cL25pbW1lcndvLmNoXC93cC1jb250ZW50XC91cGxvYWRzXC8yMDIxXC8xMFwvRFNDMDU5NzIuanBnIn0%3D\">\n\t\t\t\t\t\t\t<img loading=\"lazy\" decoding=\"async\" width=\"1024\" height=\"682\" src=\"https:\/\/nimmerwo.ch\/wp-content\/uploads\/2021\/10\/DSC05972.jpg\" class=\"attachment-full size-full wp-image-7593\" alt=\"\" srcset=\"https:\/\/nimmerwo.ch\/wp-content\/uploads\/2021\/10\/DSC05972.jpg 1024w, https:\/\/nimmerwo.ch\/wp-content\/uploads\/2021\/10\/DSC05972-300x200.jpg 300w, https:\/\/nimmerwo.ch\/wp-content\/uploads\/2021\/10\/DSC05972-768x512.jpg 768w, https:\/\/nimmerwo.ch\/wp-content\/uploads\/2021\/10\/DSC05972-18x12.jpg 18w\" sizes=\"(max-width: 1024px) 100vw, 1024px\" \/>\t\t\t\t\t\t\t\t<\/a>\n\t\t\t\t\t\t\t\t\t\t\t<figcaption class=\"widget-image-caption wp-caption-text\"><\/figcaption>\n\t\t\t\t\t\t\t\t\t\t<\/figure>\n\t\t\t\t\t\t\t\t\t<\/div>\n\t\t\t\t<\/div>\n\t\t\t\t<div class=\"elementor-element elementor-element-23c9ecc elementor-widget elementor-widget-text-editor\" data-id=\"23c9ecc\" data-element_type=\"widget\" data-e-type=\"widget\" data-widget_type=\"text-editor.default\">\n\t\t\t\t<div class=\"elementor-widget-container\">\n\t\t\t\t\t\t\t\t\t<p>Erst beim Fr\u00fchst\u00fcck, w\u00e4hrend dem wir mit einem jungen Schweizer ins Gespr\u00e4ch kommen, der mit dem Fahrrad aus der Schweiz hergeradelt ist, entschliessen wir uns doch langsam daf\u00fcr, den Alpe Adria Trail in Angriff zu nehmen. Es hat etwas, von hier aus den Bergen aus eigener Kraft bis ans Meer zu wandern. Welche Landschaften werden uns da erwarten? Wie werden sich die Grenz\u00fcberg\u00e4nge nach Italien gestalten &#8211; gerade jetzt in dieser seltsamen Covid-Zeit?<\/p>\t\t\t\t\t\t\t\t<\/div>\n\t\t\t\t<\/div>\n\t\t\t\t<div class=\"elementor-element elementor-element-5e2899e elementor-widget elementor-widget-image\" data-id=\"5e2899e\" data-element_type=\"widget\" data-e-type=\"widget\" data-widget_type=\"image.default\">\n\t\t\t\t<div class=\"elementor-widget-container\">\n\t\t\t\t\t\t\t\t\t\t\t\t<figure class=\"wp-caption\">\n\t\t\t\t\t\t\t\t\t\t\t<a href=\"https:\/\/nimmerwo.ch\/wp-content\/uploads\/2021\/10\/DSC05987.jpg\" data-elementor-open-lightbox=\"yes\" data-e-action-hash=\"#elementor-action%3Aaction%3Dlightbox%26settings%3DeyJpZCI6NzU5NiwidXJsIjoiaHR0cHM6XC9cL25pbW1lcndvLmNoXC93cC1jb250ZW50XC91cGxvYWRzXC8yMDIxXC8xMFwvRFNDMDU5ODcuanBnIn0%3D\">\n\t\t\t\t\t\t\t<img loading=\"lazy\" decoding=\"async\" width=\"1024\" height=\"682\" src=\"https:\/\/nimmerwo.ch\/wp-content\/uploads\/2021\/10\/DSC05987.jpg\" class=\"attachment-full size-full wp-image-7596\" alt=\"\" srcset=\"https:\/\/nimmerwo.ch\/wp-content\/uploads\/2021\/10\/DSC05987.jpg 1024w, https:\/\/nimmerwo.ch\/wp-content\/uploads\/2021\/10\/DSC05987-300x200.jpg 300w, https:\/\/nimmerwo.ch\/wp-content\/uploads\/2021\/10\/DSC05987-768x512.jpg 768w, https:\/\/nimmerwo.ch\/wp-content\/uploads\/2021\/10\/DSC05987-18x12.jpg 18w\" sizes=\"(max-width: 1024px) 100vw, 1024px\" \/>\t\t\t\t\t\t\t\t<\/a>\n\t\t\t\t\t\t\t\t\t\t\t<figcaption class=\"widget-image-caption wp-caption-text\"><\/figcaption>\n\t\t\t\t\t\t\t\t\t\t<\/figure>\n\t\t\t\t\t\t\t\t\t<\/div>\n\t\t\t\t<\/div>\n\t\t\t\t<div class=\"elementor-element elementor-element-76e156b elementor-widget elementor-widget-text-editor\" data-id=\"76e156b\" data-element_type=\"widget\" data-e-type=\"widget\" data-widget_type=\"text-editor.default\">\n\t\t\t\t<div class=\"elementor-widget-container\">\n\t\t\t\t\t\t\t\t\t<p>Gestern realisierten wir auf dem Weg nach Bovec den unteren Teil der Etappe 24 des Alpe Adria Trails. Heute wollen wir diese Etappe komplettieren, indem wir an deren Anfang nach Trenta wandern.<\/p>\t\t\t\t\t\t\t\t<\/div>\n\t\t\t\t<\/div>\n\t\t\t\t<div class=\"elementor-element elementor-element-cf4de67 elementor-widget elementor-widget-image\" data-id=\"cf4de67\" data-element_type=\"widget\" data-e-type=\"widget\" data-widget_type=\"image.default\">\n\t\t\t\t<div class=\"elementor-widget-container\">\n\t\t\t\t\t\t\t\t\t\t\t\t<figure class=\"wp-caption\">\n\t\t\t\t\t\t\t\t\t\t\t<a href=\"https:\/\/nimmerwo.ch\/wp-content\/uploads\/2021\/10\/DSC05990.jpg\" data-elementor-open-lightbox=\"yes\" data-e-action-hash=\"#elementor-action%3Aaction%3Dlightbox%26settings%3DeyJpZCI6NzU5NywidXJsIjoiaHR0cHM6XC9cL25pbW1lcndvLmNoXC93cC1jb250ZW50XC91cGxvYWRzXC8yMDIxXC8xMFwvRFNDMDU5OTAuanBnIn0%3D\">\n\t\t\t\t\t\t\t<img loading=\"lazy\" decoding=\"async\" width=\"682\" height=\"1024\" src=\"https:\/\/nimmerwo.ch\/wp-content\/uploads\/2021\/10\/DSC05990.jpg\" class=\"attachment-full size-full wp-image-7597\" alt=\"\" srcset=\"https:\/\/nimmerwo.ch\/wp-content\/uploads\/2021\/10\/DSC05990.jpg 682w, https:\/\/nimmerwo.ch\/wp-content\/uploads\/2021\/10\/DSC05990-200x300.jpg 200w, https:\/\/nimmerwo.ch\/wp-content\/uploads\/2021\/10\/DSC05990-8x12.jpg 8w\" sizes=\"(max-width: 682px) 100vw, 682px\" \/>\t\t\t\t\t\t\t\t<\/a>\n\t\t\t\t\t\t\t\t\t\t\t<figcaption class=\"widget-image-caption wp-caption-text\"><\/figcaption>\n\t\t\t\t\t\t\t\t\t\t<\/figure>\n\t\t\t\t\t\t\t\t\t<\/div>\n\t\t\t\t<\/div>\n\t\t\t\t<div class=\"elementor-element elementor-element-b7c9118 elementor-widget elementor-widget-text-editor\" data-id=\"b7c9118\" data-element_type=\"widget\" data-e-type=\"widget\" data-widget_type=\"text-editor.default\">\n\t\t\t\t<div class=\"elementor-widget-container\">\n\t\t\t\t\t\t\t\t\t<p>Die So\u010da zeigt sich auf diesem Weg nicht ganz so spektakul\u00e4r wie gestern, aber durch den Sonnenschein ergibt sich uns doch ein wundervoller Kontrast zur gestrigen Wanderung. Entlang des Flusses, durch moosige, felsige W\u00e4lder geht es sanft aufw\u00e4rts. Immer wieder erhaschen wir einen Blick auf den Triglav (\u00fcbersetzt &#8222;Dreikopf&#8220;), den mit 2864m.\u00fc.M h\u00f6chsten Gipfel Sloweniens und Namensgeber des einzigen slowenischen Nationalparks.<\/p>\t\t\t\t\t\t\t\t<\/div>\n\t\t\t\t<\/div>\n\t\t\t\t<div class=\"elementor-element elementor-element-60d807c elementor-widget elementor-widget-image\" data-id=\"60d807c\" data-element_type=\"widget\" data-e-type=\"widget\" data-widget_type=\"image.default\">\n\t\t\t\t<div class=\"elementor-widget-container\">\n\t\t\t\t\t\t\t\t\t\t\t\t<figure class=\"wp-caption\">\n\t\t\t\t\t\t\t\t\t\t\t<a href=\"https:\/\/nimmerwo.ch\/wp-content\/uploads\/2021\/10\/DSC05999.jpg\" data-elementor-open-lightbox=\"yes\" data-e-action-hash=\"#elementor-action%3Aaction%3Dlightbox%26settings%3DeyJpZCI6NzU5OCwidXJsIjoiaHR0cHM6XC9cL25pbW1lcndvLmNoXC93cC1jb250ZW50XC91cGxvYWRzXC8yMDIxXC8xMFwvRFNDMDU5OTkuanBnIn0%3D\">\n\t\t\t\t\t\t\t<img loading=\"lazy\" decoding=\"async\" width=\"1024\" height=\"682\" src=\"https:\/\/nimmerwo.ch\/wp-content\/uploads\/2021\/10\/DSC05999.jpg\" class=\"attachment-full size-full wp-image-7598\" alt=\"\" srcset=\"https:\/\/nimmerwo.ch\/wp-content\/uploads\/2021\/10\/DSC05999.jpg 1024w, https:\/\/nimmerwo.ch\/wp-content\/uploads\/2021\/10\/DSC05999-300x200.jpg 300w, https:\/\/nimmerwo.ch\/wp-content\/uploads\/2021\/10\/DSC05999-768x512.jpg 768w, https:\/\/nimmerwo.ch\/wp-content\/uploads\/2021\/10\/DSC05999-18x12.jpg 18w\" sizes=\"(max-width: 1024px) 100vw, 1024px\" \/>\t\t\t\t\t\t\t\t<\/a>\n\t\t\t\t\t\t\t\t\t\t\t<figcaption class=\"widget-image-caption wp-caption-text\"><\/figcaption>\n\t\t\t\t\t\t\t\t\t\t<\/figure>\n\t\t\t\t\t\t\t\t\t<\/div>\n\t\t\t\t<\/div>\n\t\t\t\t<div class=\"elementor-element elementor-element-48d931c elementor-widget elementor-widget-text-editor\" data-id=\"48d931c\" data-element_type=\"widget\" data-e-type=\"widget\" data-widget_type=\"text-editor.default\">\n\t\t\t\t<div class=\"elementor-widget-container\">\n\t\t\t\t\t\t\t\t\t<p>Abends am Feuer gesellen sich wieder andere Menschen zu uns. Wie das Licht und die W\u00e4rme des Feuers Menschen anzieht! Obwohl es heiter zugeht, gehen wir nicht allzu sp\u00e4t schlafen. Wir freuen uns auf morgen, wenn es mit der richtigen Wanderung auf dem Alpe Adria Trail losgehen wird.<\/p>\t\t\t\t\t\t\t\t<\/div>\n\t\t\t\t<\/div>\n\t\t\t\t<div class=\"elementor-element elementor-element-eec8daf elementor-widget elementor-widget-image\" data-id=\"eec8daf\" data-element_type=\"widget\" data-e-type=\"widget\" data-widget_type=\"image.default\">\n\t\t\t\t<div class=\"elementor-widget-container\">\n\t\t\t\t\t\t\t\t\t\t\t\t\t\t\t\t<a href=\"https:\/\/nimmerwo.ch\/wp-content\/uploads\/2021\/10\/5.jpg\" data-elementor-open-lightbox=\"yes\" data-e-action-hash=\"#elementor-action%3Aaction%3Dlightbox%26settings%3DeyJpZCI6NzYxNiwidXJsIjoiaHR0cHM6XC9cL25pbW1lcndvLmNoXC93cC1jb250ZW50XC91cGxvYWRzXC8yMDIxXC8xMFwvNS5qcGcifQ%3D%3D\">\n\t\t\t\t\t\t\t<img loading=\"lazy\" decoding=\"async\" width=\"529\" height=\"1024\" src=\"https:\/\/nimmerwo.ch\/wp-content\/uploads\/2021\/10\/5.jpg\" class=\"attachment-full size-full wp-image-7616\" alt=\"\" srcset=\"https:\/\/nimmerwo.ch\/wp-content\/uploads\/2021\/10\/5.jpg 529w, https:\/\/nimmerwo.ch\/wp-content\/uploads\/2021\/10\/5-155x300.jpg 155w, https:\/\/nimmerwo.ch\/wp-content\/uploads\/2021\/10\/5-6x12.jpg 6w\" sizes=\"(max-width: 529px) 100vw, 529px\" \/>\t\t\t\t\t\t\t\t<\/a>\n\t\t\t\t\t\t\t\t\t\t\t\t\t\t\t<\/div>\n\t\t\t\t<\/div>\n\t\t\t\t<div class=\"elementor-element elementor-element-4ffac6c elementor-widget elementor-widget-text-editor\" data-id=\"4ffac6c\" data-element_type=\"widget\" data-e-type=\"widget\" data-widget_type=\"text-editor.default\">\n\t\t\t\t<div class=\"elementor-widget-container\">\n\t\t\t\t\t\t\t\t\t<h3 style=\"text-align: center;\">Highlight des Tages<\/h3><div style=\"text-align: center;\"><em>Der sonnige Tag im Kamp Jenic an der So\u010da!<\/em><\/div>\t\t\t\t\t\t\t\t<\/div>\n\t\t\t\t<\/div>\n\t\t\t\t<div class=\"elementor-element elementor-element-2b88e8d elementor-widget elementor-widget-image\" data-id=\"2b88e8d\" data-element_type=\"widget\" data-e-type=\"widget\" data-widget_type=\"image.default\">\n\t\t\t\t<div class=\"elementor-widget-container\">\n\t\t\t\t\t\t\t\t\t\t\t\t<figure class=\"wp-caption\">\n\t\t\t\t\t\t\t\t\t\t\t<a href=\"https:\/\/nimmerwo.ch\/wp-content\/uploads\/2021\/10\/DSC06008.jpg\" data-elementor-open-lightbox=\"yes\" data-e-action-hash=\"#elementor-action%3Aaction%3Dlightbox%26settings%3DeyJpZCI6NzU5OSwidXJsIjoiaHR0cHM6XC9cL25pbW1lcndvLmNoXC93cC1jb250ZW50XC91cGxvYWRzXC8yMDIxXC8xMFwvRFNDMDYwMDguanBnIn0%3D\">\n\t\t\t\t\t\t\t<img loading=\"lazy\" decoding=\"async\" width=\"1024\" height=\"682\" src=\"https:\/\/nimmerwo.ch\/wp-content\/uploads\/2021\/10\/DSC06008.jpg\" class=\"attachment-full size-full wp-image-7599\" alt=\"\" srcset=\"https:\/\/nimmerwo.ch\/wp-content\/uploads\/2021\/10\/DSC06008.jpg 1024w, https:\/\/nimmerwo.ch\/wp-content\/uploads\/2021\/10\/DSC06008-300x200.jpg 300w, https:\/\/nimmerwo.ch\/wp-content\/uploads\/2021\/10\/DSC06008-768x512.jpg 768w, https:\/\/nimmerwo.ch\/wp-content\/uploads\/2021\/10\/DSC06008-18x12.jpg 18w\" sizes=\"(max-width: 1024px) 100vw, 1024px\" \/>\t\t\t\t\t\t\t\t<\/a>\n\t\t\t\t\t\t\t\t\t\t\t<figcaption class=\"widget-image-caption wp-caption-text\"><\/figcaption>\n\t\t\t\t\t\t\t\t\t\t<\/figure>\n\t\t\t\t\t\t\t\t\t<\/div>\n\t\t\t\t<\/div>\n\t\t\t\t<div class=\"elementor-element elementor-element-d6f9ec0 elementor-widget-divider--view-line elementor-widget elementor-widget-divider\" data-id=\"d6f9ec0\" data-element_type=\"widget\" data-e-type=\"widget\" data-widget_type=\"divider.default\">\n\t\t\t\t<div class=\"elementor-widget-container\">\n\t\t\t\t\t\t\t<div class=\"elementor-divider\">\n\t\t\t<span class=\"elementor-divider-separator\">\n\t\t\t\t\t\t<\/span>\n\t\t<\/div>\n\t\t\t\t\t\t<\/div>\n\t\t\t\t<\/div>\n\t\t\t\t<div class=\"elementor-element elementor-element-34ff1ee elementor-widget elementor-widget-text-editor\" data-id=\"34ff1ee\" data-element_type=\"widget\" data-e-type=\"widget\" data-widget_type=\"text-editor.default\">\n\t\t\t\t<div class=\"elementor-widget-container\">\n\t\t\t\t\t\t\t\t\t<h3>Tag 6 &#8211; Etappe 25 des Alpe Adria Trails, 19 km &#8211; Jetzt kanns losgehen!<\/h3><p>Um 8.49 Uhr f\u00e4hrt heute kein Bus (der f\u00e4hrt nur am Samstag um diese Zeit). Wir stehen wartend am Strassenrand neben dem Eingang zum Kamp Jenic und merken das erst jetzt. Der erste Bus nach Bovec kommt erst zwei Stunden sp\u00e4ter vorbei. Also zur\u00fcck ins Camp und erstmal ausgiebig fr\u00fchst\u00fccken. Hausgemachter Schafsk\u00e4se, Salami, Eier, selbstgemachte Konfit\u00fcre, Honig und Brot. Zu alledem Sonnenschein. Wir lassen es uns so richtig gut gehen.<\/p>\t\t\t\t\t\t\t\t<\/div>\n\t\t\t\t<\/div>\n\t\t\t\t<div class=\"elementor-element elementor-element-0cd4545 elementor-widget elementor-widget-image\" data-id=\"0cd4545\" data-element_type=\"widget\" data-e-type=\"widget\" data-widget_type=\"image.default\">\n\t\t\t\t<div class=\"elementor-widget-container\">\n\t\t\t\t\t\t\t\t\t\t\t\t<figure class=\"wp-caption\">\n\t\t\t\t\t\t\t\t\t\t\t<a href=\"https:\/\/nimmerwo.ch\/wp-content\/uploads\/2021\/10\/IMG_20210806_103237.jpg\" data-elementor-open-lightbox=\"yes\" data-elementor-lightbox-description=\"So l\u00e4sst es sich gem\u00fctlich auf den Bus warten\" data-e-action-hash=\"#elementor-action%3Aaction%3Dlightbox%26settings%3DeyJpZCI6NzY0MSwidXJsIjoiaHR0cHM6XC9cL25pbW1lcndvLmNoXC93cC1jb250ZW50XC91cGxvYWRzXC8yMDIxXC8xMFwvSU1HXzIwMjEwODA2XzEwMzIzNy5qcGcifQ%3D%3D\">\n\t\t\t\t\t\t\t<img loading=\"lazy\" decoding=\"async\" width=\"768\" height=\"1024\" src=\"https:\/\/nimmerwo.ch\/wp-content\/uploads\/2021\/10\/IMG_20210806_103237.jpg\" class=\"attachment-full size-full wp-image-7641\" alt=\"\" srcset=\"https:\/\/nimmerwo.ch\/wp-content\/uploads\/2021\/10\/IMG_20210806_103237.jpg 768w, https:\/\/nimmerwo.ch\/wp-content\/uploads\/2021\/10\/IMG_20210806_103237-225x300.jpg 225w, https:\/\/nimmerwo.ch\/wp-content\/uploads\/2021\/10\/IMG_20210806_103237-9x12.jpg 9w\" sizes=\"(max-width: 768px) 100vw, 768px\" \/>\t\t\t\t\t\t\t\t<\/a>\n\t\t\t\t\t\t\t\t\t\t\t<figcaption class=\"widget-image-caption wp-caption-text\">So l\u00e4sst es sich gem\u00fctlich auf den Bus warten<\/figcaption>\n\t\t\t\t\t\t\t\t\t\t<\/figure>\n\t\t\t\t\t\t\t\t\t<\/div>\n\t\t\t\t<\/div>\n\t\t\t\t<div class=\"elementor-element elementor-element-ce5cf9f elementor-widget elementor-widget-text-editor\" data-id=\"ce5cf9f\" data-element_type=\"widget\" data-e-type=\"widget\" data-widget_type=\"text-editor.default\">\n\t\t\t\t<div class=\"elementor-widget-container\">\n\t\t\t\t\t\t\t\t\t<div>Kurz nach 11 sind wir schliesslich in Bovec. Nach einem kurzen Einkauf sind wir ausger\u00fcstet und bereit f\u00fcr den Weg.<\/div>\t\t\t\t\t\t\t\t<\/div>\n\t\t\t\t<\/div>\n\t\t\t\t<div class=\"elementor-element elementor-element-9c3601c elementor-widget elementor-widget-image\" data-id=\"9c3601c\" data-element_type=\"widget\" data-e-type=\"widget\" data-widget_type=\"image.default\">\n\t\t\t\t<div class=\"elementor-widget-container\">\n\t\t\t\t\t\t\t\t\t\t\t\t<figure class=\"wp-caption\">\n\t\t\t\t\t\t\t\t\t\t\t<a href=\"https:\/\/nimmerwo.ch\/wp-content\/uploads\/2021\/10\/DSC06015.jpg\" data-elementor-open-lightbox=\"yes\" data-e-action-hash=\"#elementor-action%3Aaction%3Dlightbox%26settings%3DeyJpZCI6NzYzNiwidXJsIjoiaHR0cHM6XC9cL25pbW1lcndvLmNoXC93cC1jb250ZW50XC91cGxvYWRzXC8yMDIxXC8xMFwvRFNDMDYwMTUuanBnIn0%3D\">\n\t\t\t\t\t\t\t<img loading=\"lazy\" decoding=\"async\" width=\"682\" height=\"1024\" src=\"https:\/\/nimmerwo.ch\/wp-content\/uploads\/2021\/10\/DSC06015.jpg\" class=\"attachment-full size-full wp-image-7636\" alt=\"\" srcset=\"https:\/\/nimmerwo.ch\/wp-content\/uploads\/2021\/10\/DSC06015.jpg 682w, https:\/\/nimmerwo.ch\/wp-content\/uploads\/2021\/10\/DSC06015-200x300.jpg 200w, https:\/\/nimmerwo.ch\/wp-content\/uploads\/2021\/10\/DSC06015-8x12.jpg 8w\" sizes=\"(max-width: 682px) 100vw, 682px\" \/>\t\t\t\t\t\t\t\t<\/a>\n\t\t\t\t\t\t\t\t\t\t\t<figcaption class=\"widget-image-caption wp-caption-text\"><\/figcaption>\n\t\t\t\t\t\t\t\t\t\t<\/figure>\n\t\t\t\t\t\t\t\t\t<\/div>\n\t\t\t\t<\/div>\n\t\t\t\t<div class=\"elementor-element elementor-element-3119a35 elementor-widget elementor-widget-image\" data-id=\"3119a35\" data-element_type=\"widget\" data-e-type=\"widget\" data-widget_type=\"image.default\">\n\t\t\t\t<div class=\"elementor-widget-container\">\n\t\t\t\t\t\t\t\t\t\t\t\t<figure class=\"wp-caption\">\n\t\t\t\t\t\t\t\t\t\t\t<a href=\"https:\/\/nimmerwo.ch\/wp-content\/uploads\/2021\/10\/DSC06012.jpg\" data-elementor-open-lightbox=\"yes\" data-e-action-hash=\"#elementor-action%3Aaction%3Dlightbox%26settings%3DeyJpZCI6NzYzNSwidXJsIjoiaHR0cHM6XC9cL25pbW1lcndvLmNoXC93cC1jb250ZW50XC91cGxvYWRzXC8yMDIxXC8xMFwvRFNDMDYwMTIuanBnIn0%3D\">\n\t\t\t\t\t\t\t<img loading=\"lazy\" decoding=\"async\" width=\"1024\" height=\"682\" src=\"https:\/\/nimmerwo.ch\/wp-content\/uploads\/2021\/10\/DSC06012.jpg\" class=\"attachment-full size-full wp-image-7635\" alt=\"\" srcset=\"https:\/\/nimmerwo.ch\/wp-content\/uploads\/2021\/10\/DSC06012.jpg 1024w, https:\/\/nimmerwo.ch\/wp-content\/uploads\/2021\/10\/DSC06012-300x200.jpg 300w, https:\/\/nimmerwo.ch\/wp-content\/uploads\/2021\/10\/DSC06012-768x512.jpg 768w, https:\/\/nimmerwo.ch\/wp-content\/uploads\/2021\/10\/DSC06012-18x12.jpg 18w\" sizes=\"(max-width: 1024px) 100vw, 1024px\" \/>\t\t\t\t\t\t\t\t<\/a>\n\t\t\t\t\t\t\t\t\t\t\t<figcaption class=\"widget-image-caption wp-caption-text\"><\/figcaption>\n\t\t\t\t\t\t\t\t\t\t<\/figure>\n\t\t\t\t\t\t\t\t\t<\/div>\n\t\t\t\t<\/div>\n\t\t\t\t<div class=\"elementor-element elementor-element-923237a elementor-widget elementor-widget-text-editor\" data-id=\"923237a\" data-element_type=\"widget\" data-e-type=\"widget\" data-widget_type=\"text-editor.default\">\n\t\t\t\t<div class=\"elementor-widget-container\">\n\t\t\t\t\t\t\t\t\t<p>Anfangs k\u00e4mpfen wir uns \u00fcber vom vielen Regen durchweichte, matschige Waldpfade. Rutschig und richtig m\u00fchsam. Der Slap (\u00fcbersetzt Wasserfall) Virje ist ein erster H\u00f6henpunkt dieser Etappe. Da es eine Zufahrtstrasse bis fast zum Wasser gibt, sind wir lange nicht die einzigen hier.<\/p>\t\t\t\t\t\t\t\t<\/div>\n\t\t\t\t<\/div>\n\t\t\t\t<div class=\"elementor-element elementor-element-749592a elementor-widget elementor-widget-image\" data-id=\"749592a\" data-element_type=\"widget\" data-e-type=\"widget\" data-widget_type=\"image.default\">\n\t\t\t\t<div class=\"elementor-widget-container\">\n\t\t\t\t\t\t\t\t\t\t\t\t<figure class=\"wp-caption\">\n\t\t\t\t\t\t\t\t\t\t\t<a href=\"https:\/\/nimmerwo.ch\/wp-content\/uploads\/2021\/10\/DSC06020.jpg\" data-elementor-open-lightbox=\"yes\" data-e-action-hash=\"#elementor-action%3Aaction%3Dlightbox%26settings%3DeyJpZCI6NzYzNywidXJsIjoiaHR0cHM6XC9cL25pbW1lcndvLmNoXC93cC1jb250ZW50XC91cGxvYWRzXC8yMDIxXC8xMFwvRFNDMDYwMjAuanBnIn0%3D\">\n\t\t\t\t\t\t\t<img loading=\"lazy\" decoding=\"async\" width=\"1024\" height=\"682\" src=\"https:\/\/nimmerwo.ch\/wp-content\/uploads\/2021\/10\/DSC06020.jpg\" class=\"attachment-full size-full wp-image-7637\" alt=\"\" srcset=\"https:\/\/nimmerwo.ch\/wp-content\/uploads\/2021\/10\/DSC06020.jpg 1024w, https:\/\/nimmerwo.ch\/wp-content\/uploads\/2021\/10\/DSC06020-300x200.jpg 300w, https:\/\/nimmerwo.ch\/wp-content\/uploads\/2021\/10\/DSC06020-768x512.jpg 768w, https:\/\/nimmerwo.ch\/wp-content\/uploads\/2021\/10\/DSC06020-18x12.jpg 18w\" sizes=\"(max-width: 1024px) 100vw, 1024px\" \/>\t\t\t\t\t\t\t\t<\/a>\n\t\t\t\t\t\t\t\t\t\t\t<figcaption class=\"widget-image-caption wp-caption-text\"><\/figcaption>\n\t\t\t\t\t\t\t\t\t\t<\/figure>\n\t\t\t\t\t\t\t\t\t<\/div>\n\t\t\t\t<\/div>\n\t\t\t\t<div class=\"elementor-element elementor-element-ef1183c elementor-widget elementor-widget-text-editor\" data-id=\"ef1183c\" data-element_type=\"widget\" data-e-type=\"widget\" data-widget_type=\"text-editor.default\">\n\t\t\t\t<div class=\"elementor-widget-container\">\n\t\t\t\t\t\t\t\t\t<p>Das trifft auch beim n\u00e4chsten Wasserfall, dem Slap Boka, zu. Der ist nur aus der Ferne zu sehen, ist aber sehr imposant. Der h\u00f6chste Wasserfall Sloweniens f\u00e4llt \u00fcber 100 Meter in die Tiefe. \u00dcber viele Treppenstufen erreicht man verschiedene Aussichtspunkte, an denen sich die Menschen dr\u00e4ngen. Wir schiessen die obligaten Fotos und kehren zur\u00fcck auf den Trail, auf dem wir so ziemlich die einzigen Wanderer sind. So gef\u00e4llt es uns besser.<\/p>\t\t\t\t\t\t\t\t<\/div>\n\t\t\t\t<\/div>\n\t\t\t\t<div class=\"elementor-element elementor-element-6e7a753 elementor-widget elementor-widget-image\" data-id=\"6e7a753\" data-element_type=\"widget\" data-e-type=\"widget\" data-widget_type=\"image.default\">\n\t\t\t\t<div class=\"elementor-widget-container\">\n\t\t\t\t\t\t\t\t\t\t\t\t<figure class=\"wp-caption\">\n\t\t\t\t\t\t\t\t\t\t\t<a href=\"https:\/\/nimmerwo.ch\/wp-content\/uploads\/2021\/10\/DSC06041.jpg\" data-elementor-open-lightbox=\"yes\" data-e-action-hash=\"#elementor-action%3Aaction%3Dlightbox%26settings%3DeyJpZCI6NzYzOSwidXJsIjoiaHR0cHM6XC9cL25pbW1lcndvLmNoXC93cC1jb250ZW50XC91cGxvYWRzXC8yMDIxXC8xMFwvRFNDMDYwNDEuanBnIn0%3D\">\n\t\t\t\t\t\t\t<img loading=\"lazy\" decoding=\"async\" width=\"682\" height=\"1024\" src=\"https:\/\/nimmerwo.ch\/wp-content\/uploads\/2021\/10\/DSC06041.jpg\" class=\"attachment-full size-full wp-image-7639\" alt=\"\" srcset=\"https:\/\/nimmerwo.ch\/wp-content\/uploads\/2021\/10\/DSC06041.jpg 682w, https:\/\/nimmerwo.ch\/wp-content\/uploads\/2021\/10\/DSC06041-200x300.jpg 200w, https:\/\/nimmerwo.ch\/wp-content\/uploads\/2021\/10\/DSC06041-8x12.jpg 8w\" sizes=\"(max-width: 682px) 100vw, 682px\" \/>\t\t\t\t\t\t\t\t<\/a>\n\t\t\t\t\t\t\t\t\t\t\t<figcaption class=\"widget-image-caption wp-caption-text\"><\/figcaption>\n\t\t\t\t\t\t\t\t\t\t<\/figure>\n\t\t\t\t\t\t\t\t\t<\/div>\n\t\t\t\t<\/div>\n\t\t\t\t<div class=\"elementor-element elementor-element-e98e8ad elementor-widget elementor-widget-text-editor\" data-id=\"e98e8ad\" data-element_type=\"widget\" data-e-type=\"widget\" data-widget_type=\"text-editor.default\">\n\t\t\t\t<div class=\"elementor-widget-container\">\n\t\t\t\t\t\t\t\t\t<div>Wir ziehen weiter entlang der So\u010da, die leider wegen viel Geb\u00fcsch selten zu sehen ist, bis wir nach 6 Uhr abends endlich ein einsames Fleckchen auf einem Felsen direkt am Wasser finden. Hier wollen wir es uns gem\u00fctlich machen.<\/div>\t\t\t\t\t\t\t\t<\/div>\n\t\t\t\t<\/div>\n\t\t\t\t<div class=\"elementor-element elementor-element-a8caac5 elementor-widget elementor-widget-image\" data-id=\"a8caac5\" data-element_type=\"widget\" data-e-type=\"widget\" data-widget_type=\"image.default\">\n\t\t\t\t<div class=\"elementor-widget-container\">\n\t\t\t\t\t\t\t\t\t\t\t\t\t\t\t\t<a href=\"https:\/\/nimmerwo.ch\/wp-content\/uploads\/2021\/10\/6.jpg\" data-elementor-open-lightbox=\"yes\" data-e-action-hash=\"#elementor-action%3Aaction%3Dlightbox%26settings%3DeyJpZCI6NzY0MCwidXJsIjoiaHR0cHM6XC9cL25pbW1lcndvLmNoXC93cC1jb250ZW50XC91cGxvYWRzXC8yMDIxXC8xMFwvNi5qcGcifQ%3D%3D\">\n\t\t\t\t\t\t\t<img loading=\"lazy\" decoding=\"async\" width=\"532\" height=\"1024\" src=\"https:\/\/nimmerwo.ch\/wp-content\/uploads\/2021\/10\/6.jpg\" class=\"attachment-full size-full wp-image-7640\" alt=\"\" srcset=\"https:\/\/nimmerwo.ch\/wp-content\/uploads\/2021\/10\/6.jpg 532w, https:\/\/nimmerwo.ch\/wp-content\/uploads\/2021\/10\/6-156x300.jpg 156w, https:\/\/nimmerwo.ch\/wp-content\/uploads\/2021\/10\/6-6x12.jpg 6w\" sizes=\"(max-width: 532px) 100vw, 532px\" \/>\t\t\t\t\t\t\t\t<\/a>\n\t\t\t\t\t\t\t\t\t\t\t\t\t\t\t<\/div>\n\t\t\t\t<\/div>\n\t\t\t\t<div class=\"elementor-element elementor-element-41f3323 elementor-widget elementor-widget-text-editor\" data-id=\"41f3323\" data-element_type=\"widget\" data-e-type=\"widget\" data-widget_type=\"text-editor.default\">\n\t\t\t\t<div class=\"elementor-widget-container\">\n\t\t\t\t\t\t\t\t\t<h3 style=\"text-align: center;\">Highlight des Tages<\/h3><div style=\"text-align: center;\">\u00a0<i>Der Slap Boka und unser einsames Pl\u00e4tzchen auf dem Felsen an der\u00a0<\/i><i>So\u010da.<\/i><\/div>\t\t\t\t\t\t\t\t<\/div>\n\t\t\t\t<\/div>\n\t\t\t\t<div class=\"elementor-element elementor-element-f5be3f9 elementor-widget elementor-widget-video\" data-id=\"f5be3f9\" data-element_type=\"widget\" data-e-type=\"widget\" data-settings=\"{&quot;youtube_url&quot;:&quot;https:\\\/\\\/youtu.be\\\/JzF2u7PGiRc&quot;,&quot;yt_privacy&quot;:&quot;yes&quot;,&quot;lazy_load&quot;:&quot;yes&quot;,&quot;video_type&quot;:&quot;youtube&quot;,&quot;controls&quot;:&quot;yes&quot;}\" data-widget_type=\"video.default\">\n\t\t\t\t<div class=\"elementor-widget-container\">\n\t\t\t\t\t\t\t<div class=\"elementor-wrapper elementor-open-inline\">\n\t\t\t<div class=\"elementor-video\"><\/div>\t\t<\/div>\n\t\t\t\t\t\t<\/div>\n\t\t\t\t<\/div>\n\t\t\t\t<div class=\"elementor-element elementor-element-e4342cf elementor-widget-divider--view-line elementor-widget elementor-widget-divider\" data-id=\"e4342cf\" data-element_type=\"widget\" data-e-type=\"widget\" data-widget_type=\"divider.default\">\n\t\t\t\t<div class=\"elementor-widget-container\">\n\t\t\t\t\t\t\t<div class=\"elementor-divider\">\n\t\t\t<span class=\"elementor-divider-separator\">\n\t\t\t\t\t\t<\/span>\n\t\t<\/div>\n\t\t\t\t\t\t<\/div>\n\t\t\t\t<\/div>\n\t\t\t\t<div class=\"elementor-element elementor-element-a9e5621 elementor-widget elementor-widget-text-editor\" data-id=\"a9e5621\" data-element_type=\"widget\" data-e-type=\"widget\" data-widget_type=\"text-editor.default\">\n\t\t\t\t<div class=\"elementor-widget-container\">\n\t\t\t\t\t\t\t\t\t<h3>Tag 7 &#8211; Etappe 25\/26 des Alpe Adria Trails, 20 km &#8211; Ein Aufstieg, der es in sich hat<\/h3><div>Viel haben wir nicht geschlafen. Einerseits st\u00f6rte uns das laute Rauschen der\u00a0So\u010da dabei, anderseits stand das Zelt etwas abf\u00e4llig, so dass wir uns in der Nacht immer wieder vom Fuss des Zelts nach oben k\u00e4mpfen mussten. &#8222;Bleibt es trocken heute Nacht?&#8220; &#8222;Ja ja, das Innenzelt aufzubauen reicht.&#8220;<\/div><div>Hat es nicht. Mitten in der Nacht musste ich mich dazu zwingen, aufzustehen und das Aussenzelt beh\u00e4lfsm\u00e4ssig \u00fcber unsere K\u00f6pfe zu werfen.<\/div>\t\t\t\t\t\t\t\t<\/div>\n\t\t\t\t<\/div>\n\t\t\t\t<div class=\"elementor-element elementor-element-170c952 elementor-widget elementor-widget-image\" data-id=\"170c952\" data-element_type=\"widget\" data-e-type=\"widget\" data-widget_type=\"image.default\">\n\t\t\t\t<div class=\"elementor-widget-container\">\n\t\t\t\t\t\t\t\t\t\t\t\t<figure class=\"wp-caption\">\n\t\t\t\t\t\t\t\t\t\t\t<a href=\"https:\/\/nimmerwo.ch\/wp-content\/uploads\/2021\/10\/DSC06084.jpg\" data-elementor-open-lightbox=\"yes\" data-e-action-hash=\"#elementor-action%3Aaction%3Dlightbox%26settings%3DeyJpZCI6NzY1NywidXJsIjoiaHR0cHM6XC9cL25pbW1lcndvLmNoXC93cC1jb250ZW50XC91cGxvYWRzXC8yMDIxXC8xMFwvRFNDMDYwODQuanBnIn0%3D\">\n\t\t\t\t\t\t\t<img loading=\"lazy\" decoding=\"async\" width=\"1024\" height=\"682\" src=\"https:\/\/nimmerwo.ch\/wp-content\/uploads\/2021\/10\/DSC06084.jpg\" class=\"attachment-full size-full wp-image-7657\" alt=\"\" srcset=\"https:\/\/nimmerwo.ch\/wp-content\/uploads\/2021\/10\/DSC06084.jpg 1024w, https:\/\/nimmerwo.ch\/wp-content\/uploads\/2021\/10\/DSC06084-300x200.jpg 300w, https:\/\/nimmerwo.ch\/wp-content\/uploads\/2021\/10\/DSC06084-768x512.jpg 768w, https:\/\/nimmerwo.ch\/wp-content\/uploads\/2021\/10\/DSC06084-18x12.jpg 18w\" sizes=\"(max-width: 1024px) 100vw, 1024px\" \/>\t\t\t\t\t\t\t\t<\/a>\n\t\t\t\t\t\t\t\t\t\t\t<figcaption class=\"widget-image-caption wp-caption-text\"><\/figcaption>\n\t\t\t\t\t\t\t\t\t\t<\/figure>\n\t\t\t\t\t\t\t\t\t<\/div>\n\t\t\t\t<\/div>\n\t\t\t\t<div class=\"elementor-element elementor-element-45ec43c elementor-widget elementor-widget-text-editor\" data-id=\"45ec43c\" data-element_type=\"widget\" data-e-type=\"widget\" data-widget_type=\"text-editor.default\">\n\t\t\t\t<div class=\"elementor-widget-container\">\n\t\t\t\t\t\t\t\t\t<div>Noch etwas m\u00fcde im Kopf brechen wir auf und steigen auf in die Berge. \u00dcber Dreznica, wo die Etappe 25 in die Etappe 26 \u00fcbergeht, keuchen wir immer weiter in die H\u00f6he. 6 Kilometer geht es \u00fcber einen dschungeligen Pfad weiter aufw\u00e4rts. 6 Kilometer, die es in sich haben! Durchschwitzt erreichen wir endlich den Pass, auf der uns eine im 1. Weltkrieg vom italienischen Regiment erbaute Soldatenkapelle empf\u00e4ngt. Welch eine Aussicht von hier oben.<\/div><div>Wir blicken \u00fcbers Tal tief unter uns. Wie weit wir schon gekommen sind!<\/div>\t\t\t\t\t\t\t\t<\/div>\n\t\t\t\t<\/div>\n\t\t\t\t<div class=\"elementor-element elementor-element-54b531f elementor-widget elementor-widget-image\" data-id=\"54b531f\" data-element_type=\"widget\" data-e-type=\"widget\" data-widget_type=\"image.default\">\n\t\t\t\t<div class=\"elementor-widget-container\">\n\t\t\t\t\t\t\t\t\t\t\t\t<figure class=\"wp-caption\">\n\t\t\t\t\t\t\t\t\t\t\t<a href=\"https:\/\/nimmerwo.ch\/wp-content\/uploads\/2021\/10\/DSC06101.jpg\" data-elementor-open-lightbox=\"yes\" data-elementor-lightbox-description=\"Fast oben! Ganz am Horizont l\u00e4sst sich ein erstes Mal die Adria erahnen.\" data-e-action-hash=\"#elementor-action%3Aaction%3Dlightbox%26settings%3DeyJpZCI6NzY1OSwidXJsIjoiaHR0cHM6XC9cL25pbW1lcndvLmNoXC93cC1jb250ZW50XC91cGxvYWRzXC8yMDIxXC8xMFwvRFNDMDYxMDEuanBnIn0%3D\">\n\t\t\t\t\t\t\t<img loading=\"lazy\" decoding=\"async\" width=\"1024\" height=\"682\" src=\"https:\/\/nimmerwo.ch\/wp-content\/uploads\/2021\/10\/DSC06101.jpg\" class=\"attachment-full size-full wp-image-7659\" alt=\"\" srcset=\"https:\/\/nimmerwo.ch\/wp-content\/uploads\/2021\/10\/DSC06101.jpg 1024w, https:\/\/nimmerwo.ch\/wp-content\/uploads\/2021\/10\/DSC06101-300x200.jpg 300w, https:\/\/nimmerwo.ch\/wp-content\/uploads\/2021\/10\/DSC06101-768x512.jpg 768w, https:\/\/nimmerwo.ch\/wp-content\/uploads\/2021\/10\/DSC06101-18x12.jpg 18w\" sizes=\"(max-width: 1024px) 100vw, 1024px\" \/>\t\t\t\t\t\t\t\t<\/a>\n\t\t\t\t\t\t\t\t\t\t\t<figcaption class=\"widget-image-caption wp-caption-text\">Fast oben! Ganz am Horizont l\u00e4sst sich ein erstes Mal die Adria erahnen.<\/figcaption>\n\t\t\t\t\t\t\t\t\t\t<\/figure>\n\t\t\t\t\t\t\t\t\t<\/div>\n\t\t\t\t<\/div>\n\t\t\t\t<div class=\"elementor-element elementor-element-ef32cea elementor-widget elementor-widget-image\" data-id=\"ef32cea\" data-element_type=\"widget\" data-e-type=\"widget\" data-widget_type=\"image.default\">\n\t\t\t\t<div class=\"elementor-widget-container\">\n\t\t\t\t\t\t\t\t\t\t\t\t<figure class=\"wp-caption\">\n\t\t\t\t\t\t\t\t\t\t\t<a href=\"https:\/\/nimmerwo.ch\/wp-content\/uploads\/2021\/10\/DSC06108.jpg\" data-elementor-open-lightbox=\"yes\" data-e-action-hash=\"#elementor-action%3Aaction%3Dlightbox%26settings%3DeyJpZCI6NzY2MCwidXJsIjoiaHR0cHM6XC9cL25pbW1lcndvLmNoXC93cC1jb250ZW50XC91cGxvYWRzXC8yMDIxXC8xMFwvRFNDMDYxMDguanBnIn0%3D\">\n\t\t\t\t\t\t\t<img loading=\"lazy\" decoding=\"async\" width=\"682\" height=\"1024\" src=\"https:\/\/nimmerwo.ch\/wp-content\/uploads\/2021\/10\/DSC06108.jpg\" class=\"attachment-full size-full wp-image-7660\" alt=\"\" srcset=\"https:\/\/nimmerwo.ch\/wp-content\/uploads\/2021\/10\/DSC06108.jpg 682w, https:\/\/nimmerwo.ch\/wp-content\/uploads\/2021\/10\/DSC06108-200x300.jpg 200w, https:\/\/nimmerwo.ch\/wp-content\/uploads\/2021\/10\/DSC06108-8x12.jpg 8w\" sizes=\"(max-width: 682px) 100vw, 682px\" \/>\t\t\t\t\t\t\t\t<\/a>\n\t\t\t\t\t\t\t\t\t\t\t<figcaption class=\"widget-image-caption wp-caption-text\"><\/figcaption>\n\t\t\t\t\t\t\t\t\t\t<\/figure>\n\t\t\t\t\t\t\t\t\t<\/div>\n\t\t\t\t<\/div>\n\t\t\t\t<div class=\"elementor-element elementor-element-485d353 elementor-widget elementor-widget-text-editor\" data-id=\"485d353\" data-element_type=\"widget\" data-e-type=\"widget\" data-widget_type=\"text-editor.default\">\n\t\t\t\t<div class=\"elementor-widget-container\">\n\t\t\t\t\t\t\t\t\t<p>Auf der anderen Seite geht es gem\u00e4chlich abw\u00e4rts, zun\u00e4chst durch den k\u00fchlen Wald, dann weiter \u00fcber Kuhweiden, bis wir \u00fcberraschenderweise eine Alpwirtschaft antreffen. Da muss man uns nicht zweimal bitten. Ein k\u00fchles Bier erfrischt und lockert die Muskeln.<\/p>\t\t\t\t\t\t\t\t<\/div>\n\t\t\t\t<\/div>\n\t\t\t\t<div class=\"elementor-element elementor-element-cb97373 elementor-widget elementor-widget-image\" data-id=\"cb97373\" data-element_type=\"widget\" data-e-type=\"widget\" data-widget_type=\"image.default\">\n\t\t\t\t<div class=\"elementor-widget-container\">\n\t\t\t\t\t\t\t\t\t\t\t\t<figure class=\"wp-caption\">\n\t\t\t\t\t\t\t\t\t\t\t<a href=\"https:\/\/nimmerwo.ch\/wp-content\/uploads\/2021\/10\/DSC06113.jpg\" data-elementor-open-lightbox=\"yes\" data-e-action-hash=\"#elementor-action%3Aaction%3Dlightbox%26settings%3DeyJpZCI6NzY2MSwidXJsIjoiaHR0cHM6XC9cL25pbW1lcndvLmNoXC93cC1jb250ZW50XC91cGxvYWRzXC8yMDIxXC8xMFwvRFNDMDYxMTMuanBnIn0%3D\">\n\t\t\t\t\t\t\t<img loading=\"lazy\" decoding=\"async\" width=\"682\" height=\"1024\" src=\"https:\/\/nimmerwo.ch\/wp-content\/uploads\/2021\/10\/DSC06113.jpg\" class=\"attachment-full size-full wp-image-7661\" alt=\"\" srcset=\"https:\/\/nimmerwo.ch\/wp-content\/uploads\/2021\/10\/DSC06113.jpg 682w, https:\/\/nimmerwo.ch\/wp-content\/uploads\/2021\/10\/DSC06113-200x300.jpg 200w, https:\/\/nimmerwo.ch\/wp-content\/uploads\/2021\/10\/DSC06113-8x12.jpg 8w\" sizes=\"(max-width: 682px) 100vw, 682px\" \/>\t\t\t\t\t\t\t\t<\/a>\n\t\t\t\t\t\t\t\t\t\t\t<figcaption class=\"widget-image-caption wp-caption-text\"><\/figcaption>\n\t\t\t\t\t\t\t\t\t\t<\/figure>\n\t\t\t\t\t\t\t\t\t<\/div>\n\t\t\t\t<\/div>\n\t\t\t\t<div class=\"elementor-element elementor-element-cdcea7c elementor-widget elementor-widget-text-editor\" data-id=\"cdcea7c\" data-element_type=\"widget\" data-e-type=\"widget\" data-widget_type=\"text-editor.default\">\n\t\t\t\t<div class=\"elementor-widget-container\">\n\t\t\t\t\t\t\t\t\t<div>Weiter und weiter wandern wir ins Tal auf der Suche nach einer passenden Schlafgelgenheit. Es ist bereits 19:00 Uhr, als wir eine H\u00f6hle finden. Der Untergrund ist zwar etwas hart, aber mit unseren aufblasbaren Matten werden wir auch diese Nacht meistern. Der Aussichtspunkt um die Ecke muss ich noch mit einem Wort erw\u00e4hnen: &#8222;Wow!&#8220;<\/div>\t\t\t\t\t\t\t\t<\/div>\n\t\t\t\t<\/div>\n\t\t\t\t<div class=\"elementor-element elementor-element-7067e63 elementor-widget elementor-widget-image\" data-id=\"7067e63\" data-element_type=\"widget\" data-e-type=\"widget\" data-widget_type=\"image.default\">\n\t\t\t\t<div class=\"elementor-widget-container\">\n\t\t\t\t\t\t\t\t\t\t\t\t<figure class=\"wp-caption\">\n\t\t\t\t\t\t\t\t\t\t\t<a href=\"https:\/\/nimmerwo.ch\/wp-content\/uploads\/2021\/10\/DSC06122.jpg\" data-elementor-open-lightbox=\"yes\" data-e-action-hash=\"#elementor-action%3Aaction%3Dlightbox%26settings%3DeyJpZCI6NzY2MywidXJsIjoiaHR0cHM6XC9cL25pbW1lcndvLmNoXC93cC1jb250ZW50XC91cGxvYWRzXC8yMDIxXC8xMFwvRFNDMDYxMjIuanBnIn0%3D\">\n\t\t\t\t\t\t\t<img loading=\"lazy\" decoding=\"async\" width=\"1024\" height=\"682\" src=\"https:\/\/nimmerwo.ch\/wp-content\/uploads\/2021\/10\/DSC06122.jpg\" class=\"attachment-full size-full wp-image-7663\" alt=\"\" srcset=\"https:\/\/nimmerwo.ch\/wp-content\/uploads\/2021\/10\/DSC06122.jpg 1024w, https:\/\/nimmerwo.ch\/wp-content\/uploads\/2021\/10\/DSC06122-300x200.jpg 300w, https:\/\/nimmerwo.ch\/wp-content\/uploads\/2021\/10\/DSC06122-768x512.jpg 768w, https:\/\/nimmerwo.ch\/wp-content\/uploads\/2021\/10\/DSC06122-18x12.jpg 18w\" sizes=\"(max-width: 1024px) 100vw, 1024px\" \/>\t\t\t\t\t\t\t\t<\/a>\n\t\t\t\t\t\t\t\t\t\t\t<figcaption class=\"widget-image-caption wp-caption-text\"><\/figcaption>\n\t\t\t\t\t\t\t\t\t\t<\/figure>\n\t\t\t\t\t\t\t\t\t<\/div>\n\t\t\t\t<\/div>\n\t\t\t\t<div class=\"elementor-element elementor-element-f58bff9 elementor-widget elementor-widget-text-editor\" data-id=\"f58bff9\" data-element_type=\"widget\" data-e-type=\"widget\" data-widget_type=\"text-editor.default\">\n\t\t\t\t<div class=\"elementor-widget-container\">\n\t\t\t\t\t\t\t\t\t<p>In der Ferne erkennen wir Tolmin mit der Burg auf dem H\u00fcgelspitz. Unser morgiges Ziel liegt etwas dahinter, der Zeltplatz Siber am Stadtrand.<\/p>\t\t\t\t\t\t\t\t<\/div>\n\t\t\t\t<\/div>\n\t\t\t\t<div class=\"elementor-element elementor-element-2e056ba elementor-widget elementor-widget-image\" data-id=\"2e056ba\" data-element_type=\"widget\" data-e-type=\"widget\" data-widget_type=\"image.default\">\n\t\t\t\t<div class=\"elementor-widget-container\">\n\t\t\t\t\t\t\t\t\t\t\t\t\t\t\t\t<a href=\"https:\/\/nimmerwo.ch\/wp-content\/uploads\/2021\/10\/7.jpg\" data-elementor-open-lightbox=\"yes\" data-e-action-hash=\"#elementor-action%3Aaction%3Dlightbox%26settings%3DeyJpZCI6NzY1NSwidXJsIjoiaHR0cHM6XC9cL25pbW1lcndvLmNoXC93cC1jb250ZW50XC91cGxvYWRzXC8yMDIxXC8xMFwvNy5qcGcifQ%3D%3D\">\n\t\t\t\t\t\t\t<img loading=\"lazy\" decoding=\"async\" width=\"536\" height=\"1024\" src=\"https:\/\/nimmerwo.ch\/wp-content\/uploads\/2021\/10\/7.jpg\" class=\"attachment-full size-full wp-image-7655\" alt=\"\" srcset=\"https:\/\/nimmerwo.ch\/wp-content\/uploads\/2021\/10\/7.jpg 536w, https:\/\/nimmerwo.ch\/wp-content\/uploads\/2021\/10\/7-157x300.jpg 157w, https:\/\/nimmerwo.ch\/wp-content\/uploads\/2021\/10\/7-6x12.jpg 6w\" sizes=\"(max-width: 536px) 100vw, 536px\" \/>\t\t\t\t\t\t\t\t<\/a>\n\t\t\t\t\t\t\t\t\t\t\t\t\t\t\t<\/div>\n\t\t\t\t<\/div>\n\t\t\t\t<div class=\"elementor-element elementor-element-5184b02 elementor-widget elementor-widget-text-editor\" data-id=\"5184b02\" data-element_type=\"widget\" data-e-type=\"widget\" data-widget_type=\"text-editor.default\">\n\t\t\t\t<div class=\"elementor-widget-container\">\n\t\t\t\t\t\t\t\t\t<h3 style=\"text-align: center;\">Highlight des Tages<\/h3><div style=\"text-align: center;\"><div><em>Ja, eigentlich der gesamte Wandertag. Aber wenn es nur etwas sein soll, dann ist es unsere heutige, unkonventionelle Lagerst\u00e4tte.<\/em><\/div><\/div>\t\t\t\t\t\t\t\t<\/div>\n\t\t\t\t<\/div>\n\t\t\t\t<div class=\"elementor-element elementor-element-1e0abd3 elementor-widget elementor-widget-image\" data-id=\"1e0abd3\" data-element_type=\"widget\" data-e-type=\"widget\" data-widget_type=\"image.default\">\n\t\t\t\t<div class=\"elementor-widget-container\">\n\t\t\t\t\t\t\t\t\t\t\t\t<figure class=\"wp-caption\">\n\t\t\t\t\t\t\t\t\t\t\t<a href=\"https:\/\/nimmerwo.ch\/wp-content\/uploads\/2021\/10\/IMG_20210817_210844.jpg\" data-elementor-open-lightbox=\"yes\" data-e-action-hash=\"#elementor-action%3Aaction%3Dlightbox%26settings%3DeyJpZCI6NzY3MSwidXJsIjoiaHR0cHM6XC9cL25pbW1lcndvLmNoXC93cC1jb250ZW50XC91cGxvYWRzXC8yMDIxXC8xMFwvSU1HXzIwMjEwODE3XzIxMDg0NC5qcGcifQ%3D%3D\">\n\t\t\t\t\t\t\t<img loading=\"lazy\" decoding=\"async\" width=\"1024\" height=\"768\" src=\"https:\/\/nimmerwo.ch\/wp-content\/uploads\/2021\/10\/IMG_20210817_210844.jpg\" class=\"attachment-full size-full wp-image-7671\" alt=\"\" srcset=\"https:\/\/nimmerwo.ch\/wp-content\/uploads\/2021\/10\/IMG_20210817_210844.jpg 1024w, https:\/\/nimmerwo.ch\/wp-content\/uploads\/2021\/10\/IMG_20210817_210844-300x225.jpg 300w, https:\/\/nimmerwo.ch\/wp-content\/uploads\/2021\/10\/IMG_20210817_210844-768x576.jpg 768w, https:\/\/nimmerwo.ch\/wp-content\/uploads\/2021\/10\/IMG_20210817_210844-16x12.jpg 16w\" sizes=\"(max-width: 1024px) 100vw, 1024px\" \/>\t\t\t\t\t\t\t\t<\/a>\n\t\t\t\t\t\t\t\t\t\t\t<figcaption class=\"widget-image-caption wp-caption-text\"><\/figcaption>\n\t\t\t\t\t\t\t\t\t\t<\/figure>\n\t\t\t\t\t\t\t\t\t<\/div>\n\t\t\t\t<\/div>\n\t\t\t\t<div class=\"elementor-element elementor-element-63b06f2 elementor-widget-divider--view-line elementor-widget elementor-widget-divider\" data-id=\"63b06f2\" data-element_type=\"widget\" data-e-type=\"widget\" data-widget_type=\"divider.default\">\n\t\t\t\t<div class=\"elementor-widget-container\">\n\t\t\t\t\t\t\t<div class=\"elementor-divider\">\n\t\t\t<span class=\"elementor-divider-separator\">\n\t\t\t\t\t\t<\/span>\n\t\t<\/div>\n\t\t\t\t\t\t<\/div>\n\t\t\t\t<\/div>\n\t\t\t\t<div class=\"elementor-element elementor-element-ec35e62 elementor-widget elementor-widget-text-editor\" data-id=\"ec35e62\" data-element_type=\"widget\" data-e-type=\"widget\" data-widget_type=\"text-editor.default\">\n\t\t\t\t<div class=\"elementor-widget-container\">\n\t\t\t\t\t\t\t\t\t<h3>Tag 8 &#8211; Etappe 26 des Alpe Adria Trails, 10 km &#8211; Pause in Tolmin<\/h3><div><div>Heute wandern wir nicht weit. Knapp 10 km sind es bis Tolmin. Man merkt schnell, das der Ort ein weiteres Mekka f\u00fcr Outdoor-Enthusiasten ist. Wir treffen auf Gleitschirmflieger, Kayak-Gruppen, Biker&#8230; Die Gegend fordert einen geradezu dazu auf, sich ins Abenteuer zu st\u00fcrzen.<\/div><\/div>\t\t\t\t\t\t\t\t<\/div>\n\t\t\t\t<\/div>\n\t\t\t\t<div class=\"elementor-element elementor-element-92b7abc elementor-widget elementor-widget-image\" data-id=\"92b7abc\" data-element_type=\"widget\" data-e-type=\"widget\" data-widget_type=\"image.default\">\n\t\t\t\t<div class=\"elementor-widget-container\">\n\t\t\t\t\t\t\t\t\t\t\t\t<figure class=\"wp-caption\">\n\t\t\t\t\t\t\t\t\t\t\t<a href=\"https:\/\/nimmerwo.ch\/wp-content\/uploads\/2021\/10\/DSC06133.jpg\" data-elementor-open-lightbox=\"yes\" data-elementor-lightbox-description=\"Immer sch\u00f6n Rot-Gr\u00fcn-Blau entlang\" data-e-action-hash=\"#elementor-action%3Aaction%3Dlightbox%26settings%3DeyJpZCI6NzY2NSwidXJsIjoiaHR0cHM6XC9cL25pbW1lcndvLmNoXC93cC1jb250ZW50XC91cGxvYWRzXC8yMDIxXC8xMFwvRFNDMDYxMzMuanBnIn0%3D\">\n\t\t\t\t\t\t\t<img loading=\"lazy\" decoding=\"async\" width=\"1024\" height=\"682\" src=\"https:\/\/nimmerwo.ch\/wp-content\/uploads\/2021\/10\/DSC06133.jpg\" class=\"attachment-full size-full wp-image-7665\" alt=\"\" srcset=\"https:\/\/nimmerwo.ch\/wp-content\/uploads\/2021\/10\/DSC06133.jpg 1024w, https:\/\/nimmerwo.ch\/wp-content\/uploads\/2021\/10\/DSC06133-300x200.jpg 300w, https:\/\/nimmerwo.ch\/wp-content\/uploads\/2021\/10\/DSC06133-768x512.jpg 768w, https:\/\/nimmerwo.ch\/wp-content\/uploads\/2021\/10\/DSC06133-18x12.jpg 18w\" sizes=\"(max-width: 1024px) 100vw, 1024px\" \/>\t\t\t\t\t\t\t\t<\/a>\n\t\t\t\t\t\t\t\t\t\t\t<figcaption class=\"widget-image-caption wp-caption-text\">Immer sch\u00f6n Rot-Gr\u00fcn-Blau entlang<\/figcaption>\n\t\t\t\t\t\t\t\t\t\t<\/figure>\n\t\t\t\t\t\t\t\t\t<\/div>\n\t\t\t\t<\/div>\n\t\t\t\t<div class=\"elementor-element elementor-element-f7f4151 elementor-widget elementor-widget-text-editor\" data-id=\"f7f4151\" data-element_type=\"widget\" data-e-type=\"widget\" data-widget_type=\"text-editor.default\">\n\t\t\t\t<div class=\"elementor-widget-container\">\n\t\t\t\t\t\t\t\t\t<div>Aber nicht nur daf\u00fcr ist Tolmin bekannt. Es hostet ebenfalls mehrere Festivals. Heute, Sonntag, geht zuf\u00e4llig das Reggae-Openair gerade zu Ende. Schade, leider verpasst. Ein bisschen Festival-Vibe kriegen wir dennoch ab, da der Alpe Adria Trail genau durch das Gel\u00e4nde f\u00fchrt. Es herrscht Aufbruchstimmung, die Leute haben bereits begonnen, abzur\u00e4umen. Trotzdem sch\u00f6n, seit langem wieder mal etwas Openair zu schnuppern.<\/div>\t\t\t\t\t\t\t\t<\/div>\n\t\t\t\t<\/div>\n\t\t\t\t<div class=\"elementor-element elementor-element-cece5cb elementor-widget elementor-widget-image\" data-id=\"cece5cb\" data-element_type=\"widget\" data-e-type=\"widget\" data-widget_type=\"image.default\">\n\t\t\t\t<div class=\"elementor-widget-container\">\n\t\t\t\t\t\t\t\t\t\t\t\t<figure class=\"wp-caption\">\n\t\t\t\t\t\t\t\t\t\t\t<a href=\"https:\/\/nimmerwo.ch\/wp-content\/uploads\/2021\/10\/IMG_20210808_113606.jpg\" data-elementor-open-lightbox=\"yes\" data-elementor-lightbox-description=\"Erste Zeichen des 1. Weltkriegs in Tolmin\" data-e-action-hash=\"#elementor-action%3Aaction%3Dlightbox%26settings%3DeyJpZCI6NzY1NCwidXJsIjoiaHR0cHM6XC9cL25pbW1lcndvLmNoXC93cC1jb250ZW50XC91cGxvYWRzXC8yMDIxXC8xMFwvSU1HXzIwMjEwODA4XzExMzYwNi5qcGcifQ%3D%3D\">\n\t\t\t\t\t\t\t<img loading=\"lazy\" decoding=\"async\" width=\"768\" height=\"1024\" src=\"https:\/\/nimmerwo.ch\/wp-content\/uploads\/2021\/10\/IMG_20210808_113606.jpg\" class=\"attachment-full size-full wp-image-7654\" alt=\"\" srcset=\"https:\/\/nimmerwo.ch\/wp-content\/uploads\/2021\/10\/IMG_20210808_113606.jpg 768w, https:\/\/nimmerwo.ch\/wp-content\/uploads\/2021\/10\/IMG_20210808_113606-225x300.jpg 225w, https:\/\/nimmerwo.ch\/wp-content\/uploads\/2021\/10\/IMG_20210808_113606-9x12.jpg 9w\" sizes=\"(max-width: 768px) 100vw, 768px\" \/>\t\t\t\t\t\t\t\t<\/a>\n\t\t\t\t\t\t\t\t\t\t\t<figcaption class=\"widget-image-caption wp-caption-text\">Erste Zeichen des 1. Weltkriegs in Tolmin<\/figcaption>\n\t\t\t\t\t\t\t\t\t\t<\/figure>\n\t\t\t\t\t\t\t\t\t<\/div>\n\t\t\t\t<\/div>\n\t\t\t\t<div class=\"elementor-element elementor-element-3585bb8 elementor-widget elementor-widget-text-editor\" data-id=\"3585bb8\" data-element_type=\"widget\" data-e-type=\"widget\" data-widget_type=\"text-editor.default\">\n\t\t\t\t<div class=\"elementor-widget-container\">\n\t\t\t\t\t\t\t\t\t<div>Wir kommen knapp nach 12 Uhr mittags auf dem Zeltplatz an, der wunderbar am Fluss gelegen ist. Viel mehr als in der Stadt Essen zu gehen, haben wir heute nicht mehr vor. Nach Italien ist es nun nicht mehr weit, trotzdem trennt uns noch ein ganzer H\u00f6henkilometer auf ca. 9 km Strecke von der Grenze.&nbsp;Da werden wir unsere Kr\u00e4fte wieder b\u00fcndeln m\u00fcssen. Aber diese Tatsache lassen wir vorest die Sorgen von morgen sein.<\/div>\t\t\t\t\t\t\t\t<\/div>\n\t\t\t\t<\/div>\n\t\t\t\t<div class=\"elementor-element elementor-element-4dfe539 elementor-widget elementor-widget-image\" data-id=\"4dfe539\" data-element_type=\"widget\" data-e-type=\"widget\" data-widget_type=\"image.default\">\n\t\t\t\t<div class=\"elementor-widget-container\">\n\t\t\t\t\t\t\t\t\t\t\t\t\t\t\t\t<a href=\"https:\/\/nimmerwo.ch\/wp-content\/uploads\/2021\/10\/8.jpg\" data-elementor-open-lightbox=\"yes\" data-e-action-hash=\"#elementor-action%3Aaction%3Dlightbox%26settings%3DeyJpZCI6NzY1NiwidXJsIjoiaHR0cHM6XC9cL25pbW1lcndvLmNoXC93cC1jb250ZW50XC91cGxvYWRzXC8yMDIxXC8xMFwvOC5qcGcifQ%3D%3D\">\n\t\t\t\t\t\t\t<img loading=\"lazy\" decoding=\"async\" width=\"532\" height=\"1024\" src=\"https:\/\/nimmerwo.ch\/wp-content\/uploads\/2021\/10\/8.jpg\" class=\"attachment-full size-full wp-image-7656\" alt=\"\" srcset=\"https:\/\/nimmerwo.ch\/wp-content\/uploads\/2021\/10\/8.jpg 532w, https:\/\/nimmerwo.ch\/wp-content\/uploads\/2021\/10\/8-156x300.jpg 156w, https:\/\/nimmerwo.ch\/wp-content\/uploads\/2021\/10\/8-6x12.jpg 6w\" sizes=\"(max-width: 532px) 100vw, 532px\" \/>\t\t\t\t\t\t\t\t<\/a>\n\t\t\t\t\t\t\t\t\t\t\t\t\t\t\t<\/div>\n\t\t\t\t<\/div>\n\t\t\t\t<div class=\"elementor-element elementor-element-992152c elementor-widget elementor-widget-text-editor\" data-id=\"992152c\" data-element_type=\"widget\" data-e-type=\"widget\" data-widget_type=\"text-editor.default\">\n\t\t\t\t<div class=\"elementor-widget-container\">\n\t\t\t\t\t\t\t\t\t<h3 style=\"text-align: center;\">Highlight des Tages<\/h3><div style=\"text-align: center;\"><div><em>Der Morgen-Kaffee am Aussichtspunkt bei unserer H\u00f6hle.<\/em><\/div><\/div>\t\t\t\t\t\t\t\t<\/div>\n\t\t\t\t<\/div>\n\t\t\t\t<div class=\"elementor-element elementor-element-0d232c2 elementor-widget elementor-widget-image\" data-id=\"0d232c2\" data-element_type=\"widget\" data-e-type=\"widget\" data-widget_type=\"image.default\">\n\t\t\t\t<div class=\"elementor-widget-container\">\n\t\t\t\t\t\t\t\t\t\t\t\t<figure class=\"wp-caption\">\n\t\t\t\t\t\t\t\t\t\t\t<a href=\"https:\/\/nimmerwo.ch\/wp-content\/uploads\/2021\/10\/DSC06088.jpg\" data-elementor-open-lightbox=\"yes\" data-e-action-hash=\"#elementor-action%3Aaction%3Dlightbox%26settings%3DeyJpZCI6NzY1OCwidXJsIjoiaHR0cHM6XC9cL25pbW1lcndvLmNoXC93cC1jb250ZW50XC91cGxvYWRzXC8yMDIxXC8xMFwvRFNDMDYwODguanBnIn0%3D\">\n\t\t\t\t\t\t\t<img loading=\"lazy\" decoding=\"async\" width=\"682\" height=\"1024\" src=\"https:\/\/nimmerwo.ch\/wp-content\/uploads\/2021\/10\/DSC06088.jpg\" class=\"attachment-full size-full wp-image-7658\" alt=\"\" srcset=\"https:\/\/nimmerwo.ch\/wp-content\/uploads\/2021\/10\/DSC06088.jpg 682w, https:\/\/nimmerwo.ch\/wp-content\/uploads\/2021\/10\/DSC06088-200x300.jpg 200w, https:\/\/nimmerwo.ch\/wp-content\/uploads\/2021\/10\/DSC06088-8x12.jpg 8w\" sizes=\"(max-width: 682px) 100vw, 682px\" \/>\t\t\t\t\t\t\t\t<\/a>\n\t\t\t\t\t\t\t\t\t\t\t<figcaption class=\"widget-image-caption wp-caption-text\"><\/figcaption>\n\t\t\t\t\t\t\t\t\t\t<\/figure>\n\t\t\t\t\t\t\t\t\t<\/div>\n\t\t\t\t<\/div>\n\t\t\t\t<div class=\"elementor-element elementor-element-6ff6eb5 elementor-widget elementor-widget-image\" data-id=\"6ff6eb5\" data-element_type=\"widget\" data-e-type=\"widget\" data-widget_type=\"image.default\">\n\t\t\t\t<div class=\"elementor-widget-container\">\n\t\t\t\t\t\t\t\t\t\t\t\t<figure class=\"wp-caption\">\n\t\t\t\t\t\t\t\t\t\t\t<a href=\"https:\/\/nimmerwo.ch\/wp-content\/uploads\/2021\/10\/DSC06118.jpg\" data-elementor-open-lightbox=\"yes\" data-e-action-hash=\"#elementor-action%3Aaction%3Dlightbox%26settings%3DeyJpZCI6NzY2MiwidXJsIjoiaHR0cHM6XC9cL25pbW1lcndvLmNoXC93cC1jb250ZW50XC91cGxvYWRzXC8yMDIxXC8xMFwvRFNDMDYxMTguanBnIn0%3D\">\n\t\t\t\t\t\t\t<img loading=\"lazy\" decoding=\"async\" width=\"1024\" height=\"682\" src=\"https:\/\/nimmerwo.ch\/wp-content\/uploads\/2021\/10\/DSC06118.jpg\" class=\"attachment-full size-full wp-image-7662\" alt=\"\" srcset=\"https:\/\/nimmerwo.ch\/wp-content\/uploads\/2021\/10\/DSC06118.jpg 1024w, https:\/\/nimmerwo.ch\/wp-content\/uploads\/2021\/10\/DSC06118-300x200.jpg 300w, https:\/\/nimmerwo.ch\/wp-content\/uploads\/2021\/10\/DSC06118-768x512.jpg 768w, https:\/\/nimmerwo.ch\/wp-content\/uploads\/2021\/10\/DSC06118-18x12.jpg 18w\" sizes=\"(max-width: 1024px) 100vw, 1024px\" \/>\t\t\t\t\t\t\t\t<\/a>\n\t\t\t\t\t\t\t\t\t\t\t<figcaption class=\"widget-image-caption wp-caption-text\"><\/figcaption>\n\t\t\t\t\t\t\t\t\t\t<\/figure>\n\t\t\t\t\t\t\t\t\t<\/div>\n\t\t\t\t<\/div>\n\t\t\t\t<div class=\"elementor-element elementor-element-ca44d98 elementor-widget-divider--view-line elementor-widget elementor-widget-divider\" data-id=\"ca44d98\" data-element_type=\"widget\" data-e-type=\"widget\" data-widget_type=\"divider.default\">\n\t\t\t\t<div class=\"elementor-widget-container\">\n\t\t\t\t\t\t\t<div class=\"elementor-divider\">\n\t\t\t<span class=\"elementor-divider-separator\">\n\t\t\t\t\t\t<\/span>\n\t\t<\/div>\n\t\t\t\t\t\t<\/div>\n\t\t\t\t<\/div>\n\t\t\t\t<div class=\"elementor-element elementor-element-2e07169 elementor-widget elementor-widget-text-editor\" data-id=\"2e07169\" data-element_type=\"widget\" data-e-type=\"widget\" data-widget_type=\"text-editor.default\">\n\t\t\t\t<div class=\"elementor-widget-container\">\n\t\t\t\t\t\t\t\t\t<h3>Tag 9 &#8211; Etappe 27 des Alpe Adria Trails, 11 km &#8211; 1. WK im Freilichtmuseum<\/h3><div>Den Morgen lassen wir ruhig angehen. Wir kaufen in Tolmin eine frische Gaskartusche und Nahrungsmittel ein. Aber nicht zu viel Essen, denn heute wird es steil.<\/div>\t\t\t\t\t\t\t\t<\/div>\n\t\t\t\t<\/div>\n\t\t\t\t<div class=\"elementor-element elementor-element-f9e4274 elementor-widget elementor-widget-image\" data-id=\"f9e4274\" data-element_type=\"widget\" data-e-type=\"widget\" data-widget_type=\"image.default\">\n\t\t\t\t<div class=\"elementor-widget-container\">\n\t\t\t\t\t\t\t\t\t\t\t\t<figure class=\"wp-caption\">\n\t\t\t\t\t\t\t\t\t\t\t<a href=\"https:\/\/nimmerwo.ch\/wp-content\/uploads\/2021\/10\/DSC06150.jpg\" data-elementor-open-lightbox=\"yes\" data-elementor-lightbox-description=\"Dieser Alpe Adria Trail Stein weist uns den Weg\" data-e-action-hash=\"#elementor-action%3Aaction%3Dlightbox%26settings%3DeyJpZCI6NzcwOSwidXJsIjoiaHR0cHM6XC9cL25pbW1lcndvLmNoXC93cC1jb250ZW50XC91cGxvYWRzXC8yMDIxXC8xMFwvRFNDMDYxNTAuanBnIn0%3D\">\n\t\t\t\t\t\t\t<img loading=\"lazy\" decoding=\"async\" width=\"1024\" height=\"682\" src=\"https:\/\/nimmerwo.ch\/wp-content\/uploads\/2021\/10\/DSC06150.jpg\" class=\"attachment-full size-full wp-image-7709\" alt=\"Alpe Adria Trail Wegweiser\" srcset=\"https:\/\/nimmerwo.ch\/wp-content\/uploads\/2021\/10\/DSC06150.jpg 1024w, https:\/\/nimmerwo.ch\/wp-content\/uploads\/2021\/10\/DSC06150-300x200.jpg 300w, https:\/\/nimmerwo.ch\/wp-content\/uploads\/2021\/10\/DSC06150-768x512.jpg 768w, https:\/\/nimmerwo.ch\/wp-content\/uploads\/2021\/10\/DSC06150-18x12.jpg 18w\" sizes=\"(max-width: 1024px) 100vw, 1024px\" \/>\t\t\t\t\t\t\t\t<\/a>\n\t\t\t\t\t\t\t\t\t\t\t<figcaption class=\"widget-image-caption wp-caption-text\">Dieser Alpe Adria Trail Stein weist uns den Weg<\/figcaption>\n\t\t\t\t\t\t\t\t\t\t<\/figure>\n\t\t\t\t\t\t\t\t\t<\/div>\n\t\t\t\t<\/div>\n\t\t\t\t<div class=\"elementor-element elementor-element-81e4377 elementor-widget elementor-widget-text-editor\" data-id=\"81e4377\" data-element_type=\"widget\" data-e-type=\"widget\" data-widget_type=\"text-editor.default\">\n\t\t\t\t<div class=\"elementor-widget-container\">\n\t\t\t\t\t\t\t\t\t<div>Am Mittag \u00fcberqueren wir in wunderbarem Sonnenschein die\u00a0So\u010da Richtung Vol\u010de. Nach dem h\u00fcbschen D\u00f6rfchen wird die kleine Strasse immer steiler. In den n\u00e4chsten f\u00fcnf Kilometer m\u00fcssen wir fast 1000 Meter in die H\u00f6he steigen. Die Strasse wird zum ger\u00f6lligen Pfad durch den Wald. &#8222;Nur 5 km&#8230;&#8220;, ermuntern wir uns gegenseitig. Es ist super anstrengend. Wenigstens k\u00f6nnen wir im Schatten gehen. Und Podcast h\u00f6ren. Das lenkt etwas von den schreienden Muskeln ab.<\/div>\t\t\t\t\t\t\t\t<\/div>\n\t\t\t\t<\/div>\n\t\t\t\t<div class=\"elementor-element elementor-element-3769eb3 elementor-widget elementor-widget-image\" data-id=\"3769eb3\" data-element_type=\"widget\" data-e-type=\"widget\" data-widget_type=\"image.default\">\n\t\t\t\t<div class=\"elementor-widget-container\">\n\t\t\t\t\t\t\t\t\t\t\t\t<figure class=\"wp-caption\">\n\t\t\t\t\t\t\t\t\t\t\t<a href=\"https:\/\/nimmerwo.ch\/wp-content\/uploads\/2021\/10\/DSC06146.jpg\" data-elementor-open-lightbox=\"yes\" data-e-action-hash=\"#elementor-action%3Aaction%3Dlightbox%26settings%3DeyJpZCI6NzcwOCwidXJsIjoiaHR0cHM6XC9cL25pbW1lcndvLmNoXC93cC1jb250ZW50XC91cGxvYWRzXC8yMDIxXC8xMFwvRFNDMDYxNDYuanBnIn0%3D\">\n\t\t\t\t\t\t\t<img loading=\"lazy\" decoding=\"async\" width=\"682\" height=\"1024\" src=\"https:\/\/nimmerwo.ch\/wp-content\/uploads\/2021\/10\/DSC06146.jpg\" class=\"attachment-full size-full wp-image-7708\" alt=\"Steiler Weg auf dem Alpe Adria Trail\" srcset=\"https:\/\/nimmerwo.ch\/wp-content\/uploads\/2021\/10\/DSC06146.jpg 682w, https:\/\/nimmerwo.ch\/wp-content\/uploads\/2021\/10\/DSC06146-200x300.jpg 200w, https:\/\/nimmerwo.ch\/wp-content\/uploads\/2021\/10\/DSC06146-8x12.jpg 8w\" sizes=\"(max-width: 682px) 100vw, 682px\" \/>\t\t\t\t\t\t\t\t<\/a>\n\t\t\t\t\t\t\t\t\t\t\t<figcaption class=\"widget-image-caption wp-caption-text\"><\/figcaption>\n\t\t\t\t\t\t\t\t\t\t<\/figure>\n\t\t\t\t\t\t\t\t\t<\/div>\n\t\t\t\t<\/div>\n\t\t\t\t<div class=\"elementor-element elementor-element-601856b elementor-widget elementor-widget-text-editor\" data-id=\"601856b\" data-element_type=\"widget\" data-e-type=\"widget\" data-widget_type=\"text-editor.default\">\n\t\t\t\t<div class=\"elementor-widget-container\">\n\t\t\t\t\t\t\t\t\t<div>Ab dieser Etappe wird das Thema Trinkwasser interessant. Daf\u00fcr ist die App maps.me wieder ziemlich hilfreich; da sind sogar Trinkwasserquellen gekennzeichnet. Ich habe begonnen, sie in der App hellblau zu markieren. Denn ohne Wasser geht nichts. Das werden wir noch fr\u00fch genug zu sp\u00fcren bekommen.<\/div>\t\t\t\t\t\t\t\t<\/div>\n\t\t\t\t<\/div>\n\t\t\t\t<div class=\"elementor-element elementor-element-2aabccf elementor-widget elementor-widget-image\" data-id=\"2aabccf\" data-element_type=\"widget\" data-e-type=\"widget\" data-widget_type=\"image.default\">\n\t\t\t\t<div class=\"elementor-widget-container\">\n\t\t\t\t\t\t\t\t\t\t\t\t<figure class=\"wp-caption\">\n\t\t\t\t\t\t\t\t\t\t\t<a href=\"https:\/\/nimmerwo.ch\/wp-content\/uploads\/2021\/10\/DSC06155.jpg\" data-elementor-open-lightbox=\"yes\" data-e-action-hash=\"#elementor-action%3Aaction%3Dlightbox%26settings%3DeyJpZCI6NzcxMCwidXJsIjoiaHR0cHM6XC9cL25pbW1lcndvLmNoXC93cC1jb250ZW50XC91cGxvYWRzXC8yMDIxXC8xMFwvRFNDMDYxNTUuanBnIn0%3D\">\n\t\t\t\t\t\t\t<img loading=\"lazy\" decoding=\"async\" width=\"1024\" height=\"576\" src=\"https:\/\/nimmerwo.ch\/wp-content\/uploads\/2021\/10\/DSC06155.jpg\" class=\"attachment-full size-full wp-image-7710\" alt=\"\" srcset=\"https:\/\/nimmerwo.ch\/wp-content\/uploads\/2021\/10\/DSC06155.jpg 1024w, https:\/\/nimmerwo.ch\/wp-content\/uploads\/2021\/10\/DSC06155-300x169.jpg 300w, https:\/\/nimmerwo.ch\/wp-content\/uploads\/2021\/10\/DSC06155-768x432.jpg 768w, https:\/\/nimmerwo.ch\/wp-content\/uploads\/2021\/10\/DSC06155-18x10.jpg 18w\" sizes=\"(max-width: 1024px) 100vw, 1024px\" \/>\t\t\t\t\t\t\t\t<\/a>\n\t\t\t\t\t\t\t\t\t\t\t<figcaption class=\"widget-image-caption wp-caption-text\"><\/figcaption>\n\t\t\t\t\t\t\t\t\t\t<\/figure>\n\t\t\t\t\t\t\t\t\t<\/div>\n\t\t\t\t<\/div>\n\t\t\t\t<div class=\"elementor-element elementor-element-b2da7b5 elementor-widget elementor-widget-text-editor\" data-id=\"b2da7b5\" data-element_type=\"widget\" data-e-type=\"widget\" data-widget_type=\"text-editor.default\">\n\t\t\t\t<div class=\"elementor-widget-container\">\n\t\t\t\t\t\t\t\t\t<div>Als wir oben ankommen, ist die ganze Hechelei bergauf vergessen. Wir staunen in alle Richtungen; Ausblicke das So\u010datal rauf und runter, Sicht \u00fcber die H\u00fcgel Italiens bis ans Meer.<\/div>\t\t\t\t\t\t\t\t<\/div>\n\t\t\t\t<\/div>\n\t\t\t\t<div class=\"elementor-element elementor-element-a02d9b4 elementor-widget elementor-widget-image\" data-id=\"a02d9b4\" data-element_type=\"widget\" data-e-type=\"widget\" data-widget_type=\"image.default\">\n\t\t\t\t<div class=\"elementor-widget-container\">\n\t\t\t\t\t\t\t\t\t\t\t\t<figure class=\"wp-caption\">\n\t\t\t\t\t\t\t\t\t\t\t<a href=\"https:\/\/nimmerwo.ch\/wp-content\/uploads\/2021\/10\/DSC06188.jpg\" data-elementor-open-lightbox=\"yes\" data-e-action-hash=\"#elementor-action%3Aaction%3Dlightbox%26settings%3DeyJpZCI6NzcxMywidXJsIjoiaHR0cHM6XC9cL25pbW1lcndvLmNoXC93cC1jb250ZW50XC91cGxvYWRzXC8yMDIxXC8xMFwvRFNDMDYxODguanBnIn0%3D\">\n\t\t\t\t\t\t\t<img loading=\"lazy\" decoding=\"async\" width=\"1024\" height=\"576\" src=\"https:\/\/nimmerwo.ch\/wp-content\/uploads\/2021\/10\/DSC06188.jpg\" class=\"attachment-full size-full wp-image-7713\" alt=\"\" srcset=\"https:\/\/nimmerwo.ch\/wp-content\/uploads\/2021\/10\/DSC06188.jpg 1024w, https:\/\/nimmerwo.ch\/wp-content\/uploads\/2021\/10\/DSC06188-300x169.jpg 300w, https:\/\/nimmerwo.ch\/wp-content\/uploads\/2021\/10\/DSC06188-768x432.jpg 768w, https:\/\/nimmerwo.ch\/wp-content\/uploads\/2021\/10\/DSC06188-18x10.jpg 18w\" sizes=\"(max-width: 1024px) 100vw, 1024px\" \/>\t\t\t\t\t\t\t\t<\/a>\n\t\t\t\t\t\t\t\t\t\t\t<figcaption class=\"widget-image-caption wp-caption-text\"><\/figcaption>\n\t\t\t\t\t\t\t\t\t\t<\/figure>\n\t\t\t\t\t\t\t\t\t<\/div>\n\t\t\t\t<\/div>\n\t\t\t\t<div class=\"elementor-element elementor-element-0ba4667 elementor-widget elementor-widget-text-editor\" data-id=\"0ba4667\" data-element_type=\"widget\" data-e-type=\"widget\" data-widget_type=\"text-editor.default\">\n\t\t\t\t<div class=\"elementor-widget-container\">\n\t\t\t\t\t\t\t\t\t<div>Aber nicht bloss das; wir stehen hier auf ehemaligen Kriegsgebiet. Die Stollen im Berg entstanden im 1. Weltkrieg, als sich die italienische Artillerie mit der \u00f6sterreichisch-ungarischen Stellungen auf einem gegen\u00fcberliegenden H\u00fcgel \u00fcber 2 Jahre hinweg Scharm\u00fctzel boten. Die G\u00e4nge wurden restauriert, um den nachfolgenden Generationen einen Einblick in die Zeit um 1917 zu gew\u00e4hren. Was entstanden ist, ist ein eindr\u00fcckliches Freilichtmuseum auf dem Bergkamm.<\/div>\t\t\t\t\t\t\t\t<\/div>\n\t\t\t\t<\/div>\n\t\t\t\t<div class=\"elementor-element elementor-element-c7d30c4 elementor-widget elementor-widget-image\" data-id=\"c7d30c4\" data-element_type=\"widget\" data-e-type=\"widget\" data-widget_type=\"image.default\">\n\t\t\t\t<div class=\"elementor-widget-container\">\n\t\t\t\t\t\t\t\t\t\t\t\t<figure class=\"wp-caption\">\n\t\t\t\t\t\t\t\t\t\t\t<a href=\"https:\/\/nimmerwo.ch\/wp-content\/uploads\/2021\/10\/DSC06168.jpg\" data-elementor-open-lightbox=\"yes\" data-e-action-hash=\"#elementor-action%3Aaction%3Dlightbox%26settings%3DeyJpZCI6NzcxMSwidXJsIjoiaHR0cHM6XC9cL25pbW1lcndvLmNoXC93cC1jb250ZW50XC91cGxvYWRzXC8yMDIxXC8xMFwvRFNDMDYxNjguanBnIn0%3D\">\n\t\t\t\t\t\t\t<img loading=\"lazy\" decoding=\"async\" width=\"1024\" height=\"576\" src=\"https:\/\/nimmerwo.ch\/wp-content\/uploads\/2021\/10\/DSC06168.jpg\" class=\"attachment-full size-full wp-image-7711\" alt=\"\" srcset=\"https:\/\/nimmerwo.ch\/wp-content\/uploads\/2021\/10\/DSC06168.jpg 1024w, https:\/\/nimmerwo.ch\/wp-content\/uploads\/2021\/10\/DSC06168-300x169.jpg 300w, https:\/\/nimmerwo.ch\/wp-content\/uploads\/2021\/10\/DSC06168-768x432.jpg 768w, https:\/\/nimmerwo.ch\/wp-content\/uploads\/2021\/10\/DSC06168-18x10.jpg 18w\" sizes=\"(max-width: 1024px) 100vw, 1024px\" \/>\t\t\t\t\t\t\t\t<\/a>\n\t\t\t\t\t\t\t\t\t\t\t<figcaption class=\"widget-image-caption wp-caption-text\"><\/figcaption>\n\t\t\t\t\t\t\t\t\t\t<\/figure>\n\t\t\t\t\t\t\t\t\t<\/div>\n\t\t\t\t<\/div>\n\t\t\t\t<div class=\"elementor-element elementor-element-0aab2a7 elementor-widget elementor-widget-text-editor\" data-id=\"0aab2a7\" data-element_type=\"widget\" data-e-type=\"widget\" data-widget_type=\"text-editor.default\">\n\t\t\t\t<div class=\"elementor-widget-container\">\n\t\t\t\t\t\t\t\t\t<div>Der &#8222;Friedensweg&#8220; f\u00fchrt auf dem mit dem Alpe Adria Trail fast identischen Wanderweg gen S\u00fcden. Deshalb werden wir bis Trieste immer wieder mit Zeitzeugen aus dem 1. Weltkrieg konfrontiert.<\/div>\t\t\t\t\t\t\t\t<\/div>\n\t\t\t\t<\/div>\n\t\t\t\t<div class=\"elementor-element elementor-element-c020ed5 elementor-widget elementor-widget-image\" data-id=\"c020ed5\" data-element_type=\"widget\" data-e-type=\"widget\" data-widget_type=\"image.default\">\n\t\t\t\t<div class=\"elementor-widget-container\">\n\t\t\t\t\t\t\t\t\t\t\t\t<figure class=\"wp-caption\">\n\t\t\t\t\t\t\t\t\t\t\t<a href=\"https:\/\/nimmerwo.ch\/wp-content\/uploads\/2021\/10\/DSC06170.jpg\" data-elementor-open-lightbox=\"yes\" data-e-action-hash=\"#elementor-action%3Aaction%3Dlightbox%26settings%3DeyJpZCI6NzcxMiwidXJsIjoiaHR0cHM6XC9cL25pbW1lcndvLmNoXC93cC1jb250ZW50XC91cGxvYWRzXC8yMDIxXC8xMFwvRFNDMDYxNzAuanBnIn0%3D\">\n\t\t\t\t\t\t\t<img loading=\"lazy\" decoding=\"async\" width=\"1024\" height=\"682\" src=\"https:\/\/nimmerwo.ch\/wp-content\/uploads\/2021\/10\/DSC06170.jpg\" class=\"attachment-full size-full wp-image-7712\" alt=\"\" srcset=\"https:\/\/nimmerwo.ch\/wp-content\/uploads\/2021\/10\/DSC06170.jpg 1024w, https:\/\/nimmerwo.ch\/wp-content\/uploads\/2021\/10\/DSC06170-300x200.jpg 300w, https:\/\/nimmerwo.ch\/wp-content\/uploads\/2021\/10\/DSC06170-768x512.jpg 768w, https:\/\/nimmerwo.ch\/wp-content\/uploads\/2021\/10\/DSC06170-18x12.jpg 18w\" sizes=\"(max-width: 1024px) 100vw, 1024px\" \/>\t\t\t\t\t\t\t\t<\/a>\n\t\t\t\t\t\t\t\t\t\t\t<figcaption class=\"widget-image-caption wp-caption-text\"><\/figcaption>\n\t\t\t\t\t\t\t\t\t\t<\/figure>\n\t\t\t\t\t\t\t\t\t<\/div>\n\t\t\t\t<\/div>\n\t\t\t\t<div class=\"elementor-element elementor-element-9c06860 elementor-widget elementor-widget-text-editor\" data-id=\"9c06860\" data-element_type=\"widget\" data-e-type=\"widget\" data-widget_type=\"text-editor.default\">\n\t\t\t\t<div class=\"elementor-widget-container\">\n\t\t\t\t\t\t\t\t\t<div>Es ist bereits Abend, als wir noch immer fasziniert durch die Sch\u00fctzengr\u00e4ben und Ruinen klettern. Wir m\u00fcssen unsere Wasserreserven auffrischen und finden in der Bergrastst\u00e4tte Rifugio Soliere auf der italienischen Seite einen Hahnen und sogar ein kaltes Bier. Ahh, wunderbar!<\/div>\t\t\t\t\t\t\t\t<\/div>\n\t\t\t\t<\/div>\n\t\t\t\t<div class=\"elementor-element elementor-element-64be457 elementor-widget elementor-widget-image\" data-id=\"64be457\" data-element_type=\"widget\" data-e-type=\"widget\" data-widget_type=\"image.default\">\n\t\t\t\t<div class=\"elementor-widget-container\">\n\t\t\t\t\t\t\t\t\t\t\t\t<figure class=\"wp-caption\">\n\t\t\t\t\t\t\t\t\t\t\t<a href=\"https:\/\/nimmerwo.ch\/wp-content\/uploads\/2021\/10\/DSC06204.jpg\" data-elementor-open-lightbox=\"yes\" data-e-action-hash=\"#elementor-action%3Aaction%3Dlightbox%26settings%3DeyJpZCI6NzcxNSwidXJsIjoiaHR0cHM6XC9cL25pbW1lcndvLmNoXC93cC1jb250ZW50XC91cGxvYWRzXC8yMDIxXC8xMFwvRFNDMDYyMDQuanBnIn0%3D\">\n\t\t\t\t\t\t\t<img loading=\"lazy\" decoding=\"async\" width=\"1024\" height=\"682\" src=\"https:\/\/nimmerwo.ch\/wp-content\/uploads\/2021\/10\/DSC06204.jpg\" class=\"attachment-full size-full wp-image-7715\" alt=\"\" srcset=\"https:\/\/nimmerwo.ch\/wp-content\/uploads\/2021\/10\/DSC06204.jpg 1024w, https:\/\/nimmerwo.ch\/wp-content\/uploads\/2021\/10\/DSC06204-300x200.jpg 300w, https:\/\/nimmerwo.ch\/wp-content\/uploads\/2021\/10\/DSC06204-768x512.jpg 768w, https:\/\/nimmerwo.ch\/wp-content\/uploads\/2021\/10\/DSC06204-18x12.jpg 18w\" sizes=\"(max-width: 1024px) 100vw, 1024px\" \/>\t\t\t\t\t\t\t\t<\/a>\n\t\t\t\t\t\t\t\t\t\t\t<figcaption class=\"widget-image-caption wp-caption-text\"><\/figcaption>\n\t\t\t\t\t\t\t\t\t\t<\/figure>\n\t\t\t\t\t\t\t\t\t<\/div>\n\t\t\t\t<\/div>\n\t\t\t\t<div class=\"elementor-element elementor-element-01bde06 elementor-widget elementor-widget-text-editor\" data-id=\"01bde06\" data-element_type=\"widget\" data-e-type=\"widget\" data-widget_type=\"text-editor.default\">\n\t\t\t\t<div class=\"elementor-widget-container\">\n\t\t\t\t\t\t\t\t\t<div>Schliesslich kehren wir zur\u00fcck hinauf zum ersten Aussichtspunkt des Bergkammes. Wir entscheiden uns, auf dem Grat, der slowenisch-italienschen Grenze zu \u00fcbernachten. Denn wir wollen auch morgen noch den Ausblick geniessen k\u00f6nnen.<\/div>\t\t\t\t\t\t\t\t<\/div>\n\t\t\t\t<\/div>\n\t\t\t\t<div class=\"elementor-element elementor-element-fccb1af elementor-widget elementor-widget-image\" data-id=\"fccb1af\" data-element_type=\"widget\" data-e-type=\"widget\" data-widget_type=\"image.default\">\n\t\t\t\t<div class=\"elementor-widget-container\">\n\t\t\t\t\t\t\t\t\t\t\t\t\t\t\t\t<a href=\"https:\/\/nimmerwo.ch\/wp-content\/uploads\/2021\/10\/9.jpg\" data-elementor-open-lightbox=\"yes\" data-e-action-hash=\"#elementor-action%3Aaction%3Dlightbox%26settings%3DeyJpZCI6Nzc1OCwidXJsIjoiaHR0cHM6XC9cL25pbW1lcndvLmNoXC93cC1jb250ZW50XC91cGxvYWRzXC8yMDIxXC8xMFwvOS5qcGcifQ%3D%3D\">\n\t\t\t\t\t\t\t<img loading=\"lazy\" decoding=\"async\" width=\"1024\" height=\"422\" src=\"https:\/\/nimmerwo.ch\/wp-content\/uploads\/2021\/10\/9.jpg\" class=\"attachment-full size-full wp-image-7758\" alt=\"\" srcset=\"https:\/\/nimmerwo.ch\/wp-content\/uploads\/2021\/10\/9.jpg 1024w, https:\/\/nimmerwo.ch\/wp-content\/uploads\/2021\/10\/9-300x124.jpg 300w, https:\/\/nimmerwo.ch\/wp-content\/uploads\/2021\/10\/9-768x317.jpg 768w, https:\/\/nimmerwo.ch\/wp-content\/uploads\/2021\/10\/9-18x7.jpg 18w\" sizes=\"(max-width: 1024px) 100vw, 1024px\" \/>\t\t\t\t\t\t\t\t<\/a>\n\t\t\t\t\t\t\t\t\t\t\t\t\t\t\t<\/div>\n\t\t\t\t<\/div>\n\t\t\t\t<div class=\"elementor-element elementor-element-5b7acbb elementor-widget elementor-widget-text-editor\" data-id=\"5b7acbb\" data-element_type=\"widget\" data-e-type=\"widget\" data-widget_type=\"text-editor.default\">\n\t\t\t\t<div class=\"elementor-widget-container\">\n\t\t\t\t\t\t\t\t\t<h3 style=\"text-align: center;\">Highlight des Tages<\/h3><div style=\"text-align: center;\"><div><em>Das Freilichtmuseum auf dem Bergkamm, der die slowenisch-italienische Grenze markiert und die Aussicht rundherum sind ein wahres Highlight des gesamten Trails!<\/em><\/div><\/div>\t\t\t\t\t\t\t\t<\/div>\n\t\t\t\t<\/div>\n\t\t\t\t<div class=\"elementor-element elementor-element-28f5e95 elementor-widget elementor-widget-video\" data-id=\"28f5e95\" data-element_type=\"widget\" data-e-type=\"widget\" data-settings=\"{&quot;youtube_url&quot;:&quot;https:\\\/\\\/youtu.be\\\/796rUv0tJXI&quot;,&quot;yt_privacy&quot;:&quot;yes&quot;,&quot;lazy_load&quot;:&quot;yes&quot;,&quot;video_type&quot;:&quot;youtube&quot;,&quot;controls&quot;:&quot;yes&quot;}\" data-widget_type=\"video.default\">\n\t\t\t\t<div class=\"elementor-widget-container\">\n\t\t\t\t\t\t\t<div class=\"elementor-wrapper elementor-open-inline\">\n\t\t\t<div class=\"elementor-video\"><\/div>\t\t<\/div>\n\t\t\t\t\t\t<\/div>\n\t\t\t\t<\/div>\n\t\t\t\t<div class=\"elementor-element elementor-element-79ce01f elementor-widget-divider--view-line elementor-widget elementor-widget-divider\" data-id=\"79ce01f\" data-element_type=\"widget\" data-e-type=\"widget\" data-widget_type=\"divider.default\">\n\t\t\t\t<div class=\"elementor-widget-container\">\n\t\t\t\t\t\t\t<div class=\"elementor-divider\">\n\t\t\t<span class=\"elementor-divider-separator\">\n\t\t\t\t\t\t<\/span>\n\t\t<\/div>\n\t\t\t\t\t\t<\/div>\n\t\t\t\t<\/div>\n\t\t\t\t<div class=\"elementor-element elementor-element-4dcc87b elementor-widget elementor-widget-text-editor\" data-id=\"4dcc87b\" data-element_type=\"widget\" data-e-type=\"widget\" data-widget_type=\"text-editor.default\">\n\t\t\t\t<div class=\"elementor-widget-container\">\n\t\t\t\t\t\t\t\t\t<h3>Tag 10 &#8211; Etappe 27\/28 des Alpe Adria Trails, 25 km &#8211; Heiss + zu wenig Wasser = Kein Spass!<\/h3><div><div>Fr\u00fch morgens \u00f6ffne ich den Reissverschluss am Zelt. Wenige Meter weiter f\u00e4llt die Wand 1000 Meter ins Tal. Die Morgensonne beginnt gerade damit, den Bergen einen gold-orangen Anstrich zu verleihen. Ich schnappe mir die Kamera und gehe f\u00fcr eine knappe Stunde auf Tour.<\/div><\/div>\t\t\t\t\t\t\t\t<\/div>\n\t\t\t\t<\/div>\n\t\t\t\t<div class=\"elementor-element elementor-element-233be34 elementor-widget elementor-widget-image\" data-id=\"233be34\" data-element_type=\"widget\" data-e-type=\"widget\" data-widget_type=\"image.default\">\n\t\t\t\t<div class=\"elementor-widget-container\">\n\t\t\t\t\t\t\t\t\t\t\t\t<figure class=\"wp-caption\">\n\t\t\t\t\t\t\t\t\t\t\t<a href=\"https:\/\/nimmerwo.ch\/wp-content\/uploads\/2021\/10\/DSC06212.jpg\" data-elementor-open-lightbox=\"yes\" data-e-action-hash=\"#elementor-action%3Aaction%3Dlightbox%26settings%3DeyJpZCI6NzcxNiwidXJsIjoiaHR0cHM6XC9cL25pbW1lcndvLmNoXC93cC1jb250ZW50XC91cGxvYWRzXC8yMDIxXC8xMFwvRFNDMDYyMTIuanBnIn0%3D\">\n\t\t\t\t\t\t\t<img loading=\"lazy\" decoding=\"async\" width=\"1024\" height=\"682\" src=\"https:\/\/nimmerwo.ch\/wp-content\/uploads\/2021\/10\/DSC06212.jpg\" class=\"attachment-full size-full wp-image-7716\" alt=\"\" srcset=\"https:\/\/nimmerwo.ch\/wp-content\/uploads\/2021\/10\/DSC06212.jpg 1024w, https:\/\/nimmerwo.ch\/wp-content\/uploads\/2021\/10\/DSC06212-300x200.jpg 300w, https:\/\/nimmerwo.ch\/wp-content\/uploads\/2021\/10\/DSC06212-768x512.jpg 768w, https:\/\/nimmerwo.ch\/wp-content\/uploads\/2021\/10\/DSC06212-18x12.jpg 18w\" sizes=\"(max-width: 1024px) 100vw, 1024px\" \/>\t\t\t\t\t\t\t\t<\/a>\n\t\t\t\t\t\t\t\t\t\t\t<figcaption class=\"widget-image-caption wp-caption-text\">Unser 1A-Zeltplatz<\/figcaption>\n\t\t\t\t\t\t\t\t\t\t<\/figure>\n\t\t\t\t\t\t\t\t\t<\/div>\n\t\t\t\t<\/div>\n\t\t\t\t<div class=\"elementor-element elementor-element-ecb9783 elementor-widget elementor-widget-text-editor\" data-id=\"ecb9783\" data-element_type=\"widget\" data-e-type=\"widget\" data-widget_type=\"text-editor.default\">\n\t\t\t\t<div class=\"elementor-widget-container\">\n\t\t\t\t\t\t\t\t\t<div>Wir sind nicht ganz die einzigen, die hier oben im Freilichtmuseum geblieben sind. Auf dem Parkplatz steht ein Camping-Bus mit deutschen Kennzeichen. Wahrlich ein ph\u00e4nomenaler Ort, um die Nacht zu verbringen (zumindest bei klarem Wetter. W\u00e4ren wir eine Nacht fr\u00fcher hier oben gewesen, h\u00e4tte uns ein heftiges Berggewitter erwischt!).<\/div>\t\t\t\t\t\t\t\t<\/div>\n\t\t\t\t<\/div>\n\t\t\t\t<div class=\"elementor-element elementor-element-6bb3277 elementor-widget elementor-widget-image\" data-id=\"6bb3277\" data-element_type=\"widget\" data-e-type=\"widget\" data-widget_type=\"image.default\">\n\t\t\t\t<div class=\"elementor-widget-container\">\n\t\t\t\t\t\t\t\t\t\t\t\t<figure class=\"wp-caption\">\n\t\t\t\t\t\t\t\t\t\t\t<a href=\"https:\/\/nimmerwo.ch\/wp-content\/uploads\/2021\/10\/DSC06227.jpg\" data-elementor-open-lightbox=\"yes\" data-e-action-hash=\"#elementor-action%3Aaction%3Dlightbox%26settings%3DeyJpZCI6NzcyMiwidXJsIjoiaHR0cHM6XC9cL25pbW1lcndvLmNoXC93cC1jb250ZW50XC91cGxvYWRzXC8yMDIxXC8xMFwvRFNDMDYyMjcuanBnIn0%3D\">\n\t\t\t\t\t\t\t<img loading=\"lazy\" decoding=\"async\" width=\"1024\" height=\"682\" src=\"https:\/\/nimmerwo.ch\/wp-content\/uploads\/2021\/10\/DSC06227.jpg\" class=\"attachment-full size-full wp-image-7722\" alt=\"\" srcset=\"https:\/\/nimmerwo.ch\/wp-content\/uploads\/2021\/10\/DSC06227.jpg 1024w, https:\/\/nimmerwo.ch\/wp-content\/uploads\/2021\/10\/DSC06227-300x200.jpg 300w, https:\/\/nimmerwo.ch\/wp-content\/uploads\/2021\/10\/DSC06227-768x512.jpg 768w, https:\/\/nimmerwo.ch\/wp-content\/uploads\/2021\/10\/DSC06227-18x12.jpg 18w\" sizes=\"(max-width: 1024px) 100vw, 1024px\" \/>\t\t\t\t\t\t\t\t<\/a>\n\t\t\t\t\t\t\t\t\t\t\t<figcaption class=\"widget-image-caption wp-caption-text\"><\/figcaption>\n\t\t\t\t\t\t\t\t\t\t<\/figure>\n\t\t\t\t\t\t\t\t\t<\/div>\n\t\t\t\t<\/div>\n\t\t\t\t<div class=\"elementor-element elementor-element-750d4f7 elementor-widget elementor-widget-text-editor\" data-id=\"750d4f7\" data-element_type=\"widget\" data-e-type=\"widget\" data-widget_type=\"text-editor.default\">\n\t\t\t\t<div class=\"elementor-widget-container\">\n\t\t\t\t\t\t\t\t\t<div>Zwar fr\u00fchst\u00fccken wir in der Sonne mit einer 5-Sterne-Aussicht, trotzdem ist in der bisigen Luft noch kalt. Das soll sich heute aber noch \u00e4ndern.<\/div>\t\t\t\t\t\t\t\t<\/div>\n\t\t\t\t<\/div>\n\t\t\t\t<div class=\"elementor-element elementor-element-96d485b elementor-widget elementor-widget-image\" data-id=\"96d485b\" data-element_type=\"widget\" data-e-type=\"widget\" data-widget_type=\"image.default\">\n\t\t\t\t<div class=\"elementor-widget-container\">\n\t\t\t\t\t\t\t\t\t\t\t\t<figure class=\"wp-caption\">\n\t\t\t\t\t\t\t\t\t\t\t<a href=\"https:\/\/nimmerwo.ch\/wp-content\/uploads\/2021\/10\/DSC06214.jpg\" data-elementor-open-lightbox=\"yes\" data-e-action-hash=\"#elementor-action%3Aaction%3Dlightbox%26settings%3DeyJpZCI6NzcxNywidXJsIjoiaHR0cHM6XC9cL25pbW1lcndvLmNoXC93cC1jb250ZW50XC91cGxvYWRzXC8yMDIxXC8xMFwvRFNDMDYyMTQuanBnIn0%3D\">\n\t\t\t\t\t\t\t<img loading=\"lazy\" decoding=\"async\" width=\"1024\" height=\"682\" src=\"https:\/\/nimmerwo.ch\/wp-content\/uploads\/2021\/10\/DSC06214.jpg\" class=\"attachment-full size-full wp-image-7717\" alt=\"\" srcset=\"https:\/\/nimmerwo.ch\/wp-content\/uploads\/2021\/10\/DSC06214.jpg 1024w, https:\/\/nimmerwo.ch\/wp-content\/uploads\/2021\/10\/DSC06214-300x200.jpg 300w, https:\/\/nimmerwo.ch\/wp-content\/uploads\/2021\/10\/DSC06214-768x512.jpg 768w, https:\/\/nimmerwo.ch\/wp-content\/uploads\/2021\/10\/DSC06214-18x12.jpg 18w\" sizes=\"(max-width: 1024px) 100vw, 1024px\" \/>\t\t\t\t\t\t\t\t<\/a>\n\t\t\t\t\t\t\t\t\t\t\t<figcaption class=\"widget-image-caption wp-caption-text\"><\/figcaption>\n\t\t\t\t\t\t\t\t\t\t<\/figure>\n\t\t\t\t\t\t\t\t\t<\/div>\n\t\t\t\t<\/div>\n\t\t\t\t<div class=\"elementor-element elementor-element-40a4055 elementor-widget elementor-widget-text-editor\" data-id=\"40a4055\" data-element_type=\"widget\" data-e-type=\"widget\" data-widget_type=\"text-editor.default\">\n\t\t\t\t<div class=\"elementor-widget-container\">\n\t\t\t\t\t\t\t\t\t<div>Mit frischer Energie marschieren wir hinunter nach Italien. Ich kriege immer noch G\u00e4nsehaut, wenn ich an die alte Frau denke, die uns geistesabwesend mit Blick nach unten den Pfad hinauf entgegengekommen ist. Sie bemerkt uns erst, als wir uns schon fast kreuzen. Da erschrickt sie so, dass ihr ein Schrei entf\u00e4hrt, der uns so durch March und Bein geht, dass wir ebenfalls zusammenzucken.<br \/><div>&#8222;Uff! Bunogiorno, signora&#8230;.&#8220;<\/div><\/div>\t\t\t\t\t\t\t\t<\/div>\n\t\t\t\t<\/div>\n\t\t\t\t<div class=\"elementor-element elementor-element-85fc2b3 elementor-widget elementor-widget-image\" data-id=\"85fc2b3\" data-element_type=\"widget\" data-e-type=\"widget\" data-widget_type=\"image.default\">\n\t\t\t\t<div class=\"elementor-widget-container\">\n\t\t\t\t\t\t\t\t\t\t\t\t<figure class=\"wp-caption\">\n\t\t\t\t\t\t\t\t\t\t\t<a href=\"https:\/\/nimmerwo.ch\/wp-content\/uploads\/2021\/10\/DSC06224.jpg\" data-elementor-open-lightbox=\"yes\" data-e-action-hash=\"#elementor-action%3Aaction%3Dlightbox%26settings%3DeyJpZCI6NzcyMCwidXJsIjoiaHR0cHM6XC9cL25pbW1lcndvLmNoXC93cC1jb250ZW50XC91cGxvYWRzXC8yMDIxXC8xMFwvRFNDMDYyMjQuanBnIn0%3D\">\n\t\t\t\t\t\t\t<img loading=\"lazy\" decoding=\"async\" width=\"682\" height=\"1024\" src=\"https:\/\/nimmerwo.ch\/wp-content\/uploads\/2021\/10\/DSC06224.jpg\" class=\"attachment-full size-full wp-image-7720\" alt=\"\" srcset=\"https:\/\/nimmerwo.ch\/wp-content\/uploads\/2021\/10\/DSC06224.jpg 682w, https:\/\/nimmerwo.ch\/wp-content\/uploads\/2021\/10\/DSC06224-200x300.jpg 200w, https:\/\/nimmerwo.ch\/wp-content\/uploads\/2021\/10\/DSC06224-8x12.jpg 8w\" sizes=\"(max-width: 682px) 100vw, 682px\" \/>\t\t\t\t\t\t\t\t<\/a>\n\t\t\t\t\t\t\t\t\t\t\t<figcaption class=\"widget-image-caption wp-caption-text\"><\/figcaption>\n\t\t\t\t\t\t\t\t\t\t<\/figure>\n\t\t\t\t\t\t\t\t\t<\/div>\n\t\t\t\t<\/div>\n\t\t\t\t<div class=\"elementor-element elementor-element-4bccbd0 elementor-widget elementor-widget-text-editor\" data-id=\"4bccbd0\" data-element_type=\"widget\" data-e-type=\"widget\" data-widget_type=\"text-editor.default\">\n\t\t\t\t<div class=\"elementor-widget-container\">\n\t\t\t\t\t\t\t\t\t<div>Pl\u00f6tzlich steigt der Weg wieder steil an. 300m geht es hoch auf den M. Cum, ebenfalls gespickt mit alten Informationenstafeln \u00fcber den 1. Weltkrieg. Sonst schenkt uns dieser Pfad aber nichts. Weder einen Ausblick, noch eine Pausenbank. Wir schnaufen und fluchen den Weg hinauf durch den Busch. Es ist heiss und wir schwitzen. Oben angekommen, ist da nichts, nur der steile Weg die 300m wieder hinunter.<\/div>\t\t\t\t\t\t\t\t<\/div>\n\t\t\t\t<\/div>\n\t\t\t\t<div class=\"elementor-element elementor-element-717a45f elementor-widget elementor-widget-image\" data-id=\"717a45f\" data-element_type=\"widget\" data-e-type=\"widget\" data-widget_type=\"image.default\">\n\t\t\t\t<div class=\"elementor-widget-container\">\n\t\t\t\t\t\t\t\t\t\t\t\t<figure class=\"wp-caption\">\n\t\t\t\t\t\t\t\t\t\t\t<a href=\"https:\/\/nimmerwo.ch\/wp-content\/uploads\/2021\/10\/DSC06230.jpg\" data-elementor-open-lightbox=\"yes\" data-e-action-hash=\"#elementor-action%3Aaction%3Dlightbox%26settings%3DeyJpZCI6NzcyMywidXJsIjoiaHR0cHM6XC9cL25pbW1lcndvLmNoXC93cC1jb250ZW50XC91cGxvYWRzXC8yMDIxXC8xMFwvRFNDMDYyMzAuanBnIn0%3D\">\n\t\t\t\t\t\t\t<img loading=\"lazy\" decoding=\"async\" width=\"682\" height=\"1024\" src=\"https:\/\/nimmerwo.ch\/wp-content\/uploads\/2021\/10\/DSC06230.jpg\" class=\"attachment-full size-full wp-image-7723\" alt=\"\" srcset=\"https:\/\/nimmerwo.ch\/wp-content\/uploads\/2021\/10\/DSC06230.jpg 682w, https:\/\/nimmerwo.ch\/wp-content\/uploads\/2021\/10\/DSC06230-200x300.jpg 200w, https:\/\/nimmerwo.ch\/wp-content\/uploads\/2021\/10\/DSC06230-8x12.jpg 8w\" sizes=\"(max-width: 682px) 100vw, 682px\" \/>\t\t\t\t\t\t\t\t<\/a>\n\t\t\t\t\t\t\t\t\t\t\t<figcaption class=\"widget-image-caption wp-caption-text\"><\/figcaption>\n\t\t\t\t\t\t\t\t\t\t<\/figure>\n\t\t\t\t\t\t\t\t\t<\/div>\n\t\t\t\t<\/div>\n\t\t\t\t<div class=\"elementor-element elementor-element-089be1a elementor-widget elementor-widget-text-editor\" data-id=\"089be1a\" data-element_type=\"widget\" data-e-type=\"widget\" data-widget_type=\"text-editor.default\">\n\t\t\t\t<div class=\"elementor-widget-container\">\n\t\t\t\t\t\t\t\t\t<div>Auf maps.me sehe ich erst jetzt, wie einfach wir diesen H\u00fcgel h\u00e4tten umgehen k\u00f6nnen. Wir h\u00e4tten etwas mehr als eine halbe Stunde und viel Energie gespart. Und dabei nichts verspasst. Wenn ich daran denke, dass diese Etappe 27 in Tolmin beginnt, dann 1000 Meter bis zum Freilichtmuseum in die H\u00f6he schiesst, dann wieder ins Tal abf\u00e4llt, um hier auf diesen elenden H\u00fcgel abermals anzusteigen, bin ich froh, dass wir sie auf zwei Etappen aufgeteilt haben.<\/div>\t\t\t\t\t\t\t\t<\/div>\n\t\t\t\t<\/div>\n\t\t\t\t<div class=\"elementor-element elementor-element-a9da187 elementor-widget elementor-widget-image\" data-id=\"a9da187\" data-element_type=\"widget\" data-e-type=\"widget\" data-widget_type=\"image.default\">\n\t\t\t\t<div class=\"elementor-widget-container\">\n\t\t\t\t\t\t\t\t\t\t\t\t<figure class=\"wp-caption\">\n\t\t\t\t\t\t\t\t\t\t\t<a href=\"https:\/\/nimmerwo.ch\/wp-content\/uploads\/2021\/10\/10A.jpg\" data-elementor-open-lightbox=\"yes\" data-elementor-lightbox-description=\"F\u00fcr all diejenigen, die hier vorbeikommen: Ihr d\u00fcrft getrost aussen um den M. Cum gehen!\" data-e-action-hash=\"#elementor-action%3Aaction%3Dlightbox%26settings%3DeyJpZCI6Nzc0NCwidXJsIjoiaHR0cHM6XC9cL25pbW1lcndvLmNoXC93cC1jb250ZW50XC91cGxvYWRzXC8yMDIxXC8xMFwvMTBBLmpwZyJ9\">\n\t\t\t\t\t\t\t<img loading=\"lazy\" decoding=\"async\" width=\"532\" height=\"1024\" src=\"https:\/\/nimmerwo.ch\/wp-content\/uploads\/2021\/10\/10A.jpg\" class=\"attachment-full size-full wp-image-7744\" alt=\"Alpe Adria Trail Deviation\" srcset=\"https:\/\/nimmerwo.ch\/wp-content\/uploads\/2021\/10\/10A.jpg 532w, https:\/\/nimmerwo.ch\/wp-content\/uploads\/2021\/10\/10A-156x300.jpg 156w, https:\/\/nimmerwo.ch\/wp-content\/uploads\/2021\/10\/10A-6x12.jpg 6w\" sizes=\"(max-width: 532px) 100vw, 532px\" \/>\t\t\t\t\t\t\t\t<\/a>\n\t\t\t\t\t\t\t\t\t\t\t<figcaption class=\"widget-image-caption wp-caption-text\">F\u00fcr all diejenigen, die hier vorbeikommen: Ihr d\u00fcrft getrost aussen um den M. Cum gehen!<\/figcaption>\n\t\t\t\t\t\t\t\t\t\t<\/figure>\n\t\t\t\t\t\t\t\t\t<\/div>\n\t\t\t\t<\/div>\n\t\t\t\t<div class=\"elementor-element elementor-element-186fc88 elementor-widget elementor-widget-text-editor\" data-id=\"186fc88\" data-element_type=\"widget\" data-e-type=\"widget\" data-widget_type=\"text-editor.default\">\n\t\t\t\t<div class=\"elementor-widget-container\">\n\t\t\t\t\t\t\t\t\t<div>Endlich kommen wir in Tribil Superiore, dem Ender der 27. Etappe an. Weder ein Restaurant, noch ein Gesch\u00e4ft finden wir hier vor. Niente. Leider vers\u00e4umen wir es auch, unsere Wasserflaschen am Dorfbrunnen aufzuf\u00fcllen, was uns noch leid tun wird.<\/div>\t\t\t\t\t\t\t\t<\/div>\n\t\t\t\t<\/div>\n\t\t\t\t<div class=\"elementor-element elementor-element-bbc2721 elementor-widget elementor-widget-image\" data-id=\"bbc2721\" data-element_type=\"widget\" data-e-type=\"widget\" data-widget_type=\"image.default\">\n\t\t\t\t<div class=\"elementor-widget-container\">\n\t\t\t\t\t\t\t\t\t\t\t\t<figure class=\"wp-caption\">\n\t\t\t\t\t\t\t\t\t\t\t<a href=\"https:\/\/nimmerwo.ch\/wp-content\/uploads\/2021\/10\/DSC06223.jpg\" data-elementor-open-lightbox=\"yes\" data-e-action-hash=\"#elementor-action%3Aaction%3Dlightbox%26settings%3DeyJpZCI6NzcxOSwidXJsIjoiaHR0cHM6XC9cL25pbW1lcndvLmNoXC93cC1jb250ZW50XC91cGxvYWRzXC8yMDIxXC8xMFwvRFNDMDYyMjMuanBnIn0%3D\">\n\t\t\t\t\t\t\t<img loading=\"lazy\" decoding=\"async\" width=\"1024\" height=\"682\" src=\"https:\/\/nimmerwo.ch\/wp-content\/uploads\/2021\/10\/DSC06223.jpg\" class=\"attachment-full size-full wp-image-7719\" alt=\"\" srcset=\"https:\/\/nimmerwo.ch\/wp-content\/uploads\/2021\/10\/DSC06223.jpg 1024w, https:\/\/nimmerwo.ch\/wp-content\/uploads\/2021\/10\/DSC06223-300x200.jpg 300w, https:\/\/nimmerwo.ch\/wp-content\/uploads\/2021\/10\/DSC06223-768x512.jpg 768w, https:\/\/nimmerwo.ch\/wp-content\/uploads\/2021\/10\/DSC06223-18x12.jpg 18w\" sizes=\"(max-width: 1024px) 100vw, 1024px\" \/>\t\t\t\t\t\t\t\t<\/a>\n\t\t\t\t\t\t\t\t\t\t\t<figcaption class=\"widget-image-caption wp-caption-text\">Hier ist noch alles in Ordnung<\/figcaption>\n\t\t\t\t\t\t\t\t\t\t<\/figure>\n\t\t\t\t\t\t\t\t\t<\/div>\n\t\t\t\t<\/div>\n\t\t\t\t<div class=\"elementor-element elementor-element-9fcbc30 elementor-widget elementor-widget-text-editor\" data-id=\"9fcbc30\" data-element_type=\"widget\" data-e-type=\"widget\" data-widget_type=\"text-editor.default\">\n\t\t\t\t<div class=\"elementor-widget-container\">\n\t\t\t\t\t\t\t\t\t<div>Es geht immer weiter \u00fcber Stock und Stein durch Schatten spendende W\u00e4lder und gr\u00fcne, h\u00fcgelige Weiden. Ist es nicht so, dass man immer eine Wasserstelle findet, wenn man keinen Bedarf hat? Und dann ist da pl\u00f6tzlich kein Brunnen mehr, wenn man ihn wirklich braucht.<\/div><div><div>Durstig und \u00fcberhitzt wandern wir weiter durch die W\u00e4lder. Es bleibt uns nichts anderes \u00fcbrig. Richtig Spass macht es aber nicht mehr.<\/div><\/div>\t\t\t\t\t\t\t\t<\/div>\n\t\t\t\t<\/div>\n\t\t\t\t<div class=\"elementor-element elementor-element-462be28 elementor-widget elementor-widget-image\" data-id=\"462be28\" data-element_type=\"widget\" data-e-type=\"widget\" data-widget_type=\"image.default\">\n\t\t\t\t<div class=\"elementor-widget-container\">\n\t\t\t\t\t\t\t\t\t\t\t\t<figure class=\"wp-caption\">\n\t\t\t\t\t\t\t\t\t\t\t<a href=\"https:\/\/nimmerwo.ch\/wp-content\/uploads\/2021\/10\/DSC06239.jpg\" data-elementor-open-lightbox=\"yes\" data-e-action-hash=\"#elementor-action%3Aaction%3Dlightbox%26settings%3DeyJpZCI6NzcyNCwidXJsIjoiaHR0cHM6XC9cL25pbW1lcndvLmNoXC93cC1jb250ZW50XC91cGxvYWRzXC8yMDIxXC8xMFwvRFNDMDYyMzkuanBnIn0%3D\">\n\t\t\t\t\t\t\t<img loading=\"lazy\" decoding=\"async\" width=\"1024\" height=\"682\" src=\"https:\/\/nimmerwo.ch\/wp-content\/uploads\/2021\/10\/DSC06239.jpg\" class=\"attachment-full size-full wp-image-7724\" alt=\"\" srcset=\"https:\/\/nimmerwo.ch\/wp-content\/uploads\/2021\/10\/DSC06239.jpg 1024w, https:\/\/nimmerwo.ch\/wp-content\/uploads\/2021\/10\/DSC06239-300x200.jpg 300w, https:\/\/nimmerwo.ch\/wp-content\/uploads\/2021\/10\/DSC06239-768x512.jpg 768w, https:\/\/nimmerwo.ch\/wp-content\/uploads\/2021\/10\/DSC06239-18x12.jpg 18w\" sizes=\"(max-width: 1024px) 100vw, 1024px\" \/>\t\t\t\t\t\t\t\t<\/a>\n\t\t\t\t\t\t\t\t\t\t\t<figcaption class=\"widget-image-caption wp-caption-text\"><\/figcaption>\n\t\t\t\t\t\t\t\t\t\t<\/figure>\n\t\t\t\t\t\t\t\t\t<\/div>\n\t\t\t\t<\/div>\n\t\t\t\t<div class=\"elementor-element elementor-element-dff044d elementor-widget elementor-widget-text-editor\" data-id=\"dff044d\" data-element_type=\"widget\" data-e-type=\"widget\" data-widget_type=\"text-editor.default\">\n\t\t\t\t<div class=\"elementor-widget-container\">\n\t\t\t\t\t\t\t\t\t<div>Der letzte Tropfen Wasser ist schon lange weg und es ist schon Abend, als wir das erste Mal heute nach Tribil Superiore in die N\u00e4he von Zivilisation gelangen. Da, ein Restaurant! Eine Fatamorgana? Nein. Zwar bezahlen wir sogar das Nachf\u00fcllen der Wasserflasche und die Cola und das Radler kosten auch mehr als aus Slowenien gewohnt, aber die kalten Getr\u00e4nke bringen uns im Nu die Lebensgeister zur\u00fcck. &#8222;Tschschsch, aaahhhhh!&#8220;<\/div>\t\t\t\t\t\t\t\t<\/div>\n\t\t\t\t<\/div>\n\t\t\t\t<div class=\"elementor-element elementor-element-6b3b362 elementor-widget elementor-widget-image\" data-id=\"6b3b362\" data-element_type=\"widget\" data-e-type=\"widget\" data-widget_type=\"image.default\">\n\t\t\t\t<div class=\"elementor-widget-container\">\n\t\t\t\t\t\t\t\t\t\t\t\t<figure class=\"wp-caption\">\n\t\t\t\t\t\t\t\t\t\t\t<a href=\"https:\/\/nimmerwo.ch\/wp-content\/uploads\/2021\/10\/DSC06240.jpg\" data-elementor-open-lightbox=\"yes\" data-e-action-hash=\"#elementor-action%3Aaction%3Dlightbox%26settings%3DeyJpZCI6NzcyNSwidXJsIjoiaHR0cHM6XC9cL25pbW1lcndvLmNoXC93cC1jb250ZW50XC91cGxvYWRzXC8yMDIxXC8xMFwvRFNDMDYyNDAuanBnIn0%3D\">\n\t\t\t\t\t\t\t<img loading=\"lazy\" decoding=\"async\" width=\"1024\" height=\"682\" src=\"https:\/\/nimmerwo.ch\/wp-content\/uploads\/2021\/10\/DSC06240.jpg\" class=\"attachment-full size-full wp-image-7725\" alt=\"\" srcset=\"https:\/\/nimmerwo.ch\/wp-content\/uploads\/2021\/10\/DSC06240.jpg 1024w, https:\/\/nimmerwo.ch\/wp-content\/uploads\/2021\/10\/DSC06240-300x200.jpg 300w, https:\/\/nimmerwo.ch\/wp-content\/uploads\/2021\/10\/DSC06240-768x512.jpg 768w, https:\/\/nimmerwo.ch\/wp-content\/uploads\/2021\/10\/DSC06240-18x12.jpg 18w\" sizes=\"(max-width: 1024px) 100vw, 1024px\" \/>\t\t\t\t\t\t\t\t<\/a>\n\t\t\t\t\t\t\t\t\t\t\t<figcaption class=\"widget-image-caption wp-caption-text\"><\/figcaption>\n\t\t\t\t\t\t\t\t\t\t<\/figure>\n\t\t\t\t\t\t\t\t\t<\/div>\n\t\t\t\t<\/div>\n\t\t\t\t<div class=\"elementor-element elementor-element-b3aaa8d elementor-widget elementor-widget-text-editor\" data-id=\"b3aaa8d\" data-element_type=\"widget\" data-e-type=\"widget\" data-widget_type=\"text-editor.default\">\n\t\t\t\t<div class=\"elementor-widget-container\">\n\t\t\t\t\t\t\t\t\t<div>Etwas weiter, im Park des Wallfahrtsortes Castelmonte kochen wir ein einfaches Abendgericht und geniessen die ruhige Abendstimmung unter den F\u00f6hren. Dann f\u00fcllen wir unsere Trinkwasserflaschen bis zum Anschlag und laufen weiter dem n\u00e4chsten Etappenziel entgegen, Cividale del Friuli.<\/div>\t\t\t\t\t\t\t\t<\/div>\n\t\t\t\t<\/div>\n\t\t\t\t<div class=\"elementor-element elementor-element-9c6ed79 elementor-widget elementor-widget-text-editor\" data-id=\"9c6ed79\" data-element_type=\"widget\" data-e-type=\"widget\" data-widget_type=\"text-editor.default\">\n\t\t\t\t<div class=\"elementor-widget-container\">\n\t\t\t\t\t\t\t\t\t<div>Es dunkelt bereits, als wir irgendwo im Busch das erste Mal unsere H\u00e4ngematten zwischen die B\u00e4ume h\u00e4ngen, um darin zu \u00fcbernachten. Wohlig und ersch\u00f6pft schlafen wir unter einem funkelnden Sternenhimmel ein.<\/div>\t\t\t\t\t\t\t\t<\/div>\n\t\t\t\t<\/div>\n\t\t\t\t<div class=\"elementor-element elementor-element-1323ef2 elementor-widget elementor-widget-image\" data-id=\"1323ef2\" data-element_type=\"widget\" data-e-type=\"widget\" data-widget_type=\"image.default\">\n\t\t\t\t<div class=\"elementor-widget-container\">\n\t\t\t\t\t\t\t\t\t\t\t\t\t\t\t\t<a href=\"https:\/\/nimmerwo.ch\/wp-content\/uploads\/2021\/10\/10.jpg\" data-elementor-open-lightbox=\"yes\" data-e-action-hash=\"#elementor-action%3Aaction%3Dlightbox%26settings%3DeyJpZCI6Nzc0MywidXJsIjoiaHR0cHM6XC9cL25pbW1lcndvLmNoXC93cC1jb250ZW50XC91cGxvYWRzXC8yMDIxXC8xMFwvMTAuanBnIn0%3D\">\n\t\t\t\t\t\t\t<img loading=\"lazy\" decoding=\"async\" width=\"685\" height=\"1024\" src=\"https:\/\/nimmerwo.ch\/wp-content\/uploads\/2021\/10\/10.jpg\" class=\"attachment-full size-full wp-image-7743\" alt=\"\" srcset=\"https:\/\/nimmerwo.ch\/wp-content\/uploads\/2021\/10\/10.jpg 685w, https:\/\/nimmerwo.ch\/wp-content\/uploads\/2021\/10\/10-201x300.jpg 201w, https:\/\/nimmerwo.ch\/wp-content\/uploads\/2021\/10\/10-8x12.jpg 8w\" sizes=\"(max-width: 685px) 100vw, 685px\" \/>\t\t\t\t\t\t\t\t<\/a>\n\t\t\t\t\t\t\t\t\t\t\t\t\t\t\t<\/div>\n\t\t\t\t<\/div>\n\t\t\t\t<div class=\"elementor-element elementor-element-e295942 elementor-widget elementor-widget-text-editor\" data-id=\"e295942\" data-element_type=\"widget\" data-e-type=\"widget\" data-widget_type=\"text-editor.default\">\n\t\t\t\t<div class=\"elementor-widget-container\">\n\t\t\t\t\t\t\t\t\t<h3 style=\"text-align: center;\">Anti-Highlight (Lowlight??) des Tages<\/h3><div style=\"text-align: center;\"><div><em>Kein Wasser zu haben. Und die unn\u00f6tige, Kr\u00e4fte raubende Wanderung auf den verflixten M. Cum!<\/em><\/div><\/div>\t\t\t\t\t\t\t\t<\/div>\n\t\t\t\t<\/div>\n\t\t\t\t<div class=\"elementor-element elementor-element-2d37e7a elementor-widget elementor-widget-image\" data-id=\"2d37e7a\" data-element_type=\"widget\" data-e-type=\"widget\" data-widget_type=\"image.default\">\n\t\t\t\t<div class=\"elementor-widget-container\">\n\t\t\t\t\t\t\t\t\t\t\t\t<figure class=\"wp-caption\">\n\t\t\t\t\t\t\t\t\t\t\t<a href=\"https:\/\/nimmerwo.ch\/wp-content\/uploads\/2021\/10\/IMG_20210810_113513.jpg\" data-elementor-open-lightbox=\"yes\" data-e-action-hash=\"#elementor-action%3Aaction%3Dlightbox%26settings%3DeyJpZCI6Nzc5MywidXJsIjoiaHR0cHM6XC9cL25pbW1lcndvLmNoXC93cC1jb250ZW50XC91cGxvYWRzXC8yMDIxXC8xMFwvSU1HXzIwMjEwODEwXzExMzUxMy5qcGcifQ%3D%3D\">\n\t\t\t\t\t\t\t<img loading=\"lazy\" decoding=\"async\" width=\"768\" height=\"1024\" src=\"https:\/\/nimmerwo.ch\/wp-content\/uploads\/2021\/10\/IMG_20210810_113513.jpg\" class=\"attachment-full size-full wp-image-7793\" alt=\"\" srcset=\"https:\/\/nimmerwo.ch\/wp-content\/uploads\/2021\/10\/IMG_20210810_113513.jpg 768w, https:\/\/nimmerwo.ch\/wp-content\/uploads\/2021\/10\/IMG_20210810_113513-225x300.jpg 225w, https:\/\/nimmerwo.ch\/wp-content\/uploads\/2021\/10\/IMG_20210810_113513-9x12.jpg 9w\" sizes=\"(max-width: 768px) 100vw, 768px\" \/>\t\t\t\t\t\t\t\t<\/a>\n\t\t\t\t\t\t\t\t\t\t\t<figcaption class=\"widget-image-caption wp-caption-text\">Auf dem Gipfel des M. Cum. Toll, was?<\/figcaption>\n\t\t\t\t\t\t\t\t\t\t<\/figure>\n\t\t\t\t\t\t\t\t\t<\/div>\n\t\t\t\t<\/div>\n\t\t\t\t<div class=\"elementor-element elementor-element-3944185 elementor-widget elementor-widget-text-editor\" data-id=\"3944185\" data-element_type=\"widget\" data-e-type=\"widget\" data-widget_type=\"text-editor.default\">\n\t\t\t\t<div class=\"elementor-widget-container\">\n\t\t\t\t\t\t\t\t\t<h3>Tag 11 &#8211; Etappe 28\/29 des Alpe Adria Trails, 20 km &#8211; Sch\u00f6nes, heisses Cividale<\/h3><div><div>Gut erholt steigen wir fr\u00fch aus der H\u00e4ngematte und machen uns auf ins wenige Kilometer entfernte Cividale del Friuli. Wie wir so durchs morgentliche Italien spazieren, treffen wir doch tats\u00e4chlich wieder einmal auf einen Fluss. Gut, seit wir die\u00a0So\u010da \u00fcberquert haben, sind erst zwei Tage vergangen. Aber ich kann dir sagen, wenn man lange zu Fuss unterwegs ist, verschiebt sich das Raum-Zeit-Kontinuum.<\/div><\/div>\t\t\t\t\t\t\t\t<\/div>\n\t\t\t\t<\/div>\n\t\t\t\t<div class=\"elementor-element elementor-element-0ddd4e3 elementor-widget elementor-widget-image\" data-id=\"0ddd4e3\" data-element_type=\"widget\" data-e-type=\"widget\" data-widget_type=\"image.default\">\n\t\t\t\t<div class=\"elementor-widget-container\">\n\t\t\t\t\t\t\t\t\t\t\t\t<figure class=\"wp-caption\">\n\t\t\t\t\t\t\t\t\t\t\t<a href=\"https:\/\/nimmerwo.ch\/wp-content\/uploads\/2021\/10\/DSC06242.jpg\" data-elementor-open-lightbox=\"yes\" data-e-action-hash=\"#elementor-action%3Aaction%3Dlightbox%26settings%3DeyJpZCI6NzcyNiwidXJsIjoiaHR0cHM6XC9cL25pbW1lcndvLmNoXC93cC1jb250ZW50XC91cGxvYWRzXC8yMDIxXC8xMFwvRFNDMDYyNDIuanBnIn0%3D\">\n\t\t\t\t\t\t\t<img loading=\"lazy\" decoding=\"async\" width=\"1024\" height=\"576\" src=\"https:\/\/nimmerwo.ch\/wp-content\/uploads\/2021\/10\/DSC06242.jpg\" class=\"attachment-full size-full wp-image-7726\" alt=\"\" srcset=\"https:\/\/nimmerwo.ch\/wp-content\/uploads\/2021\/10\/DSC06242.jpg 1024w, https:\/\/nimmerwo.ch\/wp-content\/uploads\/2021\/10\/DSC06242-300x169.jpg 300w, https:\/\/nimmerwo.ch\/wp-content\/uploads\/2021\/10\/DSC06242-768x432.jpg 768w, https:\/\/nimmerwo.ch\/wp-content\/uploads\/2021\/10\/DSC06242-18x10.jpg 18w\" sizes=\"(max-width: 1024px) 100vw, 1024px\" \/>\t\t\t\t\t\t\t\t<\/a>\n\t\t\t\t\t\t\t\t\t\t\t<figcaption class=\"widget-image-caption wp-caption-text\"><\/figcaption>\n\t\t\t\t\t\t\t\t\t\t<\/figure>\n\t\t\t\t\t\t\t\t\t<\/div>\n\t\t\t\t<\/div>\n\t\t\t\t<div class=\"elementor-element elementor-element-5dae453 elementor-widget elementor-widget-text-editor\" data-id=\"5dae453\" data-element_type=\"widget\" data-e-type=\"widget\" data-widget_type=\"text-editor.default\">\n\t\t\t\t<div class=\"elementor-widget-container\">\n\t\t\t\t\t\t\t\t\t<div>Vielleicht auch nicht, aber das Zeitgef\u00fchl kann einem schon recht abhanden kommen. Auf jeden Fall f\u00fchlt es sich wie viel l\u00e4nger an, seit wir fliessendes Wasser gesehen haben. Wir also hopp rein in den Fluss und wieder einmal waschen. Wie wohltuend!<\/div>\t\t\t\t\t\t\t\t<\/div>\n\t\t\t\t<\/div>\n\t\t\t\t<div class=\"elementor-element elementor-element-b453a2c elementor-widget elementor-widget-image\" data-id=\"b453a2c\" data-element_type=\"widget\" data-e-type=\"widget\" data-widget_type=\"image.default\">\n\t\t\t\t<div class=\"elementor-widget-container\">\n\t\t\t\t\t\t\t\t\t\t\t\t<figure class=\"wp-caption\">\n\t\t\t\t\t\t\t\t\t\t\t<a href=\"https:\/\/nimmerwo.ch\/wp-content\/uploads\/2021\/10\/DSC06248.jpg\" data-elementor-open-lightbox=\"yes\" data-e-action-hash=\"#elementor-action%3Aaction%3Dlightbox%26settings%3DeyJpZCI6NzcyNywidXJsIjoiaHR0cHM6XC9cL25pbW1lcndvLmNoXC93cC1jb250ZW50XC91cGxvYWRzXC8yMDIxXC8xMFwvRFNDMDYyNDguanBnIn0%3D\">\n\t\t\t\t\t\t\t<img loading=\"lazy\" decoding=\"async\" width=\"682\" height=\"1024\" src=\"https:\/\/nimmerwo.ch\/wp-content\/uploads\/2021\/10\/DSC06248.jpg\" class=\"attachment-full size-full wp-image-7727\" alt=\"\" srcset=\"https:\/\/nimmerwo.ch\/wp-content\/uploads\/2021\/10\/DSC06248.jpg 682w, https:\/\/nimmerwo.ch\/wp-content\/uploads\/2021\/10\/DSC06248-200x300.jpg 200w, https:\/\/nimmerwo.ch\/wp-content\/uploads\/2021\/10\/DSC06248-8x12.jpg 8w\" sizes=\"(max-width: 682px) 100vw, 682px\" \/>\t\t\t\t\t\t\t\t<\/a>\n\t\t\t\t\t\t\t\t\t\t\t<figcaption class=\"widget-image-caption wp-caption-text\"><\/figcaption>\n\t\t\t\t\t\t\t\t\t\t<\/figure>\n\t\t\t\t\t\t\t\t\t<\/div>\n\t\t\t\t<\/div>\n\t\t\t\t<div class=\"elementor-element elementor-element-6e4e62f elementor-widget elementor-widget-text-editor\" data-id=\"6e4e62f\" data-element_type=\"widget\" data-e-type=\"widget\" data-widget_type=\"text-editor.default\">\n\t\t\t\t<div class=\"elementor-widget-container\">\n\t\t\t\t\t\t\t\t\t<div>In Cividale setzten wir uns in eines der zahlreichen Ristoranti und bestellen ein verdientes Mittagessen. Nicht fehlen darf da der halbe Liter k\u00f6stlicher vino bianco di casa. Die Altstadt gef\u00e4llt uns. Die typisch italienische Piazza ist umrundet von Restaurants und Bars, die engen Gassen spenden Schatten, die Delikatessen-L\u00e4den lassen einem das Wasser im Mund zusammenlaufen.<\/div>\t\t\t\t\t\t\t\t<\/div>\n\t\t\t\t<\/div>\n\t\t\t\t<div class=\"elementor-element elementor-element-200b01e elementor-widget elementor-widget-image\" data-id=\"200b01e\" data-element_type=\"widget\" data-e-type=\"widget\" data-widget_type=\"image.default\">\n\t\t\t\t<div class=\"elementor-widget-container\">\n\t\t\t\t\t\t\t\t\t\t\t\t<figure class=\"wp-caption\">\n\t\t\t\t\t\t\t\t\t\t\t<a href=\"https:\/\/nimmerwo.ch\/wp-content\/uploads\/2021\/10\/DSC06259.jpg\" data-elementor-open-lightbox=\"yes\" data-e-action-hash=\"#elementor-action%3Aaction%3Dlightbox%26settings%3DeyJpZCI6NzcyOSwidXJsIjoiaHR0cHM6XC9cL25pbW1lcndvLmNoXC93cC1jb250ZW50XC91cGxvYWRzXC8yMDIxXC8xMFwvRFNDMDYyNTkuanBnIn0%3D\">\n\t\t\t\t\t\t\t<img loading=\"lazy\" decoding=\"async\" width=\"1024\" height=\"576\" src=\"https:\/\/nimmerwo.ch\/wp-content\/uploads\/2021\/10\/DSC06259.jpg\" class=\"attachment-full size-full wp-image-7729\" alt=\"\" srcset=\"https:\/\/nimmerwo.ch\/wp-content\/uploads\/2021\/10\/DSC06259.jpg 1024w, https:\/\/nimmerwo.ch\/wp-content\/uploads\/2021\/10\/DSC06259-300x169.jpg 300w, https:\/\/nimmerwo.ch\/wp-content\/uploads\/2021\/10\/DSC06259-768x432.jpg 768w, https:\/\/nimmerwo.ch\/wp-content\/uploads\/2021\/10\/DSC06259-18x10.jpg 18w\" sizes=\"(max-width: 1024px) 100vw, 1024px\" \/>\t\t\t\t\t\t\t\t<\/a>\n\t\t\t\t\t\t\t\t\t\t\t<figcaption class=\"widget-image-caption wp-caption-text\"><\/figcaption>\n\t\t\t\t\t\t\t\t\t\t<\/figure>\n\t\t\t\t\t\t\t\t\t<\/div>\n\t\t\t\t<\/div>\n\t\t\t\t<div class=\"elementor-element elementor-element-966b917 elementor-widget elementor-widget-text-editor\" data-id=\"966b917\" data-element_type=\"widget\" data-e-type=\"widget\" data-widget_type=\"text-editor.default\">\n\t\t\t\t<div class=\"elementor-widget-container\">\n\t\t\t\t\t\t\t\t\t<div>Es ist heiss. Sicherlich 33\u00b0C. Wir kaufen im Coop ein. Hier in Italien scheint alles etwas teurer zu sein als in Slowenien, vermittelt uns die Quittung vom Supermarkt. Als wir aus dem gek\u00fchlten Laden hinaustreten, erschl\u00e4gt uns die Hitze fast. Da trinken wir lieber noch ein kaltes Bier und warten bis die Temperaturen am sp\u00e4teren Nachmittag etwas nachlassen.<\/div>\t\t\t\t\t\t\t\t<\/div>\n\t\t\t\t<\/div>\n\t\t\t\t<div class=\"elementor-element elementor-element-4a4fed0 elementor-widget elementor-widget-image\" data-id=\"4a4fed0\" data-element_type=\"widget\" data-e-type=\"widget\" data-widget_type=\"image.default\">\n\t\t\t\t<div class=\"elementor-widget-container\">\n\t\t\t\t\t\t\t\t\t\t\t\t<figure class=\"wp-caption\">\n\t\t\t\t\t\t\t\t\t\t\t<a href=\"https:\/\/nimmerwo.ch\/wp-content\/uploads\/2021\/10\/DSC06255.jpg\" data-elementor-open-lightbox=\"yes\" data-e-action-hash=\"#elementor-action%3Aaction%3Dlightbox%26settings%3DeyJpZCI6NzcyOCwidXJsIjoiaHR0cHM6XC9cL25pbW1lcndvLmNoXC93cC1jb250ZW50XC91cGxvYWRzXC8yMDIxXC8xMFwvRFNDMDYyNTUuanBnIn0%3D\">\n\t\t\t\t\t\t\t<img loading=\"lazy\" decoding=\"async\" width=\"1024\" height=\"682\" src=\"https:\/\/nimmerwo.ch\/wp-content\/uploads\/2021\/10\/DSC06255.jpg\" class=\"attachment-full size-full wp-image-7728\" alt=\"\" srcset=\"https:\/\/nimmerwo.ch\/wp-content\/uploads\/2021\/10\/DSC06255.jpg 1024w, https:\/\/nimmerwo.ch\/wp-content\/uploads\/2021\/10\/DSC06255-300x200.jpg 300w, https:\/\/nimmerwo.ch\/wp-content\/uploads\/2021\/10\/DSC06255-768x512.jpg 768w, https:\/\/nimmerwo.ch\/wp-content\/uploads\/2021\/10\/DSC06255-18x12.jpg 18w\" sizes=\"(max-width: 1024px) 100vw, 1024px\" \/>\t\t\t\t\t\t\t\t<\/a>\n\t\t\t\t\t\t\t\t\t\t\t<figcaption class=\"widget-image-caption wp-caption-text\">Medusa auf der Piazza von Cividale<\/figcaption>\n\t\t\t\t\t\t\t\t\t\t<\/figure>\n\t\t\t\t\t\t\t\t\t<\/div>\n\t\t\t\t<\/div>\n\t\t\t\t<div class=\"elementor-element elementor-element-8738851 elementor-widget elementor-widget-text-editor\" data-id=\"8738851\" data-element_type=\"widget\" data-e-type=\"widget\" data-widget_type=\"text-editor.default\">\n\t\t\t\t<div class=\"elementor-widget-container\">\n\t\t\t\t\t\t\t\t\t<div>Nach 3 Uhr gehen wir weiter, zur\u00fcck zur slowenischen Grenze. Wir kommen etwas vom Alpe Adria Trail ab und nehmen die schnellere Route der Strasse entlang. Durch kleine D\u00f6rfer, entlang von Rebbergen kommen wir zur\u00fcck zum Grenzfluss hinein ins h\u00fcgelige, waldige Slowenien.<\/div>\t\t\t\t\t\t\t\t<\/div>\n\t\t\t\t<\/div>\n\t\t\t\t<div class=\"elementor-element elementor-element-5db86e9 elementor-widget elementor-widget-image\" data-id=\"5db86e9\" data-element_type=\"widget\" data-e-type=\"widget\" data-widget_type=\"image.default\">\n\t\t\t\t<div class=\"elementor-widget-container\">\n\t\t\t\t\t\t\t\t\t\t\t\t<figure class=\"wp-caption\">\n\t\t\t\t\t\t\t\t\t\t\t<a href=\"https:\/\/nimmerwo.ch\/wp-content\/uploads\/2021\/10\/DSC06273.jpg\" data-elementor-open-lightbox=\"yes\" data-e-action-hash=\"#elementor-action%3Aaction%3Dlightbox%26settings%3DeyJpZCI6NzczMSwidXJsIjoiaHR0cHM6XC9cL25pbW1lcndvLmNoXC93cC1jb250ZW50XC91cGxvYWRzXC8yMDIxXC8xMFwvRFNDMDYyNzMuanBnIn0%3D\">\n\t\t\t\t\t\t\t<img loading=\"lazy\" decoding=\"async\" width=\"1024\" height=\"682\" src=\"https:\/\/nimmerwo.ch\/wp-content\/uploads\/2021\/10\/DSC06273.jpg\" class=\"attachment-full size-full wp-image-7731\" alt=\"\" srcset=\"https:\/\/nimmerwo.ch\/wp-content\/uploads\/2021\/10\/DSC06273.jpg 1024w, https:\/\/nimmerwo.ch\/wp-content\/uploads\/2021\/10\/DSC06273-300x200.jpg 300w, https:\/\/nimmerwo.ch\/wp-content\/uploads\/2021\/10\/DSC06273-768x512.jpg 768w, https:\/\/nimmerwo.ch\/wp-content\/uploads\/2021\/10\/DSC06273-18x12.jpg 18w\" sizes=\"(max-width: 1024px) 100vw, 1024px\" \/>\t\t\t\t\t\t\t\t<\/a>\n\t\t\t\t\t\t\t\t\t\t\t<figcaption class=\"widget-image-caption wp-caption-text\"><\/figcaption>\n\t\t\t\t\t\t\t\t\t\t<\/figure>\n\t\t\t\t\t\t\t\t\t<\/div>\n\t\t\t\t<\/div>\n\t\t\t\t<div class=\"elementor-element elementor-element-87cfc2c elementor-widget elementor-widget-text-editor\" data-id=\"87cfc2c\" data-element_type=\"widget\" data-e-type=\"widget\" data-widget_type=\"text-editor.default\">\n\t\t\t\t<div class=\"elementor-widget-container\">\n\t\t\t\t\t\t\t\t\t<div>Einmal zu oft verlassen wir uns auf einen Weg, der uns auf maps.me angezeigt wird, was dazu f\u00fchrt, dass wir uns durch einen verwachsenen Dornenbusch einen steilen Hang zur\u00fcck auf die Strasse k\u00e4mpfen m\u00fcssen.<\/div>\t\t\t\t\t\t\t\t<\/div>\n\t\t\t\t<\/div>\n\t\t\t\t<div class=\"elementor-element elementor-element-01d877e elementor-widget elementor-widget-image\" data-id=\"01d877e\" data-element_type=\"widget\" data-e-type=\"widget\" data-widget_type=\"image.default\">\n\t\t\t\t<div class=\"elementor-widget-container\">\n\t\t\t\t\t\t\t\t\t\t\t\t<figure class=\"wp-caption\">\n\t\t\t\t\t\t\t\t\t\t\t<a href=\"https:\/\/nimmerwo.ch\/wp-content\/uploads\/2021\/10\/DSC06293.jpg\" data-elementor-open-lightbox=\"yes\" data-e-action-hash=\"#elementor-action%3Aaction%3Dlightbox%26settings%3DeyJpZCI6NzczMywidXJsIjoiaHR0cHM6XC9cL25pbW1lcndvLmNoXC93cC1jb250ZW50XC91cGxvYWRzXC8yMDIxXC8xMFwvRFNDMDYyOTMuanBnIn0%3D\">\n\t\t\t\t\t\t\t<img loading=\"lazy\" decoding=\"async\" width=\"1024\" height=\"682\" src=\"https:\/\/nimmerwo.ch\/wp-content\/uploads\/2021\/10\/DSC06293.jpg\" class=\"attachment-full size-full wp-image-7733\" alt=\"\" srcset=\"https:\/\/nimmerwo.ch\/wp-content\/uploads\/2021\/10\/DSC06293.jpg 1024w, https:\/\/nimmerwo.ch\/wp-content\/uploads\/2021\/10\/DSC06293-300x200.jpg 300w, https:\/\/nimmerwo.ch\/wp-content\/uploads\/2021\/10\/DSC06293-768x512.jpg 768w, https:\/\/nimmerwo.ch\/wp-content\/uploads\/2021\/10\/DSC06293-18x12.jpg 18w\" sizes=\"(max-width: 1024px) 100vw, 1024px\" \/>\t\t\t\t\t\t\t\t<\/a>\n\t\t\t\t\t\t\t\t\t\t\t<figcaption class=\"widget-image-caption wp-caption-text\"><\/figcaption>\n\t\t\t\t\t\t\t\t\t\t<\/figure>\n\t\t\t\t\t\t\t\t\t<\/div>\n\t\t\t\t<\/div>\n\t\t\t\t<div class=\"elementor-element elementor-element-37db82b elementor-widget elementor-widget-text-editor\" data-id=\"37db82b\" data-element_type=\"widget\" data-e-type=\"widget\" data-widget_type=\"text-editor.default\">\n\t\t\t\t<div class=\"elementor-widget-container\">\n\t\t\t\t\t\t\t\t\t<div>Nach einem letzten Abstieg zum Bach hinunter kommen wir um 8 Uhr abends endlich an. Hier unten im Dschungel ist es fast schon dunkel. Wir schlagen das Zelt auf, entfachen Feuer und nutzen das erste Mal den Grill. Der soll ja nicht vergebens im Gep\u00e4ck stecken. Entrecote mit Tomate und K\u00e4se im Tortilla-teig. Und eine Flasche Rotwein. Dazu das Pl\u00e4tschern des kleinen Baches. Wundervoll!<\/div>\t\t\t\t\t\t\t\t<\/div>\n\t\t\t\t<\/div>\n\t\t\t\t<div class=\"elementor-element elementor-element-f772615 elementor-widget elementor-widget-image\" data-id=\"f772615\" data-element_type=\"widget\" data-e-type=\"widget\" data-widget_type=\"image.default\">\n\t\t\t\t<div class=\"elementor-widget-container\">\n\t\t\t\t\t\t\t\t\t\t\t\t\t\t\t\t<a href=\"https:\/\/nimmerwo.ch\/wp-content\/uploads\/2021\/10\/11.jpg\" data-elementor-open-lightbox=\"yes\" data-e-action-hash=\"#elementor-action%3Aaction%3Dlightbox%26settings%3DeyJpZCI6Nzc0NSwidXJsIjoiaHR0cHM6XC9cL25pbW1lcndvLmNoXC93cC1jb250ZW50XC91cGxvYWRzXC8yMDIxXC8xMFwvMTEuanBnIn0%3D\">\n\t\t\t\t\t\t\t<img loading=\"lazy\" decoding=\"async\" width=\"591\" height=\"1024\" src=\"https:\/\/nimmerwo.ch\/wp-content\/uploads\/2021\/10\/11.jpg\" class=\"attachment-full size-full wp-image-7745\" alt=\"\" srcset=\"https:\/\/nimmerwo.ch\/wp-content\/uploads\/2021\/10\/11.jpg 591w, https:\/\/nimmerwo.ch\/wp-content\/uploads\/2021\/10\/11-173x300.jpg 173w, https:\/\/nimmerwo.ch\/wp-content\/uploads\/2021\/10\/11-7x12.jpg 7w\" sizes=\"(max-width: 591px) 100vw, 591px\" \/>\t\t\t\t\t\t\t\t<\/a>\n\t\t\t\t\t\t\t\t\t\t\t\t\t\t\t<\/div>\n\t\t\t\t<\/div>\n\t\t\t\t<div class=\"elementor-element elementor-element-4750744 elementor-widget elementor-widget-text-editor\" data-id=\"4750744\" data-element_type=\"widget\" data-e-type=\"widget\" data-widget_type=\"text-editor.default\">\n\t\t\t\t<div class=\"elementor-widget-container\">\n\t\t\t\t\t\t\t\t\t<h3 style=\"text-align: center;\">Highlight des Tages<\/h3><div style=\"text-align: center;\"><div><em>Cividale. Manchmal ist es auf einer Wanderung auch nett, wenn man nicht nur Busch, Wald und Felder um sich hat. Da ist eine sch\u00f6ne, italienische Stadt wie Cividale eine willkommene Abwechslung.<\/em><\/div><\/div>\t\t\t\t\t\t\t\t<\/div>\n\t\t\t\t<\/div>\n\t\t\t\t<div class=\"elementor-element elementor-element-e3eca14 elementor-widget elementor-widget-image\" data-id=\"e3eca14\" data-element_type=\"widget\" data-e-type=\"widget\" data-widget_type=\"image.default\">\n\t\t\t\t<div class=\"elementor-widget-container\">\n\t\t\t\t\t\t\t\t\t\t\t\t<figure class=\"wp-caption\">\n\t\t\t\t\t\t\t\t\t\t\t<a href=\"https:\/\/nimmerwo.ch\/wp-content\/uploads\/2021\/10\/DSC06286-Pano.jpg\" data-elementor-open-lightbox=\"yes\" data-e-action-hash=\"#elementor-action%3Aaction%3Dlightbox%26settings%3DeyJpZCI6NzczMiwidXJsIjoiaHR0cHM6XC9cL25pbW1lcndvLmNoXC93cC1jb250ZW50XC91cGxvYWRzXC8yMDIxXC8xMFwvRFNDMDYyODYtUGFuby5qcGcifQ%3D%3D\">\n\t\t\t\t\t\t\t<img loading=\"lazy\" decoding=\"async\" width=\"1024\" height=\"468\" src=\"https:\/\/nimmerwo.ch\/wp-content\/uploads\/2021\/10\/DSC06286-Pano.jpg\" class=\"attachment-full size-full wp-image-7732\" alt=\"\" srcset=\"https:\/\/nimmerwo.ch\/wp-content\/uploads\/2021\/10\/DSC06286-Pano.jpg 1024w, https:\/\/nimmerwo.ch\/wp-content\/uploads\/2021\/10\/DSC06286-Pano-300x137.jpg 300w, https:\/\/nimmerwo.ch\/wp-content\/uploads\/2021\/10\/DSC06286-Pano-768x351.jpg 768w, https:\/\/nimmerwo.ch\/wp-content\/uploads\/2021\/10\/DSC06286-Pano-18x8.jpg 18w\" sizes=\"(max-width: 1024px) 100vw, 1024px\" \/>\t\t\t\t\t\t\t\t<\/a>\n\t\t\t\t\t\t\t\t\t\t\t<figcaption class=\"widget-image-caption wp-caption-text\"><\/figcaption>\n\t\t\t\t\t\t\t\t\t\t<\/figure>\n\t\t\t\t\t\t\t\t\t<\/div>\n\t\t\t\t<\/div>\n\t\t\t\t<div class=\"elementor-element elementor-element-5192500 elementor-widget-divider--view-line elementor-widget elementor-widget-divider\" data-id=\"5192500\" data-element_type=\"widget\" data-e-type=\"widget\" data-widget_type=\"divider.default\">\n\t\t\t\t<div class=\"elementor-widget-container\">\n\t\t\t\t\t\t\t<div class=\"elementor-divider\">\n\t\t\t<span class=\"elementor-divider-separator\">\n\t\t\t\t\t\t<\/span>\n\t\t<\/div>\n\t\t\t\t\t\t<\/div>\n\t\t\t\t<\/div>\n\t\t\t\t<div class=\"elementor-element elementor-element-0a264fa elementor-widget elementor-widget-text-editor\" data-id=\"0a264fa\" data-element_type=\"widget\" data-e-type=\"widget\" data-widget_type=\"text-editor.default\">\n\t\t\t\t<div class=\"elementor-widget-container\">\n\t\t\t\t\t\t\t\t\t<h3>Tag 12 &#8211; Etappe 30 des Alpe Adria Trails, 14 km &#8211; Heiss und heisser<\/h3><div><div>Schon um 10 Uhr morgens beginnt die Sonne zu brennen. Wir wandern durch sch\u00f6n gewundene Rebberge, vorbei an unz\u00e4hligen Weing\u00fctern. Aber die slowenische Sommerhitze schafft uns fast.<\/div><\/div>\t\t\t\t\t\t\t\t<\/div>\n\t\t\t\t<\/div>\n\t\t\t\t<div class=\"elementor-element elementor-element-905b6dc elementor-widget elementor-widget-image\" data-id=\"905b6dc\" data-element_type=\"widget\" data-e-type=\"widget\" data-widget_type=\"image.default\">\n\t\t\t\t<div class=\"elementor-widget-container\">\n\t\t\t\t\t\t\t\t\t\t\t\t<figure class=\"wp-caption\">\n\t\t\t\t\t\t\t\t\t\t\t<a href=\"https:\/\/nimmerwo.ch\/wp-content\/uploads\/2021\/10\/DSC06296.jpg\" data-elementor-open-lightbox=\"yes\" data-e-action-hash=\"#elementor-action%3Aaction%3Dlightbox%26settings%3DeyJpZCI6NzczNSwidXJsIjoiaHR0cHM6XC9cL25pbW1lcndvLmNoXC93cC1jb250ZW50XC91cGxvYWRzXC8yMDIxXC8xMFwvRFNDMDYyOTYuanBnIn0%3D\">\n\t\t\t\t\t\t\t<img loading=\"lazy\" decoding=\"async\" width=\"1024\" height=\"682\" src=\"https:\/\/nimmerwo.ch\/wp-content\/uploads\/2021\/10\/DSC06296.jpg\" class=\"attachment-full size-full wp-image-7735\" alt=\"\" srcset=\"https:\/\/nimmerwo.ch\/wp-content\/uploads\/2021\/10\/DSC06296.jpg 1024w, https:\/\/nimmerwo.ch\/wp-content\/uploads\/2021\/10\/DSC06296-300x200.jpg 300w, https:\/\/nimmerwo.ch\/wp-content\/uploads\/2021\/10\/DSC06296-768x512.jpg 768w, https:\/\/nimmerwo.ch\/wp-content\/uploads\/2021\/10\/DSC06296-18x12.jpg 18w\" sizes=\"(max-width: 1024px) 100vw, 1024px\" \/>\t\t\t\t\t\t\t\t<\/a>\n\t\t\t\t\t\t\t\t\t\t\t<figcaption class=\"widget-image-caption wp-caption-text\"><\/figcaption>\n\t\t\t\t\t\t\t\t\t\t<\/figure>\n\t\t\t\t\t\t\t\t\t<\/div>\n\t\t\t\t<\/div>\n\t\t\t\t<div class=\"elementor-element elementor-element-32f22ec elementor-widget elementor-widget-text-editor\" data-id=\"32f22ec\" data-element_type=\"widget\" data-e-type=\"widget\" data-widget_type=\"text-editor.default\">\n\t\t\t\t<div class=\"elementor-widget-container\">\n\t\t\t\t\t\t\t\t\t<p>Wir orientieren uns an Friedh\u00f6fen. Nein, wir suchen keine offenen Gr\u00e4ber. Aber wir sind sicher, dass wir auf Friedh\u00f6fen Wasser finden. Den Mittag, als die Temperaturen ihren Zenit erreichen, verbringen wir im Schatten grosser Eichen. Wir blicken \u00fcber die Traubenplantage in die flimmernde Ferne. Jetzt ist eine kleine Siesta das einzig Richtige.<\/p>\t\t\t\t\t\t\t\t<\/div>\n\t\t\t\t<\/div>\n\t\t\t\t<div class=\"elementor-element elementor-element-8c758f9 elementor-widget elementor-widget-image\" data-id=\"8c758f9\" data-element_type=\"widget\" data-e-type=\"widget\" data-widget_type=\"image.default\">\n\t\t\t\t<div class=\"elementor-widget-container\">\n\t\t\t\t\t\t\t\t\t\t\t\t<figure class=\"wp-caption\">\n\t\t\t\t\t\t\t\t\t\t\t<a href=\"https:\/\/nimmerwo.ch\/wp-content\/uploads\/2021\/10\/DSC06307.jpg\" data-elementor-open-lightbox=\"yes\" data-e-action-hash=\"#elementor-action%3Aaction%3Dlightbox%26settings%3DeyJpZCI6NzczNywidXJsIjoiaHR0cHM6XC9cL25pbW1lcndvLmNoXC93cC1jb250ZW50XC91cGxvYWRzXC8yMDIxXC8xMFwvRFNDMDYzMDcuanBnIn0%3D\">\n\t\t\t\t\t\t\t<img loading=\"lazy\" decoding=\"async\" width=\"682\" height=\"1024\" src=\"https:\/\/nimmerwo.ch\/wp-content\/uploads\/2021\/10\/DSC06307.jpg\" class=\"attachment-full size-full wp-image-7737\" alt=\"\" srcset=\"https:\/\/nimmerwo.ch\/wp-content\/uploads\/2021\/10\/DSC06307.jpg 682w, https:\/\/nimmerwo.ch\/wp-content\/uploads\/2021\/10\/DSC06307-200x300.jpg 200w, https:\/\/nimmerwo.ch\/wp-content\/uploads\/2021\/10\/DSC06307-8x12.jpg 8w\" sizes=\"(max-width: 682px) 100vw, 682px\" \/>\t\t\t\t\t\t\t\t<\/a>\n\t\t\t\t\t\t\t\t\t\t\t<figcaption class=\"widget-image-caption wp-caption-text\"><\/figcaption>\n\t\t\t\t\t\t\t\t\t\t<\/figure>\n\t\t\t\t\t\t\t\t\t<\/div>\n\t\t\t\t<\/div>\n\t\t\t\t<div class=\"elementor-element elementor-element-5029eae elementor-widget elementor-widget-text-editor\" data-id=\"5029eae\" data-element_type=\"widget\" data-e-type=\"widget\" data-widget_type=\"text-editor.default\">\n\t\t\t\t<div class=\"elementor-widget-container\">\n\t\t\t\t\t\t\t\t\t<div>Auch am Nachmittag kommen wir nur langsam voran. Gesund ist es nicht wirklich, jetzt in der prallen Sonne zu gehen. Und in den Rebbergen ist kaum Schatten zu finden.<\/div>\t\t\t\t\t\t\t\t<\/div>\n\t\t\t\t<\/div>\n\t\t\t\t<div class=\"elementor-element elementor-element-0c29857 elementor-widget elementor-widget-image\" data-id=\"0c29857\" data-element_type=\"widget\" data-e-type=\"widget\" data-widget_type=\"image.default\">\n\t\t\t\t<div class=\"elementor-widget-container\">\n\t\t\t\t\t\t\t\t\t\t\t\t<figure class=\"wp-caption\">\n\t\t\t\t\t\t\t\t\t\t\t<a href=\"https:\/\/nimmerwo.ch\/wp-content\/uploads\/2021\/10\/DSC06312.jpg\" data-elementor-open-lightbox=\"yes\" data-e-action-hash=\"#elementor-action%3Aaction%3Dlightbox%26settings%3DeyJpZCI6NzczOCwidXJsIjoiaHR0cHM6XC9cL25pbW1lcndvLmNoXC93cC1jb250ZW50XC91cGxvYWRzXC8yMDIxXC8xMFwvRFNDMDYzMTIuanBnIn0%3D\">\n\t\t\t\t\t\t\t<img loading=\"lazy\" decoding=\"async\" width=\"1024\" height=\"682\" src=\"https:\/\/nimmerwo.ch\/wp-content\/uploads\/2021\/10\/DSC06312.jpg\" class=\"attachment-full size-full wp-image-7738\" alt=\"\" srcset=\"https:\/\/nimmerwo.ch\/wp-content\/uploads\/2021\/10\/DSC06312.jpg 1024w, https:\/\/nimmerwo.ch\/wp-content\/uploads\/2021\/10\/DSC06312-300x200.jpg 300w, https:\/\/nimmerwo.ch\/wp-content\/uploads\/2021\/10\/DSC06312-768x512.jpg 768w, https:\/\/nimmerwo.ch\/wp-content\/uploads\/2021\/10\/DSC06312-18x12.jpg 18w\" sizes=\"(max-width: 1024px) 100vw, 1024px\" \/>\t\t\t\t\t\t\t\t<\/a>\n\t\t\t\t\t\t\t\t\t\t\t<figcaption class=\"widget-image-caption wp-caption-text\"><\/figcaption>\n\t\t\t\t\t\t\t\t\t\t<\/figure>\n\t\t\t\t\t\t\t\t\t<\/div>\n\t\t\t\t<\/div>\n\t\t\t\t<div class=\"elementor-element elementor-element-96be04c elementor-widget elementor-widget-text-editor\" data-id=\"96be04c\" data-element_type=\"widget\" data-e-type=\"widget\" data-widget_type=\"text-editor.default\">\n\t\t\t\t<div class=\"elementor-widget-container\">\n\t\t\t\t\t\t\t\t\t<div>Endlich kommen wir in Dobrovo an. Das Schloss schauen wir uns nur aus der Distanz an. Wichtiger f\u00fcr uns ist der Merkator. Da kaufe ich kalte Cola, Radler und Bier. Draussen vor der T\u00fcr in der schattigen Hitze trinken wir alles aufs Mal.<\/div>\t\t\t\t\t\t\t\t<\/div>\n\t\t\t\t<\/div>\n\t\t\t\t<div class=\"elementor-element elementor-element-1ae3242 elementor-widget elementor-widget-image\" data-id=\"1ae3242\" data-element_type=\"widget\" data-e-type=\"widget\" data-widget_type=\"image.default\">\n\t\t\t\t<div class=\"elementor-widget-container\">\n\t\t\t\t\t\t\t\t\t\t\t\t<figure class=\"wp-caption\">\n\t\t\t\t\t\t\t\t\t\t\t<a href=\"https:\/\/nimmerwo.ch\/wp-content\/uploads\/2021\/10\/DSC06320.jpg\" data-elementor-open-lightbox=\"yes\" data-e-action-hash=\"#elementor-action%3Aaction%3Dlightbox%26settings%3DeyJpZCI6Nzc0MCwidXJsIjoiaHR0cHM6XC9cL25pbW1lcndvLmNoXC93cC1jb250ZW50XC91cGxvYWRzXC8yMDIxXC8xMFwvRFNDMDYzMjAuanBnIn0%3D\">\n\t\t\t\t\t\t\t<img loading=\"lazy\" decoding=\"async\" width=\"1024\" height=\"576\" src=\"https:\/\/nimmerwo.ch\/wp-content\/uploads\/2021\/10\/DSC06320.jpg\" class=\"attachment-full size-full wp-image-7740\" alt=\"\" srcset=\"https:\/\/nimmerwo.ch\/wp-content\/uploads\/2021\/10\/DSC06320.jpg 1024w, https:\/\/nimmerwo.ch\/wp-content\/uploads\/2021\/10\/DSC06320-300x169.jpg 300w, https:\/\/nimmerwo.ch\/wp-content\/uploads\/2021\/10\/DSC06320-768x432.jpg 768w, https:\/\/nimmerwo.ch\/wp-content\/uploads\/2021\/10\/DSC06320-18x10.jpg 18w\" sizes=\"(max-width: 1024px) 100vw, 1024px\" \/>\t\t\t\t\t\t\t\t<\/a>\n\t\t\t\t\t\t\t\t\t\t\t<figcaption class=\"widget-image-caption wp-caption-text\"><\/figcaption>\n\t\t\t\t\t\t\t\t\t\t<\/figure>\n\t\t\t\t\t\t\t\t\t<\/div>\n\t\t\t\t<\/div>\n\t\t\t\t<div class=\"elementor-element elementor-element-2b1aac8 elementor-widget elementor-widget-text-editor\" data-id=\"2b1aac8\" data-element_type=\"widget\" data-e-type=\"widget\" data-widget_type=\"text-editor.default\">\n\t\t\t\t<div class=\"elementor-widget-container\">\n\t\t\t\t\t\t\t\t\t<div>Online suchen wir eine bezahlbare Unterkunft. Ohne Erfolg. Die n\u00e4chste finden wir in Italien in zwei Tagen. Da muss die Dusche halt warten.<\/div>\t\t\t\t\t\t\t\t<\/div>\n\t\t\t\t<\/div>\n\t\t\t\t<div class=\"elementor-element elementor-element-0e2252b elementor-widget elementor-widget-image\" data-id=\"0e2252b\" data-element_type=\"widget\" data-e-type=\"widget\" data-widget_type=\"image.default\">\n\t\t\t\t<div class=\"elementor-widget-container\">\n\t\t\t\t\t\t\t\t\t\t\t\t<figure class=\"wp-caption\">\n\t\t\t\t\t\t\t\t\t\t\t<a href=\"https:\/\/nimmerwo.ch\/wp-content\/uploads\/2021\/10\/DSC06322.jpg\" data-elementor-open-lightbox=\"yes\" data-elementor-lightbox-description=\"In Slowenien ist der Alpe Adria Trail gelb-weiss markiert. Aber nicht immer ist es so ganz klar, in welche Richtung wir m\u00fcssen...\" data-e-action-hash=\"#elementor-action%3Aaction%3Dlightbox%26settings%3DeyJpZCI6Nzc0MSwidXJsIjoiaHR0cHM6XC9cL25pbW1lcndvLmNoXC93cC1jb250ZW50XC91cGxvYWRzXC8yMDIxXC8xMFwvRFNDMDYzMjIuanBnIn0%3D\">\n\t\t\t\t\t\t\t<img loading=\"lazy\" decoding=\"async\" width=\"1024\" height=\"682\" src=\"https:\/\/nimmerwo.ch\/wp-content\/uploads\/2021\/10\/DSC06322.jpg\" class=\"attachment-full size-full wp-image-7741\" alt=\"In Slowenien ist der Alpe Adria Trail gelb-weiss markiert\" srcset=\"https:\/\/nimmerwo.ch\/wp-content\/uploads\/2021\/10\/DSC06322.jpg 1024w, https:\/\/nimmerwo.ch\/wp-content\/uploads\/2021\/10\/DSC06322-300x200.jpg 300w, https:\/\/nimmerwo.ch\/wp-content\/uploads\/2021\/10\/DSC06322-768x512.jpg 768w, https:\/\/nimmerwo.ch\/wp-content\/uploads\/2021\/10\/DSC06322-18x12.jpg 18w\" sizes=\"(max-width: 1024px) 100vw, 1024px\" \/>\t\t\t\t\t\t\t\t<\/a>\n\t\t\t\t\t\t\t\t\t\t\t<figcaption class=\"widget-image-caption wp-caption-text\">In Slowenien ist der Alpe Adria Trail gelb-weiss markiert. Aber nicht immer ist es so ganz klar, in welche Richtung wir m\u00fcssen...<\/figcaption>\n\t\t\t\t\t\t\t\t\t\t<\/figure>\n\t\t\t\t\t\t\t\t\t<\/div>\n\t\t\t\t<\/div>\n\t\t\t\t<div class=\"elementor-element elementor-element-faac01b elementor-widget elementor-widget-text-editor\" data-id=\"faac01b\" data-element_type=\"widget\" data-e-type=\"widget\" data-widget_type=\"text-editor.default\">\n\t\t\t\t<div class=\"elementor-widget-container\">\n\t\t\t\t\t\t\t\t\t<div>Gl\u00fccklicherweise finden wir nicht weit ausserhalb Dobrovos einen kleinen Rinnsale. Unter anderen Umst\u00e4nden keine Randnotiz wert, heute aber sehr willkommen. Wir k\u00fchlen und waschen uns so gut wir k\u00f6nnen und entschliessen uns spontan, nicht mehr weiterzugehen, sondern hier zwischen den Reben auf der Wiese zu \u00fcbernachten.<\/div>\t\t\t\t\t\t\t\t<\/div>\n\t\t\t\t<\/div>\n\t\t\t\t<div class=\"elementor-element elementor-element-65f109b elementor-widget elementor-widget-image\" data-id=\"65f109b\" data-element_type=\"widget\" data-e-type=\"widget\" data-widget_type=\"image.default\">\n\t\t\t\t<div class=\"elementor-widget-container\">\n\t\t\t\t\t\t\t\t\t\t\t\t\t\t\t\t<a href=\"https:\/\/nimmerwo.ch\/wp-content\/uploads\/2021\/10\/12.jpg\" data-elementor-open-lightbox=\"yes\" data-e-action-hash=\"#elementor-action%3Aaction%3Dlightbox%26settings%3DeyJpZCI6Nzc0NiwidXJsIjoiaHR0cHM6XC9cL25pbW1lcndvLmNoXC93cC1jb250ZW50XC91cGxvYWRzXC8yMDIxXC8xMFwvMTIuanBnIn0%3D\">\n\t\t\t\t\t\t\t<img loading=\"lazy\" decoding=\"async\" width=\"670\" height=\"1024\" src=\"https:\/\/nimmerwo.ch\/wp-content\/uploads\/2021\/10\/12.jpg\" class=\"attachment-full size-full wp-image-7746\" alt=\"\" srcset=\"https:\/\/nimmerwo.ch\/wp-content\/uploads\/2021\/10\/12.jpg 670w, https:\/\/nimmerwo.ch\/wp-content\/uploads\/2021\/10\/12-196x300.jpg 196w, https:\/\/nimmerwo.ch\/wp-content\/uploads\/2021\/10\/12-8x12.jpg 8w\" sizes=\"(max-width: 670px) 100vw, 670px\" \/>\t\t\t\t\t\t\t\t<\/a>\n\t\t\t\t\t\t\t\t\t\t\t\t\t\t\t<\/div>\n\t\t\t\t<\/div>\n\t\t\t\t<div class=\"elementor-element elementor-element-1f0fca8 elementor-widget elementor-widget-text-editor\" data-id=\"1f0fca8\" data-element_type=\"widget\" data-e-type=\"widget\" data-widget_type=\"text-editor.default\">\n\t\t\t\t<div class=\"elementor-widget-container\">\n\t\t\t\t\t\t\t\t\t<h3 style=\"text-align: center;\">Highlight des Tages<\/h3><div style=\"text-align: center;\"><div><em>Jedes bisschen Wasser, das wir an diesem heissen Tag fanden.<\/em><\/div><\/div>\t\t\t\t\t\t\t\t<\/div>\n\t\t\t\t<\/div>\n\t\t\t\t<div class=\"elementor-element elementor-element-86c49d6 elementor-widget elementor-widget-image\" data-id=\"86c49d6\" data-element_type=\"widget\" data-e-type=\"widget\" data-widget_type=\"image.default\">\n\t\t\t\t<div class=\"elementor-widget-container\">\n\t\t\t\t\t\t\t\t\t\t\t\t<figure class=\"wp-caption\">\n\t\t\t\t\t\t\t\t\t\t\t<a href=\"https:\/\/nimmerwo.ch\/wp-content\/uploads\/2021\/10\/DSC06316-Pano.jpg\" data-elementor-open-lightbox=\"yes\" data-e-action-hash=\"#elementor-action%3Aaction%3Dlightbox%26settings%3DeyJpZCI6NzczOSwidXJsIjoiaHR0cHM6XC9cL25pbW1lcndvLmNoXC93cC1jb250ZW50XC91cGxvYWRzXC8yMDIxXC8xMFwvRFNDMDYzMTYtUGFuby5qcGcifQ%3D%3D\">\n\t\t\t\t\t\t\t<img loading=\"lazy\" decoding=\"async\" width=\"1024\" height=\"280\" src=\"https:\/\/nimmerwo.ch\/wp-content\/uploads\/2021\/10\/DSC06316-Pano.jpg\" class=\"attachment-full size-full wp-image-7739\" alt=\"\" srcset=\"https:\/\/nimmerwo.ch\/wp-content\/uploads\/2021\/10\/DSC06316-Pano.jpg 1024w, https:\/\/nimmerwo.ch\/wp-content\/uploads\/2021\/10\/DSC06316-Pano-300x82.jpg 300w, https:\/\/nimmerwo.ch\/wp-content\/uploads\/2021\/10\/DSC06316-Pano-768x210.jpg 768w, https:\/\/nimmerwo.ch\/wp-content\/uploads\/2021\/10\/DSC06316-Pano-18x5.jpg 18w\" sizes=\"(max-width: 1024px) 100vw, 1024px\" \/>\t\t\t\t\t\t\t\t<\/a>\n\t\t\t\t\t\t\t\t\t\t\t<figcaption class=\"widget-image-caption wp-caption-text\"><\/figcaption>\n\t\t\t\t\t\t\t\t\t\t<\/figure>\n\t\t\t\t\t\t\t\t\t<\/div>\n\t\t\t\t<\/div>\n\t\t\t\t<div class=\"elementor-element elementor-element-ee3d2ad elementor-widget-divider--view-line elementor-widget elementor-widget-divider\" data-id=\"ee3d2ad\" data-element_type=\"widget\" data-e-type=\"widget\" data-widget_type=\"divider.default\">\n\t\t\t\t<div class=\"elementor-widget-container\">\n\t\t\t\t\t\t\t<div class=\"elementor-divider\">\n\t\t\t<span class=\"elementor-divider-separator\">\n\t\t\t\t\t\t<\/span>\n\t\t<\/div>\n\t\t\t\t\t\t<\/div>\n\t\t\t\t<\/div>\n\t\t\t\t<div class=\"elementor-element elementor-element-b712a41 elementor-widget elementor-widget-text-editor\" data-id=\"b712a41\" data-element_type=\"widget\" data-e-type=\"widget\" data-widget_type=\"text-editor.default\">\n\t\t\t\t<div class=\"elementor-widget-container\">\n\t\t\t\t\t\t\t\t\t<h3>Tag 13 &#8211; Etappe 30-32 des Alpe Adria Trails, 24 km &#8211; Von \u0160marto zur\u00fcck nach Italien<\/h3><div>Um 6 Uhr in der Fr\u00fch stehen wir auf und gehen noch vor dem Fr\u00fchst\u00fcck die halbe Stunde zum Aussichtsturm bei \u0160marto. Da oben windet es heftig, aber wir werden mit einem wunderbaren Rundumblick auf slowenische und italienische Landschaften belohnt. In der Ferne ist das Triglav Massiv zu erkennen. Auf der anderen das flache Italien, dass da hinten irgendwo ans Meer grenzt.<\/div>\t\t\t\t\t\t\t\t<\/div>\n\t\t\t\t<\/div>\n\t\t\t\t<div class=\"elementor-element elementor-element-8277801 elementor-widget elementor-widget-image\" data-id=\"8277801\" data-element_type=\"widget\" data-e-type=\"widget\" data-widget_type=\"image.default\">\n\t\t\t\t<div class=\"elementor-widget-container\">\n\t\t\t\t\t\t\t\t\t\t\t\t<figure class=\"wp-caption\">\n\t\t\t\t\t\t\t\t\t\t\t<a href=\"https:\/\/nimmerwo.ch\/wp-content\/uploads\/2021\/11\/DSC06328.jpg\" data-elementor-open-lightbox=\"yes\" data-e-action-hash=\"#elementor-action%3Aaction%3Dlightbox%26settings%3DeyJpZCI6Nzg0NywidXJsIjoiaHR0cHM6XC9cL25pbW1lcndvLmNoXC93cC1jb250ZW50XC91cGxvYWRzXC8yMDIxXC8xMVwvRFNDMDYzMjguanBnIn0%3D\">\n\t\t\t\t\t\t\t<img loading=\"lazy\" decoding=\"async\" width=\"1024\" height=\"682\" src=\"https:\/\/nimmerwo.ch\/wp-content\/uploads\/2021\/11\/DSC06328.jpg\" class=\"attachment-full size-full wp-image-7847\" alt=\"\" srcset=\"https:\/\/nimmerwo.ch\/wp-content\/uploads\/2021\/11\/DSC06328.jpg 1024w, https:\/\/nimmerwo.ch\/wp-content\/uploads\/2021\/11\/DSC06328-300x200.jpg 300w, https:\/\/nimmerwo.ch\/wp-content\/uploads\/2021\/11\/DSC06328-768x512.jpg 768w, https:\/\/nimmerwo.ch\/wp-content\/uploads\/2021\/11\/DSC06328-18x12.jpg 18w\" sizes=\"(max-width: 1024px) 100vw, 1024px\" \/>\t\t\t\t\t\t\t\t<\/a>\n\t\t\t\t\t\t\t\t\t\t\t<figcaption class=\"widget-image-caption wp-caption-text\"><\/figcaption>\n\t\t\t\t\t\t\t\t\t\t<\/figure>\n\t\t\t\t\t\t\t\t\t<\/div>\n\t\t\t\t<\/div>\n\t\t\t\t<div class=\"elementor-element elementor-element-a0907c8 elementor-widget elementor-widget-text-editor\" data-id=\"a0907c8\" data-element_type=\"widget\" data-e-type=\"widget\" data-widget_type=\"text-editor.default\">\n\t\t\t\t<div class=\"elementor-widget-container\">\n\t\t\t\t\t\t\t\t\t<div>Das Altst\u00e4dtchen von\u00a0\u0160marto ist herausgeputzt und auf Tourismus getrimmt. Es liegt auf einem H\u00fcgel und wird auch immer wieder aus der Distanz sichtbar sein.<\/div><div>Wir wandern \u00fcber die Kreten durch das morgentliche Slowenien, links und rechts von Rebbergen und Weing\u00fctern begleitet. Auch Unterk\u00fcnfte in Form von Appartments gibt es zu mieten, aber keine Restaurants und nur ein Laden weit und breit.<\/div>\t\t\t\t\t\t\t\t<\/div>\n\t\t\t\t<\/div>\n\t\t\t\t<div class=\"elementor-element elementor-element-dc7cd2d elementor-widget elementor-widget-image\" data-id=\"dc7cd2d\" data-element_type=\"widget\" data-e-type=\"widget\" data-widget_type=\"image.default\">\n\t\t\t\t<div class=\"elementor-widget-container\">\n\t\t\t\t\t\t\t\t\t\t\t\t<figure class=\"wp-caption\">\n\t\t\t\t\t\t\t\t\t\t\t<a href=\"https:\/\/nimmerwo.ch\/wp-content\/uploads\/2021\/11\/DSC06340.jpg\" data-elementor-open-lightbox=\"yes\" data-e-action-hash=\"#elementor-action%3Aaction%3Dlightbox%26settings%3DeyJpZCI6Nzg0OCwidXJsIjoiaHR0cHM6XC9cL25pbW1lcndvLmNoXC93cC1jb250ZW50XC91cGxvYWRzXC8yMDIxXC8xMVwvRFNDMDYzNDAuanBnIn0%3D\">\n\t\t\t\t\t\t\t<img loading=\"lazy\" decoding=\"async\" width=\"1024\" height=\"682\" src=\"https:\/\/nimmerwo.ch\/wp-content\/uploads\/2021\/11\/DSC06340.jpg\" class=\"attachment-full size-full wp-image-7848\" alt=\"\" srcset=\"https:\/\/nimmerwo.ch\/wp-content\/uploads\/2021\/11\/DSC06340.jpg 1024w, https:\/\/nimmerwo.ch\/wp-content\/uploads\/2021\/11\/DSC06340-300x200.jpg 300w, https:\/\/nimmerwo.ch\/wp-content\/uploads\/2021\/11\/DSC06340-768x512.jpg 768w, https:\/\/nimmerwo.ch\/wp-content\/uploads\/2021\/11\/DSC06340-18x12.jpg 18w\" sizes=\"(max-width: 1024px) 100vw, 1024px\" \/>\t\t\t\t\t\t\t\t<\/a>\n\t\t\t\t\t\t\t\t\t\t\t<figcaption class=\"widget-image-caption wp-caption-text\"><\/figcaption>\n\t\t\t\t\t\t\t\t\t\t<\/figure>\n\t\t\t\t\t\t\t\t\t<\/div>\n\t\t\t\t<\/div>\n\t\t\t\t<div class=\"elementor-element elementor-element-98931dc elementor-widget elementor-widget-text-editor\" data-id=\"98931dc\" data-element_type=\"widget\" data-e-type=\"widget\" data-widget_type=\"text-editor.default\">\n\t\t\t\t<div class=\"elementor-widget-container\">\n\t\t\t\t\t\t\t\t\t<div>Dann \u00fcberschreiten wir ein zweites Mal die Grenze nach Italien. Es ist etwas milchig heute, aber dennoch sehr heiss. Durch den sch\u00f6nen Park im Bosco di Plessiva, in dem wir unser Trinkwasser auff\u00fcllen k\u00f6nnen, erklimmen wir einen weiteren H\u00fcgel (der Alpe Adria Trail will wohl keinen Anstieg auslassen). Oben auf dem Gipfel steht eine Ruine, von wo man wieder eine pr\u00e4chtige Sicht in alle Richtungen hat; zur\u00fcck nach Slowenien bis\u00a0\u0160marto und in die andere Richtung die Stadt Cormons und dahinter die italienische Ebene.<\/div>\t\t\t\t\t\t\t\t<\/div>\n\t\t\t\t<\/div>\n\t\t\t\t<div class=\"elementor-element elementor-element-c021bb3 elementor-widget elementor-widget-image\" data-id=\"c021bb3\" data-element_type=\"widget\" data-e-type=\"widget\" data-widget_type=\"image.default\">\n\t\t\t\t<div class=\"elementor-widget-container\">\n\t\t\t\t\t\t\t\t\t\t\t\t<figure class=\"wp-caption\">\n\t\t\t\t\t\t\t\t\t\t\t<a href=\"https:\/\/nimmerwo.ch\/wp-content\/uploads\/2021\/11\/DSC06353.jpg\" data-elementor-open-lightbox=\"yes\" data-e-action-hash=\"#elementor-action%3Aaction%3Dlightbox%26settings%3DeyJpZCI6Nzg0OSwidXJsIjoiaHR0cHM6XC9cL25pbW1lcndvLmNoXC93cC1jb250ZW50XC91cGxvYWRzXC8yMDIxXC8xMVwvRFNDMDYzNTMuanBnIn0%3D\">\n\t\t\t\t\t\t\t<img loading=\"lazy\" decoding=\"async\" width=\"1024\" height=\"576\" src=\"https:\/\/nimmerwo.ch\/wp-content\/uploads\/2021\/11\/DSC06353.jpg\" class=\"attachment-full size-full wp-image-7849\" alt=\"\" srcset=\"https:\/\/nimmerwo.ch\/wp-content\/uploads\/2021\/11\/DSC06353.jpg 1024w, https:\/\/nimmerwo.ch\/wp-content\/uploads\/2021\/11\/DSC06353-300x169.jpg 300w, https:\/\/nimmerwo.ch\/wp-content\/uploads\/2021\/11\/DSC06353-768x432.jpg 768w, https:\/\/nimmerwo.ch\/wp-content\/uploads\/2021\/11\/DSC06353-18x10.jpg 18w\" sizes=\"(max-width: 1024px) 100vw, 1024px\" \/>\t\t\t\t\t\t\t\t<\/a>\n\t\t\t\t\t\t\t\t\t\t\t<figcaption class=\"widget-image-caption wp-caption-text\"><\/figcaption>\n\t\t\t\t\t\t\t\t\t\t<\/figure>\n\t\t\t\t\t\t\t\t\t<\/div>\n\t\t\t\t<\/div>\n\t\t\t\t<div class=\"elementor-element elementor-element-cd9ce80 elementor-widget elementor-widget-text-editor\" data-id=\"cd9ce80\" data-element_type=\"widget\" data-e-type=\"widget\" data-widget_type=\"text-editor.default\">\n\t\t\t\t<div class=\"elementor-widget-container\">\n\t\t\t\t\t\t\t\t\t<div>Das Wasser ist bereits wieder aufgebraucht. Gut, dass wir unten bei der Kirche einen weiteren \u00f6ffentlichen Wasserhahn entdecken. Dort treffen wir auch wieder auf das belgische P\u00e4rchen, das wir gestern bereits zweimal angetroffen haben. Sie sind ebenfalls auf dem Alpe Adria Trail unterwegs, haben aber bereits in Villach begonnen.<\/div>\t\t\t\t\t\t\t\t<\/div>\n\t\t\t\t<\/div>\n\t\t\t\t<div class=\"elementor-element elementor-element-63ae77b elementor-widget elementor-widget-image\" data-id=\"63ae77b\" data-element_type=\"widget\" data-e-type=\"widget\" data-widget_type=\"image.default\">\n\t\t\t\t<div class=\"elementor-widget-container\">\n\t\t\t\t\t\t\t\t\t\t\t\t<figure class=\"wp-caption\">\n\t\t\t\t\t\t\t\t\t\t\t<a href=\"https:\/\/nimmerwo.ch\/wp-content\/uploads\/2021\/11\/DSC06361.jpg\" data-elementor-open-lightbox=\"yes\" data-e-action-hash=\"#elementor-action%3Aaction%3Dlightbox%26settings%3DeyJpZCI6Nzg1MSwidXJsIjoiaHR0cHM6XC9cL25pbW1lcndvLmNoXC93cC1jb250ZW50XC91cGxvYWRzXC8yMDIxXC8xMVwvRFNDMDYzNjEuanBnIn0%3D\">\n\t\t\t\t\t\t\t<img loading=\"lazy\" decoding=\"async\" width=\"1024\" height=\"576\" src=\"https:\/\/nimmerwo.ch\/wp-content\/uploads\/2021\/11\/DSC06361.jpg\" class=\"attachment-full size-full wp-image-7851\" alt=\"\" srcset=\"https:\/\/nimmerwo.ch\/wp-content\/uploads\/2021\/11\/DSC06361.jpg 1024w, https:\/\/nimmerwo.ch\/wp-content\/uploads\/2021\/11\/DSC06361-300x169.jpg 300w, https:\/\/nimmerwo.ch\/wp-content\/uploads\/2021\/11\/DSC06361-768x432.jpg 768w, https:\/\/nimmerwo.ch\/wp-content\/uploads\/2021\/11\/DSC06361-18x10.jpg 18w\" sizes=\"(max-width: 1024px) 100vw, 1024px\" \/>\t\t\t\t\t\t\t\t<\/a>\n\t\t\t\t\t\t\t\t\t\t\t<figcaption class=\"widget-image-caption wp-caption-text\"><\/figcaption>\n\t\t\t\t\t\t\t\t\t\t<\/figure>\n\t\t\t\t\t\t\t\t\t<\/div>\n\t\t\t\t<\/div>\n\t\t\t\t<div class=\"elementor-element elementor-element-ee6de61 elementor-widget elementor-widget-text-editor\" data-id=\"ee6de61\" data-element_type=\"widget\" data-e-type=\"widget\" data-widget_type=\"text-editor.default\">\n\t\t\t\t<div class=\"elementor-widget-container\">\n\t\t\t\t\t\t\t\t\t<div>Unten in Cormons st\u00e4rken wir uns mit gelati e birre und wandern am sp\u00e4teren Nachmittag zu den Laghetti Rossi, Seen oder besser gesagt gr\u00f6ssere Teiche in einem Naturpark. Dort kochen wir etwas Feines und beobachten die heimischen Fischer, die hier angezogen sind wie amerikanische J\u00e4ger.<\/div>\t\t\t\t\t\t\t\t<\/div>\n\t\t\t\t<\/div>\n\t\t\t\t<div class=\"elementor-element elementor-element-cbb2f54 elementor-widget elementor-widget-image\" data-id=\"cbb2f54\" data-element_type=\"widget\" data-e-type=\"widget\" data-widget_type=\"image.default\">\n\t\t\t\t<div class=\"elementor-widget-container\">\n\t\t\t\t\t\t\t\t\t\t\t\t<figure class=\"wp-caption\">\n\t\t\t\t\t\t\t\t\t\t\t<a href=\"https:\/\/nimmerwo.ch\/wp-content\/uploads\/2021\/11\/DSC06356.jpg\" data-elementor-open-lightbox=\"yes\" data-e-action-hash=\"#elementor-action%3Aaction%3Dlightbox%26settings%3DeyJpZCI6Nzg1MCwidXJsIjoiaHR0cHM6XC9cL25pbW1lcndvLmNoXC93cC1jb250ZW50XC91cGxvYWRzXC8yMDIxXC8xMVwvRFNDMDYzNTYuanBnIn0%3D\">\n\t\t\t\t\t\t\t<img loading=\"lazy\" decoding=\"async\" width=\"1024\" height=\"682\" src=\"https:\/\/nimmerwo.ch\/wp-content\/uploads\/2021\/11\/DSC06356.jpg\" class=\"attachment-full size-full wp-image-7850\" alt=\"\" srcset=\"https:\/\/nimmerwo.ch\/wp-content\/uploads\/2021\/11\/DSC06356.jpg 1024w, https:\/\/nimmerwo.ch\/wp-content\/uploads\/2021\/11\/DSC06356-300x200.jpg 300w, https:\/\/nimmerwo.ch\/wp-content\/uploads\/2021\/11\/DSC06356-768x512.jpg 768w, https:\/\/nimmerwo.ch\/wp-content\/uploads\/2021\/11\/DSC06356-18x12.jpg 18w\" sizes=\"(max-width: 1024px) 100vw, 1024px\" \/>\t\t\t\t\t\t\t\t<\/a>\n\t\t\t\t\t\t\t\t\t\t\t<figcaption class=\"widget-image-caption wp-caption-text\"><\/figcaption>\n\t\t\t\t\t\t\t\t\t\t<\/figure>\n\t\t\t\t\t\t\t\t\t<\/div>\n\t\t\t\t<\/div>\n\t\t\t\t<div class=\"elementor-element elementor-element-90c930e elementor-widget elementor-widget-text-editor\" data-id=\"90c930e\" data-element_type=\"widget\" data-e-type=\"widget\" data-widget_type=\"text-editor.default\">\n\t\t\t\t<div class=\"elementor-widget-container\">\n\t\t\t\t\t\t\t\t\t<div>Wir diskutieren \u00fcber unsere Zukunft und tr\u00e4umen ein wenig in der Vergangenheit herum. Dann geben auch die Weltwach-Podcasts \u00fcber die liebenswerte Margot Fl\u00fcgel-Anhalt und das spannende Leben des Mike Horns gen\u00fcgend Gespr\u00e4chsstoff (Weltwach-Folgen 205 und 206).<\/div>\t\t\t\t\t\t\t\t<\/div>\n\t\t\t\t<\/div>\n\t\t\t\t<div class=\"elementor-element elementor-element-8c2e2fd elementor-widget elementor-widget-image\" data-id=\"8c2e2fd\" data-element_type=\"widget\" data-e-type=\"widget\" data-widget_type=\"image.default\">\n\t\t\t\t<div class=\"elementor-widget-container\">\n\t\t\t\t\t\t\t\t\t\t\t\t<figure class=\"wp-caption\">\n\t\t\t\t\t\t\t\t\t\t\t<a href=\"https:\/\/nimmerwo.ch\/wp-content\/uploads\/2021\/11\/DSC06369-1.jpg\" data-elementor-open-lightbox=\"yes\" data-e-action-hash=\"#elementor-action%3Aaction%3Dlightbox%26settings%3DeyJpZCI6Nzg1MiwidXJsIjoiaHR0cHM6XC9cL25pbW1lcndvLmNoXC93cC1jb250ZW50XC91cGxvYWRzXC8yMDIxXC8xMVwvRFNDMDYzNjktMS5qcGcifQ%3D%3D\">\n\t\t\t\t\t\t\t<img loading=\"lazy\" decoding=\"async\" width=\"1024\" height=\"682\" src=\"https:\/\/nimmerwo.ch\/wp-content\/uploads\/2021\/11\/DSC06369-1.jpg\" class=\"attachment-full size-full wp-image-7852\" alt=\"\" srcset=\"https:\/\/nimmerwo.ch\/wp-content\/uploads\/2021\/11\/DSC06369-1.jpg 1024w, https:\/\/nimmerwo.ch\/wp-content\/uploads\/2021\/11\/DSC06369-1-300x200.jpg 300w, https:\/\/nimmerwo.ch\/wp-content\/uploads\/2021\/11\/DSC06369-1-768x512.jpg 768w, https:\/\/nimmerwo.ch\/wp-content\/uploads\/2021\/11\/DSC06369-1-18x12.jpg 18w\" sizes=\"(max-width: 1024px) 100vw, 1024px\" \/>\t\t\t\t\t\t\t\t<\/a>\n\t\t\t\t\t\t\t\t\t\t\t<figcaption class=\"widget-image-caption wp-caption-text\"><\/figcaption>\n\t\t\t\t\t\t\t\t\t\t<\/figure>\n\t\t\t\t\t\t\t\t\t<\/div>\n\t\t\t\t<\/div>\n\t\t\t\t<div class=\"elementor-element elementor-element-fd62a89 elementor-widget elementor-widget-text-editor\" data-id=\"fd62a89\" data-element_type=\"widget\" data-e-type=\"widget\" data-widget_type=\"text-editor.default\">\n\t\t\t\t<div class=\"elementor-widget-container\">\n\t\t\t\t\t\t\t\t\t<div>Als wir auf den H\u00fcgel hinter den Seen steigen, um zwischen den Rebbergen unser Nachtlager aufzuschlagen, witzeln wir noch, das wir da oben sicher wieder auf die Belgier treffen. Und tats\u00e4chlich, sie haben sich denselben Campingplatz ausgesucht wie wir!<\/div>\t\t\t\t\t\t\t\t<\/div>\n\t\t\t\t<\/div>\n\t\t\t\t<div class=\"elementor-element elementor-element-34c5221 elementor-widget elementor-widget-image\" data-id=\"34c5221\" data-element_type=\"widget\" data-e-type=\"widget\" data-widget_type=\"image.default\">\n\t\t\t\t<div class=\"elementor-widget-container\">\n\t\t\t\t\t\t\t\t\t\t\t\t\t\t\t\t<a href=\"https:\/\/nimmerwo.ch\/wp-content\/uploads\/2021\/10\/13a.jpg\" data-elementor-open-lightbox=\"yes\" data-e-action-hash=\"#elementor-action%3Aaction%3Dlightbox%26settings%3DeyJpZCI6Nzc0NywidXJsIjoiaHR0cHM6XC9cL25pbW1lcndvLmNoXC93cC1jb250ZW50XC91cGxvYWRzXC8yMDIxXC8xMFwvMTNhLmpwZyJ9\">\n\t\t\t\t\t\t\t<img loading=\"lazy\" decoding=\"async\" width=\"635\" height=\"1024\" src=\"https:\/\/nimmerwo.ch\/wp-content\/uploads\/2021\/10\/13a.jpg\" class=\"attachment-full size-full wp-image-7747\" alt=\"\" srcset=\"https:\/\/nimmerwo.ch\/wp-content\/uploads\/2021\/10\/13a.jpg 635w, https:\/\/nimmerwo.ch\/wp-content\/uploads\/2021\/10\/13a-186x300.jpg 186w, https:\/\/nimmerwo.ch\/wp-content\/uploads\/2021\/10\/13a-7x12.jpg 7w\" sizes=\"(max-width: 635px) 100vw, 635px\" \/>\t\t\t\t\t\t\t\t<\/a>\n\t\t\t\t\t\t\t\t\t\t\t\t\t\t\t<\/div>\n\t\t\t\t<\/div>\n\t\t\t\t<div class=\"elementor-element elementor-element-ce5c9eb elementor-widget elementor-widget-image\" data-id=\"ce5c9eb\" data-element_type=\"widget\" data-e-type=\"widget\" data-widget_type=\"image.default\">\n\t\t\t\t<div class=\"elementor-widget-container\">\n\t\t\t\t\t\t\t\t\t\t\t\t\t\t\t\t<a href=\"https:\/\/nimmerwo.ch\/wp-content\/uploads\/2021\/10\/13b.jpg\" data-elementor-open-lightbox=\"yes\" data-e-action-hash=\"#elementor-action%3Aaction%3Dlightbox%26settings%3DeyJpZCI6Nzc0OCwidXJsIjoiaHR0cHM6XC9cL25pbW1lcndvLmNoXC93cC1jb250ZW50XC91cGxvYWRzXC8yMDIxXC8xMFwvMTNiLmpwZyJ9\">\n\t\t\t\t\t\t\t<img loading=\"lazy\" decoding=\"async\" width=\"594\" height=\"1024\" src=\"https:\/\/nimmerwo.ch\/wp-content\/uploads\/2021\/10\/13b.jpg\" class=\"attachment-full size-full wp-image-7748\" alt=\"\" srcset=\"https:\/\/nimmerwo.ch\/wp-content\/uploads\/2021\/10\/13b.jpg 594w, https:\/\/nimmerwo.ch\/wp-content\/uploads\/2021\/10\/13b-174x300.jpg 174w, https:\/\/nimmerwo.ch\/wp-content\/uploads\/2021\/10\/13b-7x12.jpg 7w\" sizes=\"(max-width: 594px) 100vw, 594px\" \/>\t\t\t\t\t\t\t\t<\/a>\n\t\t\t\t\t\t\t\t\t\t\t\t\t\t\t<\/div>\n\t\t\t\t<\/div>\n\t\t\t\t<div class=\"elementor-element elementor-element-c0a761e elementor-widget elementor-widget-text-editor\" data-id=\"c0a761e\" data-element_type=\"widget\" data-e-type=\"widget\" data-widget_type=\"text-editor.default\">\n\t\t\t\t<div class=\"elementor-widget-container\">\n\t\t\t\t\t\t\t\t\t<h3 style=\"text-align: center;\">Highlight des Tages<\/h3><div style=\"text-align: center;\"><div><em>Das mittelalterliche Dorf \u0160marto und das Weinanbaugebiet darum herum. Mit dem Auto k\u00f6nnte man hier bestimmt einige Tage die Gegend erkunden.<\/em><\/div><\/div>\t\t\t\t\t\t\t\t<\/div>\n\t\t\t\t<\/div>\n\t\t\t\t<div class=\"elementor-element elementor-element-dc8c842 elementor-widget-divider--view-line elementor-widget elementor-widget-divider\" data-id=\"dc8c842\" data-element_type=\"widget\" data-e-type=\"widget\" data-widget_type=\"divider.default\">\n\t\t\t\t<div class=\"elementor-widget-container\">\n\t\t\t\t\t\t\t<div class=\"elementor-divider\">\n\t\t\t<span class=\"elementor-divider-separator\">\n\t\t\t\t\t\t<\/span>\n\t\t<\/div>\n\t\t\t\t\t\t<\/div>\n\t\t\t\t<\/div>\n\t\t\t\t<div class=\"elementor-element elementor-element-5806ee1 elementor-widget elementor-widget-text-editor\" data-id=\"5806ee1\" data-element_type=\"widget\" data-e-type=\"widget\" data-widget_type=\"text-editor.default\">\n\t\t\t\t<div class=\"elementor-widget-container\">\n\t\t\t\t\t\t\t\t\t<h3>Tag 14 &#8211; Etappe 32 des Alpe Adria Trails, 11 km &#8211; Einmal mehr an der So\u010da<\/h3><div><div>Zum Sonnenaufgang stehen wir auf und wandern los in die Ebene des Isonzo. Oder eben auf slowenische So\u010da. An einem Friedhof tanken wir und gehen weiter bis wir um 10 Uhr den Fluss erreichen, wo wir uns ein erfrischendes Bad g\u00f6nnen. Die So\u010da ist hier einiges breiter als in den slowenischen Bergen. Ein wenig kommt es uns hier am steinigen Strand wie zuhause an der Aare vor, vielleicht mit einem Hauch Tessin veredelt.<\/div><\/div>\t\t\t\t\t\t\t\t<\/div>\n\t\t\t\t<\/div>\n\t\t\t\t<div class=\"elementor-element elementor-element-6920e24 elementor-widget elementor-widget-image\" data-id=\"6920e24\" data-element_type=\"widget\" data-e-type=\"widget\" data-widget_type=\"image.default\">\n\t\t\t\t<div class=\"elementor-widget-container\">\n\t\t\t\t\t\t\t\t\t\t\t\t<figure class=\"wp-caption\">\n\t\t\t\t\t\t\t\t\t\t\t<a href=\"https:\/\/nimmerwo.ch\/wp-content\/uploads\/2021\/11\/DSC06380.jpg\" data-elementor-open-lightbox=\"yes\" data-e-action-hash=\"#elementor-action%3Aaction%3Dlightbox%26settings%3DeyJpZCI6Nzg3OSwidXJsIjoiaHR0cHM6XC9cL25pbW1lcndvLmNoXC93cC1jb250ZW50XC91cGxvYWRzXC8yMDIxXC8xMVwvRFNDMDYzODAuanBnIn0%3D\">\n\t\t\t\t\t\t\t<img loading=\"lazy\" decoding=\"async\" width=\"1024\" height=\"576\" src=\"https:\/\/nimmerwo.ch\/wp-content\/uploads\/2021\/11\/DSC06380.jpg\" class=\"attachment-full size-full wp-image-7879\" alt=\"\" srcset=\"https:\/\/nimmerwo.ch\/wp-content\/uploads\/2021\/11\/DSC06380.jpg 1024w, https:\/\/nimmerwo.ch\/wp-content\/uploads\/2021\/11\/DSC06380-300x169.jpg 300w, https:\/\/nimmerwo.ch\/wp-content\/uploads\/2021\/11\/DSC06380-768x432.jpg 768w, https:\/\/nimmerwo.ch\/wp-content\/uploads\/2021\/11\/DSC06380-18x10.jpg 18w\" sizes=\"(max-width: 1024px) 100vw, 1024px\" \/>\t\t\t\t\t\t\t\t<\/a>\n\t\t\t\t\t\t\t\t\t\t\t<figcaption class=\"widget-image-caption wp-caption-text\"><\/figcaption>\n\t\t\t\t\t\t\t\t\t\t<\/figure>\n\t\t\t\t\t\t\t\t\t<\/div>\n\t\t\t\t<\/div>\n\t\t\t\t<div class=\"elementor-element elementor-element-0ac94d0 elementor-widget elementor-widget-text-editor\" data-id=\"0ac94d0\" data-element_type=\"widget\" data-e-type=\"widget\" data-widget_type=\"text-editor.default\">\n\t\t\t\t<div class=\"elementor-widget-container\">\n\t\t\t\t\t\t\t\t\t<div>Von hier ist es noch einen Katzensprung bis nach Gradisca d&#8217;Isonzo, wo wir uns beim zuvorkommenden Furio Gaudiano im B&#038;B Eggenberg ein Zimmer nehmen. Es wurde uns \u00fcber die App Alpe Adria Trail empfohlen und h\u00e4lt, was uns versprochen wurde. Das Zimmer ist einfach und g\u00fcnstig, Dusche warm und der Garten grossz\u00fcgig. Und nat\u00fcrlich ist, wie es sich f\u00fcr ein Bed and Breakfast geh\u00f6rt, das Fr\u00fchst\u00fcck inbegriffen.<\/div>\t\t\t\t\t\t\t\t<\/div>\n\t\t\t\t<\/div>\n\t\t\t\t<div class=\"elementor-element elementor-element-7f71087 elementor-widget elementor-widget-image\" data-id=\"7f71087\" data-element_type=\"widget\" data-e-type=\"widget\" data-widget_type=\"image.default\">\n\t\t\t\t<div class=\"elementor-widget-container\">\n\t\t\t\t\t\t\t\t\t\t\t\t<figure class=\"wp-caption\">\n\t\t\t\t\t\t\t\t\t\t\t<a href=\"https:\/\/nimmerwo.ch\/wp-content\/uploads\/2021\/11\/DSC06393.jpg\" data-elementor-open-lightbox=\"yes\" data-e-action-hash=\"#elementor-action%3Aaction%3Dlightbox%26settings%3DeyJpZCI6Nzg4MCwidXJsIjoiaHR0cHM6XC9cL25pbW1lcndvLmNoXC93cC1jb250ZW50XC91cGxvYWRzXC8yMDIxXC8xMVwvRFNDMDYzOTMuanBnIn0%3D\">\n\t\t\t\t\t\t\t<img loading=\"lazy\" decoding=\"async\" width=\"682\" height=\"1024\" src=\"https:\/\/nimmerwo.ch\/wp-content\/uploads\/2021\/11\/DSC06393.jpg\" class=\"attachment-full size-full wp-image-7880\" alt=\"\" srcset=\"https:\/\/nimmerwo.ch\/wp-content\/uploads\/2021\/11\/DSC06393.jpg 682w, https:\/\/nimmerwo.ch\/wp-content\/uploads\/2021\/11\/DSC06393-200x300.jpg 200w, https:\/\/nimmerwo.ch\/wp-content\/uploads\/2021\/11\/DSC06393-8x12.jpg 8w\" sizes=\"(max-width: 682px) 100vw, 682px\" \/>\t\t\t\t\t\t\t\t<\/a>\n\t\t\t\t\t\t\t\t\t\t\t<figcaption class=\"widget-image-caption wp-caption-text\"><\/figcaption>\n\t\t\t\t\t\t\t\t\t\t<\/figure>\n\t\t\t\t\t\t\t\t\t<\/div>\n\t\t\t\t<\/div>\n\t\t\t\t<div class=\"elementor-element elementor-element-f46a6a8 elementor-widget elementor-widget-text-editor\" data-id=\"f46a6a8\" data-element_type=\"widget\" data-e-type=\"widget\" data-widget_type=\"text-editor.default\">\n\t\t\t\t<div class=\"elementor-widget-container\">\n\t\t\t\t\t\t\t\t\t<div>Am heissen Nachmittag schlendern wir \u00fcber den lokalen Markt in der Stadt und baden ein wenig im Fluss. Abends essen wir wieder einmal ausw\u00e4rts: K\u00f6stliche Pizza mit einem vorz\u00fcglichen vino di casa. Klischeehaft? Nat\u00fcrlich! Und lecker dazu.<\/div>\t\t\t\t\t\t\t\t<\/div>\n\t\t\t\t<\/div>\n\t\t\t\t<div class=\"elementor-element elementor-element-d0aebe4 elementor-widget elementor-widget-image\" data-id=\"d0aebe4\" data-element_type=\"widget\" data-e-type=\"widget\" data-widget_type=\"image.default\">\n\t\t\t\t<div class=\"elementor-widget-container\">\n\t\t\t\t\t\t\t\t\t\t\t\t\t\t\t\t<a href=\"https:\/\/nimmerwo.ch\/wp-content\/uploads\/2021\/10\/14.jpg\" data-elementor-open-lightbox=\"yes\" data-e-action-hash=\"#elementor-action%3Aaction%3Dlightbox%26settings%3DeyJpZCI6Nzc0OSwidXJsIjoiaHR0cHM6XC9cL25pbW1lcndvLmNoXC93cC1jb250ZW50XC91cGxvYWRzXC8yMDIxXC8xMFwvMTQuanBnIn0%3D\">\n\t\t\t\t\t\t\t<img loading=\"lazy\" decoding=\"async\" width=\"556\" height=\"1024\" src=\"https:\/\/nimmerwo.ch\/wp-content\/uploads\/2021\/10\/14.jpg\" class=\"attachment-full size-full wp-image-7749\" alt=\"\" srcset=\"https:\/\/nimmerwo.ch\/wp-content\/uploads\/2021\/10\/14.jpg 556w, https:\/\/nimmerwo.ch\/wp-content\/uploads\/2021\/10\/14-163x300.jpg 163w, https:\/\/nimmerwo.ch\/wp-content\/uploads\/2021\/10\/14-7x12.jpg 7w\" sizes=\"(max-width: 556px) 100vw, 556px\" \/>\t\t\t\t\t\t\t\t<\/a>\n\t\t\t\t\t\t\t\t\t\t\t\t\t\t\t<\/div>\n\t\t\t\t<\/div>\n\t\t\t\t<div class=\"elementor-element elementor-element-92c0b2a elementor-widget elementor-widget-text-editor\" data-id=\"92c0b2a\" data-element_type=\"widget\" data-e-type=\"widget\" data-widget_type=\"text-editor.default\">\n\t\t\t\t<div class=\"elementor-widget-container\">\n\t\t\t\t\t\t\t\t\t<h3 style=\"text-align: center;\">Highlight des Tages<\/h3><div style=\"text-align: center;\"><div><em>Wieder einmal die\u00a0So\u010da und das abendliche Ambiente im Zentrum von Gradisca.<\/em><\/div><\/div>\t\t\t\t\t\t\t\t<\/div>\n\t\t\t\t<\/div>\n\t\t\t\t<div class=\"elementor-element elementor-element-6cdd7dd elementor-widget-divider--view-line elementor-widget elementor-widget-divider\" data-id=\"6cdd7dd\" data-element_type=\"widget\" data-e-type=\"widget\" data-widget_type=\"divider.default\">\n\t\t\t\t<div class=\"elementor-widget-container\">\n\t\t\t\t\t\t\t<div class=\"elementor-divider\">\n\t\t\t<span class=\"elementor-divider-separator\">\n\t\t\t\t\t\t<\/span>\n\t\t<\/div>\n\t\t\t\t\t\t<\/div>\n\t\t\t\t<\/div>\n\t\t\t\t<div class=\"elementor-element elementor-element-b734142 elementor-widget elementor-widget-text-editor\" data-id=\"b734142\" data-element_type=\"widget\" data-e-type=\"widget\" data-widget_type=\"text-editor.default\">\n\t\t\t\t<div class=\"elementor-widget-container\">\n\t\t\t\t\t\t\t\t\t<h3>Tag 15 &#8211; Etappe 33 des Alpe Adria Trails, 17 km &#8211; \u00dcberhitzt<\/h3><div><div>Wir wissen, dass es wieder zu heiss wird heute. Dennoch geniessen wir den Morgen mit einem gen\u00fcsslichen Fr\u00fchst\u00fcck, das uns der liebe Furio serviert. Mit unserem rudiment\u00e4ren Italienisch k\u00f6nnen wir uns wenigstens ein bisschen mit ihm unterhalten. Als wir mit unseren Rucks\u00e4cken auf die Strasse treten, zeigt Furio auf den Thermometer. Vorsicht, ermahnt er uns, schon 33\u00b0C!<\/div><\/div>\t\t\t\t\t\t\t\t<\/div>\n\t\t\t\t<\/div>\n\t\t\t\t<div class=\"elementor-element elementor-element-75778d8 elementor-widget elementor-widget-image\" data-id=\"75778d8\" data-element_type=\"widget\" data-e-type=\"widget\" data-widget_type=\"image.default\">\n\t\t\t\t<div class=\"elementor-widget-container\">\n\t\t\t\t\t\t\t\t\t\t\t\t<figure class=\"wp-caption\">\n\t\t\t\t\t\t\t\t\t\t\t<a href=\"https:\/\/nimmerwo.ch\/wp-content\/uploads\/2021\/11\/DSC06398.jpg\" data-elementor-open-lightbox=\"yes\" data-elementor-lightbox-description=\"Skulptur mit Weitblick und einem Museum \u00fcber den 1. Weltkrieg\" data-e-action-hash=\"#elementor-action%3Aaction%3Dlightbox%26settings%3DeyJpZCI6Nzg4MSwidXJsIjoiaHR0cHM6XC9cL25pbW1lcndvLmNoXC93cC1jb250ZW50XC91cGxvYWRzXC8yMDIxXC8xMVwvRFNDMDYzOTguanBnIn0%3D\">\n\t\t\t\t\t\t\t<img loading=\"lazy\" decoding=\"async\" width=\"682\" height=\"1024\" src=\"https:\/\/nimmerwo.ch\/wp-content\/uploads\/2021\/11\/DSC06398.jpg\" class=\"attachment-full size-full wp-image-7881\" alt=\"Aussicht Alpe Adria Trail\" srcset=\"https:\/\/nimmerwo.ch\/wp-content\/uploads\/2021\/11\/DSC06398.jpg 682w, https:\/\/nimmerwo.ch\/wp-content\/uploads\/2021\/11\/DSC06398-200x300.jpg 200w, https:\/\/nimmerwo.ch\/wp-content\/uploads\/2021\/11\/DSC06398-8x12.jpg 8w\" sizes=\"(max-width: 682px) 100vw, 682px\" \/>\t\t\t\t\t\t\t\t<\/a>\n\t\t\t\t\t\t\t\t\t\t\t<figcaption class=\"widget-image-caption wp-caption-text\">Skulptur mit Weitblick und einem Museum \u00fcber den 1. Weltkrieg<\/figcaption>\n\t\t\t\t\t\t\t\t\t\t<\/figure>\n\t\t\t\t\t\t\t\t\t<\/div>\n\t\t\t\t<\/div>\n\t\t\t\t<div class=\"elementor-element elementor-element-ed33f6d elementor-widget elementor-widget-image\" data-id=\"ed33f6d\" data-element_type=\"widget\" data-e-type=\"widget\" data-widget_type=\"image.default\">\n\t\t\t\t<div class=\"elementor-widget-container\">\n\t\t\t\t\t\t\t\t\t\t\t\t<figure class=\"wp-caption\">\n\t\t\t\t\t\t\t\t\t\t\t<a href=\"https:\/\/nimmerwo.ch\/wp-content\/uploads\/2021\/11\/DSC06399.jpg\" data-elementor-open-lightbox=\"yes\" data-e-action-hash=\"#elementor-action%3Aaction%3Dlightbox%26settings%3DeyJpZCI6Nzg4MiwidXJsIjoiaHR0cHM6XC9cL25pbW1lcndvLmNoXC93cC1jb250ZW50XC91cGxvYWRzXC8yMDIxXC8xMVwvRFNDMDYzOTkuanBnIn0%3D\">\n\t\t\t\t\t\t\t<img loading=\"lazy\" decoding=\"async\" width=\"1024\" height=\"682\" src=\"https:\/\/nimmerwo.ch\/wp-content\/uploads\/2021\/11\/DSC06399.jpg\" class=\"attachment-full size-full wp-image-7882\" alt=\"\" srcset=\"https:\/\/nimmerwo.ch\/wp-content\/uploads\/2021\/11\/DSC06399.jpg 1024w, https:\/\/nimmerwo.ch\/wp-content\/uploads\/2021\/11\/DSC06399-300x200.jpg 300w, https:\/\/nimmerwo.ch\/wp-content\/uploads\/2021\/11\/DSC06399-768x512.jpg 768w, https:\/\/nimmerwo.ch\/wp-content\/uploads\/2021\/11\/DSC06399-18x12.jpg 18w\" sizes=\"(max-width: 1024px) 100vw, 1024px\" \/>\t\t\t\t\t\t\t\t<\/a>\n\t\t\t\t\t\t\t\t\t\t\t<figcaption class=\"widget-image-caption wp-caption-text\"><\/figcaption>\n\t\t\t\t\t\t\t\t\t\t<\/figure>\n\t\t\t\t\t\t\t\t\t<\/div>\n\t\t\t\t<\/div>\n\t\t\t\t<div class=\"elementor-element elementor-element-5a3a3e4 elementor-widget elementor-widget-text-editor\" data-id=\"5a3a3e4\" data-element_type=\"widget\" data-e-type=\"widget\" data-widget_type=\"text-editor.default\">\n\t\t\t\t<div class=\"elementor-widget-container\">\n\t\t\t\t\t\t\t\t\t<div>Zun\u00e4chst denke ich, dass es ziemlich gut l\u00e4uft. Haben wir uns etwa an die Hitze gew\u00f6hnt? Aber dann am Mittag beginnen die leichten Kopfschmerzen, der ewige Durst, das rote Dampfkesselgef\u00fchl.<\/div>\t\t\t\t\t\t\t\t<\/div>\n\t\t\t\t<\/div>\n\t\t\t\t<div class=\"elementor-element elementor-element-ab6b37d elementor-widget elementor-widget-image\" data-id=\"ab6b37d\" data-element_type=\"widget\" data-e-type=\"widget\" data-widget_type=\"image.default\">\n\t\t\t\t<div class=\"elementor-widget-container\">\n\t\t\t\t\t\t\t\t\t\t\t\t<figure class=\"wp-caption\">\n\t\t\t\t\t\t\t\t\t\t\t<a href=\"https:\/\/nimmerwo.ch\/wp-content\/uploads\/2021\/11\/DSC06402.jpg\" data-elementor-open-lightbox=\"yes\" data-e-action-hash=\"#elementor-action%3Aaction%3Dlightbox%26settings%3DeyJpZCI6Nzg4MywidXJsIjoiaHR0cHM6XC9cL25pbW1lcndvLmNoXC93cC1jb250ZW50XC91cGxvYWRzXC8yMDIxXC8xMVwvRFNDMDY0MDIuanBnIn0%3D\">\n\t\t\t\t\t\t\t<img loading=\"lazy\" decoding=\"async\" width=\"1024\" height=\"682\" src=\"https:\/\/nimmerwo.ch\/wp-content\/uploads\/2021\/11\/DSC06402.jpg\" class=\"attachment-full size-full wp-image-7883\" alt=\"\" srcset=\"https:\/\/nimmerwo.ch\/wp-content\/uploads\/2021\/11\/DSC06402.jpg 1024w, https:\/\/nimmerwo.ch\/wp-content\/uploads\/2021\/11\/DSC06402-300x200.jpg 300w, https:\/\/nimmerwo.ch\/wp-content\/uploads\/2021\/11\/DSC06402-768x512.jpg 768w, https:\/\/nimmerwo.ch\/wp-content\/uploads\/2021\/11\/DSC06402-18x12.jpg 18w\" sizes=\"(max-width: 1024px) 100vw, 1024px\" \/>\t\t\t\t\t\t\t\t<\/a>\n\t\t\t\t\t\t\t\t\t\t\t<figcaption class=\"widget-image-caption wp-caption-text\"><\/figcaption>\n\t\t\t\t\t\t\t\t\t\t<\/figure>\n\t\t\t\t\t\t\t\t\t<\/div>\n\t\t\t\t<\/div>\n\t\t\t\t<div class=\"elementor-element elementor-element-78cafd1 elementor-widget elementor-widget-text-editor\" data-id=\"78cafd1\" data-element_type=\"widget\" data-e-type=\"widget\" data-widget_type=\"text-editor.default\">\n\t\t\t\t<div class=\"elementor-widget-container\">\n\t\t\t\t\t\t\t\t\t<div>Ich habe kaum noch Kraft. Da helfen auch die sch\u00f6nen Pinienw\u00e4lder und die gelegentliche Blicke aufs Meer nicht viel. Wir verk\u00fcrzen die heutige Strecke etwas und weichen vom Alpe Adria Trail ab.<\/div>\t\t\t\t\t\t\t\t<\/div>\n\t\t\t\t<\/div>\n\t\t\t\t<div class=\"elementor-element elementor-element-b0d0459 elementor-widget elementor-widget-image\" data-id=\"b0d0459\" data-element_type=\"widget\" data-e-type=\"widget\" data-widget_type=\"image.default\">\n\t\t\t\t<div class=\"elementor-widget-container\">\n\t\t\t\t\t\t\t\t\t\t\t\t<figure class=\"wp-caption\">\n\t\t\t\t\t\t\t\t\t\t\t<a href=\"https:\/\/nimmerwo.ch\/wp-content\/uploads\/2021\/11\/signal-2021-08-20-142741-4-e1636049336203.jpg\" data-elementor-open-lightbox=\"yes\" data-e-action-hash=\"#elementor-action%3Aaction%3Dlightbox%26settings%3DeyJpZCI6Nzg3NSwidXJsIjoiaHR0cHM6XC9cL25pbW1lcndvLmNoXC93cC1jb250ZW50XC91cGxvYWRzXC8yMDIxXC8xMVwvc2lnbmFsLTIwMjEtMDgtMjAtMTQyNzQxLTQtZTE2MzYwNDkzMzYyMDMuanBnIn0%3D\">\n\t\t\t\t\t\t\t<img loading=\"lazy\" decoding=\"async\" width=\"576\" height=\"821\" src=\"https:\/\/nimmerwo.ch\/wp-content\/uploads\/2021\/11\/signal-2021-08-20-142741-4-e1636049336203.jpg\" class=\"attachment-full size-full wp-image-7875\" alt=\"\" srcset=\"https:\/\/nimmerwo.ch\/wp-content\/uploads\/2021\/11\/signal-2021-08-20-142741-4-e1636049336203.jpg 576w, https:\/\/nimmerwo.ch\/wp-content\/uploads\/2021\/11\/signal-2021-08-20-142741-4-e1636049336203-210x300.jpg 210w, https:\/\/nimmerwo.ch\/wp-content\/uploads\/2021\/11\/signal-2021-08-20-142741-4-e1636049336203-8x12.jpg 8w\" sizes=\"(max-width: 576px) 100vw, 576px\" \/>\t\t\t\t\t\t\t\t<\/a>\n\t\t\t\t\t\t\t\t\t\t\t<figcaption class=\"widget-image-caption wp-caption-text\"><\/figcaption>\n\t\t\t\t\t\t\t\t\t\t<\/figure>\n\t\t\t\t\t\t\t\t\t<\/div>\n\t\t\t\t<\/div>\n\t\t\t\t<div class=\"elementor-element elementor-element-95304bf elementor-widget elementor-widget-text-editor\" data-id=\"95304bf\" data-element_type=\"widget\" data-e-type=\"widget\" data-widget_type=\"text-editor.default\">\n\t\t\t\t<div class=\"elementor-widget-container\">\n\t\t\t\t\t\t\t\t\t<div>Auf dem Friedhof vom kleinen Dorf Jamiano duschen wir uns mit unseren Wasserflaschen. Etwas sp\u00e4ter nennen wir es einen Tag und spannen die H\u00e4ngematten in einem Wald. Wir sind nur noch wenige Kilometer vom Meer entfernt und nur noch etwas mehr als 4 Etappen vom Ende des Alpe Adria Trails. Langsam aber sicher machen wir uns Gedanken dar\u00fcber, wohin wir danach wollen. Weiter in den heissen S\u00fcden? Zur\u00fcck in den nassen Norden? Oder was gibt es da noch im Osten?<\/div>\t\t\t\t\t\t\t\t<\/div>\n\t\t\t\t<\/div>\n\t\t\t\t<div class=\"elementor-element elementor-element-9a9d3c0 elementor-widget elementor-widget-image\" data-id=\"9a9d3c0\" data-element_type=\"widget\" data-e-type=\"widget\" data-widget_type=\"image.default\">\n\t\t\t\t<div class=\"elementor-widget-container\">\n\t\t\t\t\t\t\t\t\t\t\t\t\t\t\t\t<a href=\"https:\/\/nimmerwo.ch\/wp-content\/uploads\/2021\/10\/15.jpg\" data-elementor-open-lightbox=\"yes\" data-e-action-hash=\"#elementor-action%3Aaction%3Dlightbox%26settings%3DeyJpZCI6Nzc1MCwidXJsIjoiaHR0cHM6XC9cL25pbW1lcndvLmNoXC93cC1jb250ZW50XC91cGxvYWRzXC8yMDIxXC8xMFwvMTUuanBnIn0%3D\">\n\t\t\t\t\t\t\t<img loading=\"lazy\" decoding=\"async\" width=\"545\" height=\"1024\" src=\"https:\/\/nimmerwo.ch\/wp-content\/uploads\/2021\/10\/15.jpg\" class=\"attachment-full size-full wp-image-7750\" alt=\"\" srcset=\"https:\/\/nimmerwo.ch\/wp-content\/uploads\/2021\/10\/15.jpg 545w, https:\/\/nimmerwo.ch\/wp-content\/uploads\/2021\/10\/15-160x300.jpg 160w, https:\/\/nimmerwo.ch\/wp-content\/uploads\/2021\/10\/15-6x12.jpg 6w\" sizes=\"(max-width: 545px) 100vw, 545px\" \/>\t\t\t\t\t\t\t\t<\/a>\n\t\t\t\t\t\t\t\t\t\t\t\t\t\t\t<\/div>\n\t\t\t\t<\/div>\n\t\t\t\t<div class=\"elementor-element elementor-element-ac58b60 elementor-widget elementor-widget-text-editor\" data-id=\"ac58b60\" data-element_type=\"widget\" data-e-type=\"widget\" data-widget_type=\"text-editor.default\">\n\t\t\t\t<div class=\"elementor-widget-container\">\n\t\t\t\t\t\t\t\t\t<h3 style=\"text-align: center;\">Highlight des Tages<\/h3><div style=\"text-align: center;\"><div><em>Die k\u00fchlende Dusche auf dem Friedhof und unser gem\u00fctlicher Schlafplatz.<\/em><\/div><\/div>\t\t\t\t\t\t\t\t<\/div>\n\t\t\t\t<\/div>\n\t\t\t\t<div class=\"elementor-element elementor-element-b5ad0b3 elementor-widget elementor-widget-image\" data-id=\"b5ad0b3\" data-element_type=\"widget\" data-e-type=\"widget\" data-widget_type=\"image.default\">\n\t\t\t\t<div class=\"elementor-widget-container\">\n\t\t\t\t\t\t\t\t\t\t\t\t<figure class=\"wp-caption\">\n\t\t\t\t\t\t\t\t\t\t\t<a href=\"https:\/\/nimmerwo.ch\/wp-content\/uploads\/2021\/11\/DSC06405.jpg\" data-elementor-open-lightbox=\"yes\" data-e-action-hash=\"#elementor-action%3Aaction%3Dlightbox%26settings%3DeyJpZCI6Nzg4NCwidXJsIjoiaHR0cHM6XC9cL25pbW1lcndvLmNoXC93cC1jb250ZW50XC91cGxvYWRzXC8yMDIxXC8xMVwvRFNDMDY0MDUuanBnIn0%3D\">\n\t\t\t\t\t\t\t<img loading=\"lazy\" decoding=\"async\" width=\"682\" height=\"1024\" src=\"https:\/\/nimmerwo.ch\/wp-content\/uploads\/2021\/11\/DSC06405.jpg\" class=\"attachment-full size-full wp-image-7884\" alt=\"\" srcset=\"https:\/\/nimmerwo.ch\/wp-content\/uploads\/2021\/11\/DSC06405.jpg 682w, https:\/\/nimmerwo.ch\/wp-content\/uploads\/2021\/11\/DSC06405-200x300.jpg 200w, https:\/\/nimmerwo.ch\/wp-content\/uploads\/2021\/11\/DSC06405-8x12.jpg 8w\" sizes=\"(max-width: 682px) 100vw, 682px\" \/>\t\t\t\t\t\t\t\t<\/a>\n\t\t\t\t\t\t\t\t\t\t\t<figcaption class=\"widget-image-caption wp-caption-text\"><\/figcaption>\n\t\t\t\t\t\t\t\t\t\t<\/figure>\n\t\t\t\t\t\t\t\t\t<\/div>\n\t\t\t\t<\/div>\n\t\t\t\t<div class=\"elementor-element elementor-element-c9db919 elementor-widget-divider--view-line elementor-widget elementor-widget-divider\" data-id=\"c9db919\" data-element_type=\"widget\" data-e-type=\"widget\" data-widget_type=\"divider.default\">\n\t\t\t\t<div class=\"elementor-widget-container\">\n\t\t\t\t\t\t\t<div class=\"elementor-divider\">\n\t\t\t<span class=\"elementor-divider-separator\">\n\t\t\t\t\t\t<\/span>\n\t\t<\/div>\n\t\t\t\t\t\t<\/div>\n\t\t\t\t<\/div>\n\t\t\t\t<div class=\"elementor-element elementor-element-3e78553 elementor-widget elementor-widget-text-editor\" data-id=\"3e78553\" data-element_type=\"widget\" data-e-type=\"widget\" data-widget_type=\"text-editor.default\">\n\t\t\t\t<div class=\"elementor-widget-container\">\n\t\t\t\t\t\t\t\t\t<h3>Tag 16 &#8211; Etappe 33\/34 des Alpe Adria Trails, 11 km &#8211; Duino mit Meeresfr\u00fcchten<\/h3><div><div>Da hatten wir noch mal Gl\u00fcck, letzte Nacht! Schlafend in der H\u00e4ngematte vom Gewitter gestreift. Blitz und Donner, ein paar Regentropfen. Aber nicht mehr.<\/div><div>Wir wandern die letzten paar Kilometer der Etappe 33 nach Duino, wo wir erstmals auf die Adria stossen.<\/div><\/div>\t\t\t\t\t\t\t\t<\/div>\n\t\t\t\t<\/div>\n\t\t\t\t<div class=\"elementor-element elementor-element-56d30f3 elementor-widget elementor-widget-image\" data-id=\"56d30f3\" data-element_type=\"widget\" data-e-type=\"widget\" data-widget_type=\"image.default\">\n\t\t\t\t<div class=\"elementor-widget-container\">\n\t\t\t\t\t\t\t\t\t\t\t\t<figure class=\"wp-caption\">\n\t\t\t\t\t\t\t\t\t\t\t<a href=\"https:\/\/nimmerwo.ch\/wp-content\/uploads\/2021\/11\/DSC06411.jpg\" data-elementor-open-lightbox=\"yes\" data-e-action-hash=\"#elementor-action%3Aaction%3Dlightbox%26settings%3DeyJpZCI6Nzg4NSwidXJsIjoiaHR0cHM6XC9cL25pbW1lcndvLmNoXC93cC1jb250ZW50XC91cGxvYWRzXC8yMDIxXC8xMVwvRFNDMDY0MTEuanBnIn0%3D\">\n\t\t\t\t\t\t\t<img loading=\"lazy\" decoding=\"async\" width=\"1024\" height=\"1024\" src=\"https:\/\/nimmerwo.ch\/wp-content\/uploads\/2021\/11\/DSC06411.jpg\" class=\"attachment-full size-full wp-image-7885\" alt=\"\" srcset=\"https:\/\/nimmerwo.ch\/wp-content\/uploads\/2021\/11\/DSC06411.jpg 1024w, https:\/\/nimmerwo.ch\/wp-content\/uploads\/2021\/11\/DSC06411-300x300.jpg 300w, https:\/\/nimmerwo.ch\/wp-content\/uploads\/2021\/11\/DSC06411-150x150.jpg 150w, https:\/\/nimmerwo.ch\/wp-content\/uploads\/2021\/11\/DSC06411-768x768.jpg 768w, https:\/\/nimmerwo.ch\/wp-content\/uploads\/2021\/11\/DSC06411-12x12.jpg 12w, https:\/\/nimmerwo.ch\/wp-content\/uploads\/2021\/11\/DSC06411-75x75.jpg 75w\" sizes=\"(max-width: 1024px) 100vw, 1024px\" \/>\t\t\t\t\t\t\t\t<\/a>\n\t\t\t\t\t\t\t\t\t\t\t<figcaption class=\"widget-image-caption wp-caption-text\"><\/figcaption>\n\t\t\t\t\t\t\t\t\t\t<\/figure>\n\t\t\t\t\t\t\t\t\t<\/div>\n\t\t\t\t<\/div>\n\t\t\t\t<div class=\"elementor-element elementor-element-2379951 elementor-widget elementor-widget-image\" data-id=\"2379951\" data-element_type=\"widget\" data-e-type=\"widget\" data-widget_type=\"image.default\">\n\t\t\t\t<div class=\"elementor-widget-container\">\n\t\t\t\t\t\t\t\t\t\t\t\t<figure class=\"wp-caption\">\n\t\t\t\t\t\t\t\t\t\t\t<a href=\"https:\/\/nimmerwo.ch\/wp-content\/uploads\/2021\/11\/DSC06412.jpg\" data-elementor-open-lightbox=\"yes\" data-e-action-hash=\"#elementor-action%3Aaction%3Dlightbox%26settings%3DeyJpZCI6Nzg4NiwidXJsIjoiaHR0cHM6XC9cL25pbW1lcndvLmNoXC93cC1jb250ZW50XC91cGxvYWRzXC8yMDIxXC8xMVwvRFNDMDY0MTIuanBnIn0%3D\">\n\t\t\t\t\t\t\t<img loading=\"lazy\" decoding=\"async\" width=\"640\" height=\"1024\" src=\"https:\/\/nimmerwo.ch\/wp-content\/uploads\/2021\/11\/DSC06412.jpg\" class=\"attachment-full size-full wp-image-7886\" alt=\"\" srcset=\"https:\/\/nimmerwo.ch\/wp-content\/uploads\/2021\/11\/DSC06412.jpg 640w, https:\/\/nimmerwo.ch\/wp-content\/uploads\/2021\/11\/DSC06412-188x300.jpg 188w, https:\/\/nimmerwo.ch\/wp-content\/uploads\/2021\/11\/DSC06412-8x12.jpg 8w\" sizes=\"(max-width: 640px) 100vw, 640px\" \/>\t\t\t\t\t\t\t\t<\/a>\n\t\t\t\t\t\t\t\t\t\t\t<figcaption class=\"widget-image-caption wp-caption-text\"><\/figcaption>\n\t\t\t\t\t\t\t\t\t\t<\/figure>\n\t\t\t\t\t\t\t\t\t<\/div>\n\t\t\t\t<\/div>\n\t\t\t\t<div class=\"elementor-element elementor-element-da04659 elementor-widget elementor-widget-text-editor\" data-id=\"da04659\" data-element_type=\"widget\" data-e-type=\"widget\" data-widget_type=\"text-editor.default\">\n\t\t\t\t<div class=\"elementor-widget-container\">\n\t\t\t\t\t\t\t\t\t<div>Was haben wir uns gefreut auf das Mittagessen! Richtig italienisch, Spaghetti mit Meeresfr\u00fcchten und Fisch an Limonensauce, dazu gespritzer Weisser. Einfach k\u00f6stlich! Die Freude am Essen geh\u00f6rt f\u00fcr mich einfach zum Reisen dazu.<\/div>\t\t\t\t\t\t\t\t<\/div>\n\t\t\t\t<\/div>\n\t\t\t\t<div class=\"elementor-element elementor-element-39cd389 elementor-widget elementor-widget-image\" data-id=\"39cd389\" data-element_type=\"widget\" data-e-type=\"widget\" data-widget_type=\"image.default\">\n\t\t\t\t<div class=\"elementor-widget-container\">\n\t\t\t\t\t\t\t\t\t\t\t\t<figure class=\"wp-caption\">\n\t\t\t\t\t\t\t\t\t\t\t<a href=\"https:\/\/nimmerwo.ch\/wp-content\/uploads\/2021\/11\/DSC06415.jpg\" data-elementor-open-lightbox=\"yes\" data-e-action-hash=\"#elementor-action%3Aaction%3Dlightbox%26settings%3DeyJpZCI6Nzg4OCwidXJsIjoiaHR0cHM6XC9cL25pbW1lcndvLmNoXC93cC1jb250ZW50XC91cGxvYWRzXC8yMDIxXC8xMVwvRFNDMDY0MTUuanBnIn0%3D\">\n\t\t\t\t\t\t\t<img loading=\"lazy\" decoding=\"async\" width=\"682\" height=\"1024\" src=\"https:\/\/nimmerwo.ch\/wp-content\/uploads\/2021\/11\/DSC06415.jpg\" class=\"attachment-full size-full wp-image-7888\" alt=\"\" srcset=\"https:\/\/nimmerwo.ch\/wp-content\/uploads\/2021\/11\/DSC06415.jpg 682w, https:\/\/nimmerwo.ch\/wp-content\/uploads\/2021\/11\/DSC06415-200x300.jpg 200w, https:\/\/nimmerwo.ch\/wp-content\/uploads\/2021\/11\/DSC06415-8x12.jpg 8w\" sizes=\"(max-width: 682px) 100vw, 682px\" \/>\t\t\t\t\t\t\t\t<\/a>\n\t\t\t\t\t\t\t\t\t\t\t<figcaption class=\"widget-image-caption wp-caption-text\"><\/figcaption>\n\t\t\t\t\t\t\t\t\t\t<\/figure>\n\t\t\t\t\t\t\t\t\t<\/div>\n\t\t\t\t<\/div>\n\t\t\t\t<div class=\"elementor-element elementor-element-987a4c2 elementor-widget elementor-widget-text-editor\" data-id=\"987a4c2\" data-element_type=\"widget\" data-e-type=\"widget\" data-widget_type=\"text-editor.default\">\n\t\t\t\t<div class=\"elementor-widget-container\">\n\t\t\t\t\t\t\t\t\t<div>In die Schlossanlage gleich neben unserem Restaurant &#8222;Al Pescatore&#8220; kommen wir leider nicht hinein, weil sie nur morgens ge\u00f6ffnet ist (ausser am Wochenende). Von dort h\u00e4tte man einen tollen Blick auf die K\u00fcste und das Castello Vecchio di Duino. Da m\u00fcssen wir einen anderen Aussichtspunkt finden.<\/div>\t\t\t\t\t\t\t\t<\/div>\n\t\t\t\t<\/div>\n\t\t\t\t<div class=\"elementor-element elementor-element-a11f89e elementor-widget elementor-widget-image\" data-id=\"a11f89e\" data-element_type=\"widget\" data-e-type=\"widget\" data-widget_type=\"image.default\">\n\t\t\t\t<div class=\"elementor-widget-container\">\n\t\t\t\t\t\t\t\t\t\t\t\t<figure class=\"wp-caption\">\n\t\t\t\t\t\t\t\t\t\t\t<a href=\"https:\/\/nimmerwo.ch\/wp-content\/uploads\/2021\/11\/IMG_20210816_144106.jpg\" data-elementor-open-lightbox=\"yes\" data-e-action-hash=\"#elementor-action%3Aaction%3Dlightbox%26settings%3DeyJpZCI6Nzg3NywidXJsIjoiaHR0cHM6XC9cL25pbW1lcndvLmNoXC93cC1jb250ZW50XC91cGxvYWRzXC8yMDIxXC8xMVwvSU1HXzIwMjEwODE2XzE0NDEwNi5qcGcifQ%3D%3D\">\n\t\t\t\t\t\t\t<img loading=\"lazy\" decoding=\"async\" width=\"768\" height=\"1024\" src=\"https:\/\/nimmerwo.ch\/wp-content\/uploads\/2021\/11\/IMG_20210816_144106.jpg\" class=\"attachment-full size-full wp-image-7877\" alt=\"\" srcset=\"https:\/\/nimmerwo.ch\/wp-content\/uploads\/2021\/11\/IMG_20210816_144106.jpg 768w, https:\/\/nimmerwo.ch\/wp-content\/uploads\/2021\/11\/IMG_20210816_144106-225x300.jpg 225w, https:\/\/nimmerwo.ch\/wp-content\/uploads\/2021\/11\/IMG_20210816_144106-9x12.jpg 9w\" sizes=\"(max-width: 768px) 100vw, 768px\" \/>\t\t\t\t\t\t\t\t<\/a>\n\t\t\t\t\t\t\t\t\t\t\t<figcaption class=\"widget-image-caption wp-caption-text\"><\/figcaption>\n\t\t\t\t\t\t\t\t\t\t<\/figure>\n\t\t\t\t\t\t\t\t\t<\/div>\n\t\t\t\t<\/div>\n\t\t\t\t<div class=\"elementor-element elementor-element-e6ef81a elementor-widget elementor-widget-text-editor\" data-id=\"e6ef81a\" data-element_type=\"widget\" data-e-type=\"widget\" data-widget_type=\"text-editor.default\">\n\t\t\t\t<div class=\"elementor-widget-container\">\n\t\t\t\t\t\t\t\t\t<div>Auf der Klippe am Rande eines Pinienwaldes spazieren wir auf einem beliebten Weg aus Duino hinaus. Dort werden uns doch noch ein paar sch\u00f6ne Blicke aufs Meer und das Castello geg\u00f6nnt. Wir geniessen die Meeresbrise und warten darauf, dass sich am sp\u00e4teren Nachmittag die Temperaturen aus dem roten Bereich entfernen.<\/div>\t\t\t\t\t\t\t\t<\/div>\n\t\t\t\t<\/div>\n\t\t\t\t<div class=\"elementor-element elementor-element-b7d96a3 elementor-widget elementor-widget-image\" data-id=\"b7d96a3\" data-element_type=\"widget\" data-e-type=\"widget\" data-widget_type=\"image.default\">\n\t\t\t\t<div class=\"elementor-widget-container\">\n\t\t\t\t\t\t\t\t\t\t\t\t<figure class=\"wp-caption\">\n\t\t\t\t\t\t\t\t\t\t\t<a href=\"https:\/\/nimmerwo.ch\/wp-content\/uploads\/2021\/11\/signal-2021-08-20-142741-12.jpg\" data-elementor-open-lightbox=\"yes\" data-e-action-hash=\"#elementor-action%3Aaction%3Dlightbox%26settings%3DeyJpZCI6Nzg3NiwidXJsIjoiaHR0cHM6XC9cL25pbW1lcndvLmNoXC93cC1jb250ZW50XC91cGxvYWRzXC8yMDIxXC8xMVwvc2lnbmFsLTIwMjEtMDgtMjAtMTQyNzQxLTEyLmpwZyJ9\">\n\t\t\t\t\t\t\t<img loading=\"lazy\" decoding=\"async\" width=\"576\" height=\"1024\" src=\"https:\/\/nimmerwo.ch\/wp-content\/uploads\/2021\/11\/signal-2021-08-20-142741-12.jpg\" class=\"attachment-full size-full wp-image-7876\" alt=\"\" srcset=\"https:\/\/nimmerwo.ch\/wp-content\/uploads\/2021\/11\/signal-2021-08-20-142741-12.jpg 576w, https:\/\/nimmerwo.ch\/wp-content\/uploads\/2021\/11\/signal-2021-08-20-142741-12-169x300.jpg 169w, https:\/\/nimmerwo.ch\/wp-content\/uploads\/2021\/11\/signal-2021-08-20-142741-12-7x12.jpg 7w\" sizes=\"(max-width: 576px) 100vw, 576px\" \/>\t\t\t\t\t\t\t\t<\/a>\n\t\t\t\t\t\t\t\t\t\t\t<figcaption class=\"widget-image-caption wp-caption-text\"><\/figcaption>\n\t\t\t\t\t\t\t\t\t\t<\/figure>\n\t\t\t\t\t\t\t\t\t<\/div>\n\t\t\t\t<\/div>\n\t\t\t\t<div class=\"elementor-element elementor-element-b5d4738 elementor-widget elementor-widget-image\" data-id=\"b5d4738\" data-element_type=\"widget\" data-e-type=\"widget\" data-widget_type=\"image.default\">\n\t\t\t\t<div class=\"elementor-widget-container\">\n\t\t\t\t\t\t\t\t\t\t\t\t<figure class=\"wp-caption\">\n\t\t\t\t\t\t\t\t\t\t\t<a href=\"https:\/\/nimmerwo.ch\/wp-content\/uploads\/2021\/11\/DSC06434.jpg\" data-elementor-open-lightbox=\"yes\" data-e-action-hash=\"#elementor-action%3Aaction%3Dlightbox%26settings%3DeyJpZCI6Nzg5MSwidXJsIjoiaHR0cHM6XC9cL25pbW1lcndvLmNoXC93cC1jb250ZW50XC91cGxvYWRzXC8yMDIxXC8xMVwvRFNDMDY0MzQuanBnIn0%3D\">\n\t\t\t\t\t\t\t<img loading=\"lazy\" decoding=\"async\" width=\"1024\" height=\"682\" src=\"https:\/\/nimmerwo.ch\/wp-content\/uploads\/2021\/11\/DSC06434.jpg\" class=\"attachment-full size-full wp-image-7891\" alt=\"\" srcset=\"https:\/\/nimmerwo.ch\/wp-content\/uploads\/2021\/11\/DSC06434.jpg 1024w, https:\/\/nimmerwo.ch\/wp-content\/uploads\/2021\/11\/DSC06434-300x200.jpg 300w, https:\/\/nimmerwo.ch\/wp-content\/uploads\/2021\/11\/DSC06434-768x512.jpg 768w, https:\/\/nimmerwo.ch\/wp-content\/uploads\/2021\/11\/DSC06434-18x12.jpg 18w\" sizes=\"(max-width: 1024px) 100vw, 1024px\" \/>\t\t\t\t\t\t\t\t<\/a>\n\t\t\t\t\t\t\t\t\t\t\t<figcaption class=\"widget-image-caption wp-caption-text\"><\/figcaption>\n\t\t\t\t\t\t\t\t\t\t<\/figure>\n\t\t\t\t\t\t\t\t\t<\/div>\n\t\t\t\t<\/div>\n\t\t\t\t<div class=\"elementor-element elementor-element-7bec0f7 elementor-widget elementor-widget-text-editor\" data-id=\"7bec0f7\" data-element_type=\"widget\" data-e-type=\"widget\" data-widget_type=\"text-editor.default\">\n\t\t\t\t<div class=\"elementor-widget-container\">\n\t\t\t\t\t\t\t\t\t<div>Erst um halb 5 verlassen wir die bewohnte Zone an der K\u00fcste und betreten l\u00e4ndliches Gebiet. In den karstigen W\u00e4lder dahinter finden wir einen passenden Platz f\u00fcr unser Zelt. Wir erinnern uns an letzte Nacht. Auch wenn die Gegend perfekt f\u00fcr eine weitere Nacht in der H\u00e4ngematte w\u00e4re, trauen wir dem blauen Abendhimmel nicht. Zu guter Recht.<\/div>\t\t\t\t\t\t\t\t<\/div>\n\t\t\t\t<\/div>\n\t\t\t\t<div class=\"elementor-element elementor-element-951bd48 elementor-widget elementor-widget-image\" data-id=\"951bd48\" data-element_type=\"widget\" data-e-type=\"widget\" data-widget_type=\"image.default\">\n\t\t\t\t<div class=\"elementor-widget-container\">\n\t\t\t\t\t\t\t\t\t\t\t\t\t\t\t\t<a href=\"https:\/\/nimmerwo.ch\/wp-content\/uploads\/2021\/10\/16.jpg\" data-elementor-open-lightbox=\"yes\" data-e-action-hash=\"#elementor-action%3Aaction%3Dlightbox%26settings%3DeyJpZCI6Nzc1MSwidXJsIjoiaHR0cHM6XC9cL25pbW1lcndvLmNoXC93cC1jb250ZW50XC91cGxvYWRzXC8yMDIxXC8xMFwvMTYuanBnIn0%3D\">\n\t\t\t\t\t\t\t<img loading=\"lazy\" decoding=\"async\" width=\"1024\" height=\"386\" src=\"https:\/\/nimmerwo.ch\/wp-content\/uploads\/2021\/10\/16.jpg\" class=\"attachment-full size-full wp-image-7751\" alt=\"\" srcset=\"https:\/\/nimmerwo.ch\/wp-content\/uploads\/2021\/10\/16.jpg 1024w, https:\/\/nimmerwo.ch\/wp-content\/uploads\/2021\/10\/16-300x113.jpg 300w, https:\/\/nimmerwo.ch\/wp-content\/uploads\/2021\/10\/16-768x290.jpg 768w, https:\/\/nimmerwo.ch\/wp-content\/uploads\/2021\/10\/16-18x7.jpg 18w\" sizes=\"(max-width: 1024px) 100vw, 1024px\" \/>\t\t\t\t\t\t\t\t<\/a>\n\t\t\t\t\t\t\t\t\t\t\t\t\t\t\t<\/div>\n\t\t\t\t<\/div>\n\t\t\t\t<div class=\"elementor-element elementor-element-21ac972 elementor-widget elementor-widget-text-editor\" data-id=\"21ac972\" data-element_type=\"widget\" data-e-type=\"widget\" data-widget_type=\"text-editor.default\">\n\t\t\t\t<div class=\"elementor-widget-container\">\n\t\t\t\t\t\t\t\t\t<h3 style=\"text-align: center;\">Highlight des Tages<\/h3><div style=\"text-align: center;\"><em>Die prallblaue Adria bei Duino. Und das Mittagessen<\/em><div><em>(Prallblau? Ein Insider, sorry\u00a0<\/em>\ud83d\ude09)<\/div><\/div>\t\t\t\t\t\t\t\t<\/div>\n\t\t\t\t<\/div>\n\t\t\t\t<div class=\"elementor-element elementor-element-10a6c58 elementor-widget elementor-widget-image\" data-id=\"10a6c58\" data-element_type=\"widget\" data-e-type=\"widget\" data-widget_type=\"image.default\">\n\t\t\t\t<div class=\"elementor-widget-container\">\n\t\t\t\t\t\t\t\t\t\t\t\t<figure class=\"wp-caption\">\n\t\t\t\t\t\t\t\t\t\t\t<a href=\"https:\/\/nimmerwo.ch\/wp-content\/uploads\/2021\/11\/IMG_20210816_124511.jpg\" data-elementor-open-lightbox=\"yes\" data-e-action-hash=\"#elementor-action%3Aaction%3Dlightbox%26settings%3DeyJpZCI6Nzg3OCwidXJsIjoiaHR0cHM6XC9cL25pbW1lcndvLmNoXC93cC1jb250ZW50XC91cGxvYWRzXC8yMDIxXC8xMVwvSU1HXzIwMjEwODE2XzEyNDUxMS5qcGcifQ%3D%3D\">\n\t\t\t\t\t\t\t<img loading=\"lazy\" decoding=\"async\" width=\"768\" height=\"1024\" src=\"https:\/\/nimmerwo.ch\/wp-content\/uploads\/2021\/11\/IMG_20210816_124511.jpg\" class=\"attachment-full size-full wp-image-7878\" alt=\"\" srcset=\"https:\/\/nimmerwo.ch\/wp-content\/uploads\/2021\/11\/IMG_20210816_124511.jpg 768w, https:\/\/nimmerwo.ch\/wp-content\/uploads\/2021\/11\/IMG_20210816_124511-225x300.jpg 225w, https:\/\/nimmerwo.ch\/wp-content\/uploads\/2021\/11\/IMG_20210816_124511-9x12.jpg 9w\" sizes=\"(max-width: 768px) 100vw, 768px\" \/>\t\t\t\t\t\t\t\t<\/a>\n\t\t\t\t\t\t\t\t\t\t\t<figcaption class=\"widget-image-caption wp-caption-text\"><\/figcaption>\n\t\t\t\t\t\t\t\t\t\t<\/figure>\n\t\t\t\t\t\t\t\t\t<\/div>\n\t\t\t\t<\/div>\n\t\t\t\t<div class=\"elementor-element elementor-element-300d001 elementor-widget-divider--view-line elementor-widget elementor-widget-divider\" data-id=\"300d001\" data-element_type=\"widget\" data-e-type=\"widget\" data-widget_type=\"divider.default\">\n\t\t\t\t<div class=\"elementor-widget-container\">\n\t\t\t\t\t\t\t<div class=\"elementor-divider\">\n\t\t\t<span class=\"elementor-divider-separator\">\n\t\t\t\t\t\t<\/span>\n\t\t<\/div>\n\t\t\t\t\t\t<\/div>\n\t\t\t\t<\/div>\n\t\t\t\t<div class=\"elementor-element elementor-element-b526983 elementor-widget elementor-widget-text-editor\" data-id=\"b526983\" data-element_type=\"widget\" data-e-type=\"widget\" data-widget_type=\"text-editor.default\">\n\t\t\t\t<div class=\"elementor-widget-container\">\n\t\t\t\t\t\t\t\t\t<h3>Tag 17 &#8211; Etappe 34\/35 des Alpe Adria Trails, 20 km &#8211; Abk\u00fchlung in Trieste<\/h3><div>Ich kann nicht schlafen. Vielleicht liegt es am aufregenden Ende meines H\u00f6rbuchs, Jo Nesbos &#8222;Der Leopard&#8220;.<\/div><div>Um halb 12 rauschen sie heran, lauter und lauter. Es sind die apokalyptischen Reiter.<\/div>\t\t\t\t\t\t\t\t<\/div>\n\t\t\t\t<\/div>\n\t\t\t\t<div class=\"elementor-element elementor-element-acbc238 elementor-widget elementor-widget-image\" data-id=\"acbc238\" data-element_type=\"widget\" data-e-type=\"widget\" data-widget_type=\"image.default\">\n\t\t\t\t<div class=\"elementor-widget-container\">\n\t\t\t\t\t\t\t\t\t\t\t\t<figure class=\"wp-caption\">\n\t\t\t\t\t\t\t\t\t\t\t<a href=\"https:\/\/nimmerwo.ch\/wp-content\/uploads\/2021\/11\/DSC06526.jpg\" data-elementor-open-lightbox=\"yes\" data-e-action-hash=\"#elementor-action%3Aaction%3Dlightbox%26settings%3DeyJpZCI6NzkxOSwidXJsIjoiaHR0cHM6XC9cL25pbW1lcndvLmNoXC93cC1jb250ZW50XC91cGxvYWRzXC8yMDIxXC8xMVwvRFNDMDY1MjYuanBnIn0%3D\">\n\t\t\t\t\t\t\t<img loading=\"lazy\" decoding=\"async\" width=\"682\" height=\"1024\" src=\"https:\/\/nimmerwo.ch\/wp-content\/uploads\/2021\/11\/DSC06526.jpg\" class=\"attachment-full size-full wp-image-7919\" alt=\"\" srcset=\"https:\/\/nimmerwo.ch\/wp-content\/uploads\/2021\/11\/DSC06526.jpg 682w, https:\/\/nimmerwo.ch\/wp-content\/uploads\/2021\/11\/DSC06526-200x300.jpg 200w, https:\/\/nimmerwo.ch\/wp-content\/uploads\/2021\/11\/DSC06526-8x12.jpg 8w\" sizes=\"(max-width: 682px) 100vw, 682px\" \/>\t\t\t\t\t\t\t\t<\/a>\n\t\t\t\t\t\t\t\t\t\t\t<figcaption class=\"widget-image-caption wp-caption-text\"><\/figcaption>\n\t\t\t\t\t\t\t\t\t\t<\/figure>\n\t\t\t\t\t\t\t\t\t<\/div>\n\t\t\t\t<\/div>\n\t\t\t\t<div class=\"elementor-element elementor-element-d275c98 elementor-widget elementor-widget-text-editor\" data-id=\"d275c98\" data-element_type=\"widget\" data-e-type=\"widget\" data-widget_type=\"text-editor.default\">\n\t\t\t\t<div class=\"elementor-widget-container\">\n\t\t\t\t\t\t\t\t\t<div>Zuerst der Wind, der unaufhaltbar durch die B\u00e4ume fegt. Dann das Blitzen und Grollen, schliesslich die schweren Tropfen. Gut, haben wir das Zelt aufgebaut, denke ich noch, als sich die Schleusen \u00f6ffnen. F\u00fcr einen kurzen Moment knallt und sch\u00fcttet es. Jupiter und Zeus schmeissen um sich, was sie haben.<\/div><div>Wir im kleinen Zelt. Im Wald. Mit lauter B\u00e4umen um uns herum. Wartend und hoffend.<\/div>\t\t\t\t\t\t\t\t<\/div>\n\t\t\t\t<\/div>\n\t\t\t\t<div class=\"elementor-element elementor-element-6e6b0c0 elementor-widget elementor-widget-image\" data-id=\"6e6b0c0\" data-element_type=\"widget\" data-e-type=\"widget\" data-widget_type=\"image.default\">\n\t\t\t\t<div class=\"elementor-widget-container\">\n\t\t\t\t\t\t\t\t\t\t\t\t<figure class=\"wp-caption\">\n\t\t\t\t\t\t\t\t\t\t\t<a href=\"https:\/\/nimmerwo.ch\/wp-content\/uploads\/2021\/11\/DSC06448.jpg\" data-elementor-open-lightbox=\"yes\" data-elementor-lightbox-description=\"Das Dorf Prosecco mit Spitzenaussicht auf Trieste und die Adria\" data-e-action-hash=\"#elementor-action%3Aaction%3Dlightbox%26settings%3DeyJpZCI6NzkwMiwidXJsIjoiaHR0cHM6XC9cL25pbW1lcndvLmNoXC93cC1jb250ZW50XC91cGxvYWRzXC8yMDIxXC8xMVwvRFNDMDY0NDguanBnIn0%3D\">\n\t\t\t\t\t\t\t<img loading=\"lazy\" decoding=\"async\" width=\"1024\" height=\"576\" src=\"https:\/\/nimmerwo.ch\/wp-content\/uploads\/2021\/11\/DSC06448.jpg\" class=\"attachment-full size-full wp-image-7902\" alt=\"\" srcset=\"https:\/\/nimmerwo.ch\/wp-content\/uploads\/2021\/11\/DSC06448.jpg 1024w, https:\/\/nimmerwo.ch\/wp-content\/uploads\/2021\/11\/DSC06448-300x169.jpg 300w, https:\/\/nimmerwo.ch\/wp-content\/uploads\/2021\/11\/DSC06448-768x432.jpg 768w, https:\/\/nimmerwo.ch\/wp-content\/uploads\/2021\/11\/DSC06448-18x10.jpg 18w\" sizes=\"(max-width: 1024px) 100vw, 1024px\" \/>\t\t\t\t\t\t\t\t<\/a>\n\t\t\t\t\t\t\t\t\t\t\t<figcaption class=\"widget-image-caption wp-caption-text\">Das Dorf Prosecco mit Spitzenaussicht auf Trieste und die Adria<\/figcaption>\n\t\t\t\t\t\t\t\t\t\t<\/figure>\n\t\t\t\t\t\t\t\t\t<\/div>\n\t\t\t\t<\/div>\n\t\t\t\t<div class=\"elementor-element elementor-element-427e936 elementor-widget elementor-widget-text-editor\" data-id=\"427e936\" data-element_type=\"widget\" data-e-type=\"widget\" data-widget_type=\"text-editor.default\">\n\t\t\t\t<div class=\"elementor-widget-container\">\n\t\t\t\t\t\t\t\t\t<div>So schnell es gekommen ist, verschwindet das Gewitter wieder. L\u00e4nger als eine halbe Stunde hat es nicht gedauert. Gl\u00fcck gehabt! Weder sind wir von einem Blitz oder Baum erschlagen worden, noch hat das Zelt den Wassermassen nachgegeben.<\/div>\t\t\t\t\t\t\t\t<\/div>\n\t\t\t\t<\/div>\n\t\t\t\t<div class=\"elementor-element elementor-element-b18c990 elementor-widget elementor-widget-image\" data-id=\"b18c990\" data-element_type=\"widget\" data-e-type=\"widget\" data-widget_type=\"image.default\">\n\t\t\t\t<div class=\"elementor-widget-container\">\n\t\t\t\t\t\t\t\t\t\t\t\t\t\t\t\t<a href=\"https:\/\/nimmerwo.ch\/wp-content\/uploads\/2021\/11\/DSC06450.jpg\" data-elementor-open-lightbox=\"yes\" data-e-action-hash=\"#elementor-action%3Aaction%3Dlightbox%26settings%3DeyJpZCI6NzkwMywidXJsIjoiaHR0cHM6XC9cL25pbW1lcndvLmNoXC93cC1jb250ZW50XC91cGxvYWRzXC8yMDIxXC8xMVwvRFNDMDY0NTAuanBnIn0%3D\">\n\t\t\t\t\t\t\t<img loading=\"lazy\" decoding=\"async\" width=\"1024\" height=\"682\" src=\"https:\/\/nimmerwo.ch\/wp-content\/uploads\/2021\/11\/DSC06450.jpg\" class=\"attachment-full size-full wp-image-7903\" alt=\"\" srcset=\"https:\/\/nimmerwo.ch\/wp-content\/uploads\/2021\/11\/DSC06450.jpg 1024w, https:\/\/nimmerwo.ch\/wp-content\/uploads\/2021\/11\/DSC06450-300x200.jpg 300w, https:\/\/nimmerwo.ch\/wp-content\/uploads\/2021\/11\/DSC06450-768x512.jpg 768w, https:\/\/nimmerwo.ch\/wp-content\/uploads\/2021\/11\/DSC06450-18x12.jpg 18w\" sizes=\"(max-width: 1024px) 100vw, 1024px\" \/>\t\t\t\t\t\t\t\t<\/a>\n\t\t\t\t\t\t\t\t\t\t\t\t\t\t\t<\/div>\n\t\t\t\t<\/div>\n\t\t\t\t<div class=\"elementor-element elementor-element-8c535ea elementor-widget elementor-widget-text-editor\" data-id=\"8c535ea\" data-element_type=\"widget\" data-e-type=\"widget\" data-widget_type=\"text-editor.default\">\n\t\t\t\t<div class=\"elementor-widget-container\">\n\t\t\t\t\t\t\t\t\t<div>Der n\u00e4chste Morgen pr\u00e4sentiert sich ruhig und etwas k\u00fchler. Wir wandern weiter ins Dorf Prosecco. Dann verlassen wir den Alpe Adria Trail kurz, um einen Abstecher hinunter an die Promenade am Stadtrand Triestes zu machen.<\/div>\t\t\t\t\t\t\t\t<\/div>\n\t\t\t\t<\/div>\n\t\t\t\t<div class=\"elementor-element elementor-element-0a0fc74 elementor-widget elementor-widget-image\" data-id=\"0a0fc74\" data-element_type=\"widget\" data-e-type=\"widget\" data-widget_type=\"image.default\">\n\t\t\t\t<div class=\"elementor-widget-container\">\n\t\t\t\t\t\t\t\t\t\t\t\t<figure class=\"wp-caption\">\n\t\t\t\t\t\t\t\t\t\t\t<a href=\"https:\/\/nimmerwo.ch\/wp-content\/uploads\/2021\/11\/DSC06454.jpg\" data-elementor-open-lightbox=\"yes\" data-elementor-lightbox-description=\"Der Obelisk von Opicina\" data-e-action-hash=\"#elementor-action%3Aaction%3Dlightbox%26settings%3DeyJpZCI6NzkwNCwidXJsIjoiaHR0cHM6XC9cL25pbW1lcndvLmNoXC93cC1jb250ZW50XC91cGxvYWRzXC8yMDIxXC8xMVwvRFNDMDY0NTQuanBnIn0%3D\">\n\t\t\t\t\t\t\t<img loading=\"lazy\" decoding=\"async\" width=\"682\" height=\"1024\" src=\"https:\/\/nimmerwo.ch\/wp-content\/uploads\/2021\/11\/DSC06454.jpg\" class=\"attachment-full size-full wp-image-7904\" alt=\"\" srcset=\"https:\/\/nimmerwo.ch\/wp-content\/uploads\/2021\/11\/DSC06454.jpg 682w, https:\/\/nimmerwo.ch\/wp-content\/uploads\/2021\/11\/DSC06454-200x300.jpg 200w, https:\/\/nimmerwo.ch\/wp-content\/uploads\/2021\/11\/DSC06454-8x12.jpg 8w\" sizes=\"(max-width: 682px) 100vw, 682px\" \/>\t\t\t\t\t\t\t\t<\/a>\n\t\t\t\t\t\t\t\t\t\t\t<figcaption class=\"widget-image-caption wp-caption-text\">Der Obelisk von Opicina<\/figcaption>\n\t\t\t\t\t\t\t\t\t\t<\/figure>\n\t\t\t\t\t\t\t\t\t<\/div>\n\t\t\t\t<\/div>\n\t\t\t\t<div class=\"elementor-element elementor-element-1728291 elementor-widget elementor-widget-text-editor\" data-id=\"1728291\" data-element_type=\"widget\" data-e-type=\"widget\" data-widget_type=\"text-editor.default\">\n\t\t\t\t<div class=\"elementor-widget-container\">\n\t\t\t\t\t\t\t\t\t<div>Irgendwo verpassen wir ein Wandermarkierung und m\u00fcssen die lange, steile Hauptstrasse hinuntermarschieren. Wir m\u00fcssen auf den Verkehr achtgeben, aber die Aussicht auf Trieste und die azurblaue Adria ist bezaubernd.<\/div><div>Unten im Park direkt am Meer gibt es kleine Bars, wo wir uns mit unseren Rucks\u00e4cken zwischen die Locals setzen, um einen Sprizz bianco und die Meeresbrise zu geniessen.<\/div>\t\t\t\t\t\t\t\t<\/div>\n\t\t\t\t<\/div>\n\t\t\t\t<div class=\"elementor-element elementor-element-9019661 elementor-widget elementor-widget-image\" data-id=\"9019661\" data-element_type=\"widget\" data-e-type=\"widget\" data-widget_type=\"image.default\">\n\t\t\t\t<div class=\"elementor-widget-container\">\n\t\t\t\t\t\t\t\t\t\t\t\t\t\t\t\t<a href=\"https:\/\/nimmerwo.ch\/wp-content\/uploads\/2021\/11\/DSC06459.jpg\" data-elementor-open-lightbox=\"yes\" data-e-action-hash=\"#elementor-action%3Aaction%3Dlightbox%26settings%3DeyJpZCI6NzkwNSwidXJsIjoiaHR0cHM6XC9cL25pbW1lcndvLmNoXC93cC1jb250ZW50XC91cGxvYWRzXC8yMDIxXC8xMVwvRFNDMDY0NTkuanBnIn0%3D\">\n\t\t\t\t\t\t\t<img loading=\"lazy\" decoding=\"async\" width=\"1024\" height=\"682\" src=\"https:\/\/nimmerwo.ch\/wp-content\/uploads\/2021\/11\/DSC06459.jpg\" class=\"attachment-full size-full wp-image-7905\" alt=\"\" srcset=\"https:\/\/nimmerwo.ch\/wp-content\/uploads\/2021\/11\/DSC06459.jpg 1024w, https:\/\/nimmerwo.ch\/wp-content\/uploads\/2021\/11\/DSC06459-300x200.jpg 300w, https:\/\/nimmerwo.ch\/wp-content\/uploads\/2021\/11\/DSC06459-768x512.jpg 768w, https:\/\/nimmerwo.ch\/wp-content\/uploads\/2021\/11\/DSC06459-18x12.jpg 18w\" sizes=\"(max-width: 1024px) 100vw, 1024px\" \/>\t\t\t\t\t\t\t\t<\/a>\n\t\t\t\t\t\t\t\t\t\t\t\t\t\t\t<\/div>\n\t\t\t\t<\/div>\n\t\t\t\t<div class=\"elementor-element elementor-element-2076b3d elementor-widget elementor-widget-text-editor\" data-id=\"2076b3d\" data-element_type=\"widget\" data-e-type=\"widget\" data-widget_type=\"text-editor.default\">\n\t\t\t\t<div class=\"elementor-widget-container\">\n\t\t\t\t\t\t\t\t\t<div>Dann aber m\u00fcssen wir die 400 H\u00f6henmeter wieder zur\u00fcck in die H\u00fcgel. Kurzerhand entscheiden wir, eine Nacht auf dem Camping von Opicina zu verbringen. Eine gute Wahl. Hier k\u00f6nnen wir duschen und gem\u00fctlich kochen. Der Zeltplatz ist einfach, viele Dauercamper scheinen, hier einen grossen Teil des Jahres zu verbringen. Die Leute am Empfang und in der Bar sind sehr gastfreundlich und der Ausblick hinunter auf die Stadt eine Augenweide.<\/div>\t\t\t\t\t\t\t\t<\/div>\n\t\t\t\t<\/div>\n\t\t\t\t<div class=\"elementor-element elementor-element-3e1bdbf elementor-widget elementor-widget-image\" data-id=\"3e1bdbf\" data-element_type=\"widget\" data-e-type=\"widget\" data-widget_type=\"image.default\">\n\t\t\t\t<div class=\"elementor-widget-container\">\n\t\t\t\t\t\t\t\t\t\t\t\t\t\t\t\t<a href=\"https:\/\/nimmerwo.ch\/wp-content\/uploads\/2021\/10\/17.jpg\" data-elementor-open-lightbox=\"yes\" data-e-action-hash=\"#elementor-action%3Aaction%3Dlightbox%26settings%3DeyJpZCI6Nzc1MiwidXJsIjoiaHR0cHM6XC9cL25pbW1lcndvLmNoXC93cC1jb250ZW50XC91cGxvYWRzXC8yMDIxXC8xMFwvMTcuanBnIn0%3D\">\n\t\t\t\t\t\t\t<img loading=\"lazy\" decoding=\"async\" width=\"595\" height=\"1024\" src=\"https:\/\/nimmerwo.ch\/wp-content\/uploads\/2021\/10\/17.jpg\" class=\"attachment-full size-full wp-image-7752\" alt=\"\" srcset=\"https:\/\/nimmerwo.ch\/wp-content\/uploads\/2021\/10\/17.jpg 595w, https:\/\/nimmerwo.ch\/wp-content\/uploads\/2021\/10\/17-174x300.jpg 174w, https:\/\/nimmerwo.ch\/wp-content\/uploads\/2021\/10\/17-7x12.jpg 7w\" sizes=\"(max-width: 595px) 100vw, 595px\" \/>\t\t\t\t\t\t\t\t<\/a>\n\t\t\t\t\t\t\t\t\t\t\t\t\t\t\t<\/div>\n\t\t\t\t<\/div>\n\t\t\t\t<div class=\"elementor-element elementor-element-121531a elementor-widget elementor-widget-text-editor\" data-id=\"121531a\" data-element_type=\"widget\" data-e-type=\"widget\" data-widget_type=\"text-editor.default\">\n\t\t\t\t<div class=\"elementor-widget-container\">\n\t\t\t\t\t\t\t\t\t<h3 style=\"text-align: center;\">Highlight des Tages<\/h3><div style=\"text-align: center;\"><div><em>Die gem\u00fctliche Parkanlage am Meer vor Trieste, obwohl sie nicht Teil des Alpe Adria Trails ist.<\/em><\/div><\/div>\t\t\t\t\t\t\t\t<\/div>\n\t\t\t\t<\/div>\n\t\t\t\t<div class=\"elementor-element elementor-element-25564f6 elementor-widget elementor-widget-image\" data-id=\"25564f6\" data-element_type=\"widget\" data-e-type=\"widget\" data-widget_type=\"image.default\">\n\t\t\t\t<div class=\"elementor-widget-container\">\n\t\t\t\t\t\t\t\t\t\t\t\t\t\t\t\t<a href=\"https:\/\/nimmerwo.ch\/wp-content\/uploads\/2021\/11\/DSC06463.jpg\" data-elementor-open-lightbox=\"yes\" data-e-action-hash=\"#elementor-action%3Aaction%3Dlightbox%26settings%3DeyJpZCI6NzkwNiwidXJsIjoiaHR0cHM6XC9cL25pbW1lcndvLmNoXC93cC1jb250ZW50XC91cGxvYWRzXC8yMDIxXC8xMVwvRFNDMDY0NjMuanBnIn0%3D\">\n\t\t\t\t\t\t\t<img loading=\"lazy\" decoding=\"async\" width=\"1024\" height=\"576\" src=\"https:\/\/nimmerwo.ch\/wp-content\/uploads\/2021\/11\/DSC06463.jpg\" class=\"attachment-full size-full wp-image-7906\" alt=\"\" srcset=\"https:\/\/nimmerwo.ch\/wp-content\/uploads\/2021\/11\/DSC06463.jpg 1024w, https:\/\/nimmerwo.ch\/wp-content\/uploads\/2021\/11\/DSC06463-300x169.jpg 300w, https:\/\/nimmerwo.ch\/wp-content\/uploads\/2021\/11\/DSC06463-768x432.jpg 768w, https:\/\/nimmerwo.ch\/wp-content\/uploads\/2021\/11\/DSC06463-18x10.jpg 18w\" sizes=\"(max-width: 1024px) 100vw, 1024px\" \/>\t\t\t\t\t\t\t\t<\/a>\n\t\t\t\t\t\t\t\t\t\t\t\t\t\t\t<\/div>\n\t\t\t\t<\/div>\n\t\t\t\t<div class=\"elementor-element elementor-element-db2206c elementor-widget-divider--view-line elementor-widget elementor-widget-divider\" data-id=\"db2206c\" data-element_type=\"widget\" data-e-type=\"widget\" data-widget_type=\"divider.default\">\n\t\t\t\t<div class=\"elementor-widget-container\">\n\t\t\t\t\t\t\t<div class=\"elementor-divider\">\n\t\t\t<span class=\"elementor-divider-separator\">\n\t\t\t\t\t\t<\/span>\n\t\t<\/div>\n\t\t\t\t\t\t<\/div>\n\t\t\t\t<\/div>\n\t\t\t\t<div class=\"elementor-element elementor-element-3bc0010 elementor-widget elementor-widget-text-editor\" data-id=\"3bc0010\" data-element_type=\"widget\" data-e-type=\"widget\" data-widget_type=\"text-editor.default\">\n\t\t\t\t<div class=\"elementor-widget-container\">\n\t\t\t\t\t\t\t\t\t<h3>Tag 18 &#8211; Etappe 35\/36 des Alpe Adria Trails, 21 km &#8211; Pferdezucht in Lipica<\/h3><div><div>In der Nacht war starker Wind aufgekommen. An der Rezeption sagen sie, wenn der Wind aus den Bergen anf\u00e4ngt, h\u00f6rt er f\u00fcr 7 Tage nicht auf. Im Sommer eine willkommene Abk\u00fchlung, im Winter aber ein grosses Problem, wenn Minustemperaturen die Wasserleitungen einfrieren.<\/div><\/div>\t\t\t\t\t\t\t\t<\/div>\n\t\t\t\t<\/div>\n\t\t\t\t<div class=\"elementor-element elementor-element-e86d3d7 elementor-widget elementor-widget-image\" data-id=\"e86d3d7\" data-element_type=\"widget\" data-e-type=\"widget\" data-widget_type=\"image.default\">\n\t\t\t\t<div class=\"elementor-widget-container\">\n\t\t\t\t\t\t\t\t\t\t\t\t\t\t\t\t<a href=\"https:\/\/nimmerwo.ch\/wp-content\/uploads\/2021\/11\/DSC06468.jpg\" data-elementor-open-lightbox=\"yes\" data-e-action-hash=\"#elementor-action%3Aaction%3Dlightbox%26settings%3DeyJpZCI6NzkwNywidXJsIjoiaHR0cHM6XC9cL25pbW1lcndvLmNoXC93cC1jb250ZW50XC91cGxvYWRzXC8yMDIxXC8xMVwvRFNDMDY0NjguanBnIn0%3D\">\n\t\t\t\t\t\t\t<img loading=\"lazy\" decoding=\"async\" width=\"1024\" height=\"682\" src=\"https:\/\/nimmerwo.ch\/wp-content\/uploads\/2021\/11\/DSC06468.jpg\" class=\"attachment-full size-full wp-image-7907\" alt=\"\" srcset=\"https:\/\/nimmerwo.ch\/wp-content\/uploads\/2021\/11\/DSC06468.jpg 1024w, https:\/\/nimmerwo.ch\/wp-content\/uploads\/2021\/11\/DSC06468-300x200.jpg 300w, https:\/\/nimmerwo.ch\/wp-content\/uploads\/2021\/11\/DSC06468-768x512.jpg 768w, https:\/\/nimmerwo.ch\/wp-content\/uploads\/2021\/11\/DSC06468-18x12.jpg 18w\" sizes=\"(max-width: 1024px) 100vw, 1024px\" \/>\t\t\t\t\t\t\t\t<\/a>\n\t\t\t\t\t\t\t\t\t\t\t\t\t\t\t<\/div>\n\t\t\t\t<\/div>\n\t\t\t\t<div class=\"elementor-element elementor-element-1d5177f elementor-widget elementor-widget-text-editor\" data-id=\"1d5177f\" data-element_type=\"widget\" data-e-type=\"widget\" data-widget_type=\"text-editor.default\">\n\t\t\t\t<div class=\"elementor-widget-container\">\n\t\t\t\t\t\t\t\t\t<div><div>Wir packen und brechen nach Slowenien auf. Zun\u00e4chst d\u00fcrfen wir weiterhin tolle Ausblicke auf Trieste und das Meer einfangen. Dann geht es hinunter durch den Wald in italienische D\u00f6rfer und von dort hin\u00fcber \u00fcber die Grenze.<\/div><\/div>\t\t\t\t\t\t\t\t<\/div>\n\t\t\t\t<\/div>\n\t\t\t\t<div class=\"elementor-element elementor-element-b393616 elementor-widget elementor-widget-image\" data-id=\"b393616\" data-element_type=\"widget\" data-e-type=\"widget\" data-widget_type=\"image.default\">\n\t\t\t\t<div class=\"elementor-widget-container\">\n\t\t\t\t\t\t\t\t\t\t\t\t\t\t\t\t<a href=\"https:\/\/nimmerwo.ch\/wp-content\/uploads\/2021\/11\/DSC06494.jpg\" data-elementor-open-lightbox=\"yes\" data-e-action-hash=\"#elementor-action%3Aaction%3Dlightbox%26settings%3DeyJpZCI6NzkxMCwidXJsIjoiaHR0cHM6XC9cL25pbW1lcndvLmNoXC93cC1jb250ZW50XC91cGxvYWRzXC8yMDIxXC8xMVwvRFNDMDY0OTQuanBnIn0%3D\">\n\t\t\t\t\t\t\t<img loading=\"lazy\" decoding=\"async\" width=\"1024\" height=\"1024\" src=\"https:\/\/nimmerwo.ch\/wp-content\/uploads\/2021\/11\/DSC06494.jpg\" class=\"attachment-full size-full wp-image-7910\" alt=\"\" srcset=\"https:\/\/nimmerwo.ch\/wp-content\/uploads\/2021\/11\/DSC06494.jpg 1024w, https:\/\/nimmerwo.ch\/wp-content\/uploads\/2021\/11\/DSC06494-300x300.jpg 300w, https:\/\/nimmerwo.ch\/wp-content\/uploads\/2021\/11\/DSC06494-150x150.jpg 150w, https:\/\/nimmerwo.ch\/wp-content\/uploads\/2021\/11\/DSC06494-768x768.jpg 768w, https:\/\/nimmerwo.ch\/wp-content\/uploads\/2021\/11\/DSC06494-12x12.jpg 12w, https:\/\/nimmerwo.ch\/wp-content\/uploads\/2021\/11\/DSC06494-75x75.jpg 75w\" sizes=\"(max-width: 1024px) 100vw, 1024px\" \/>\t\t\t\t\t\t\t\t<\/a>\n\t\t\t\t\t\t\t\t\t\t\t\t\t\t\t<\/div>\n\t\t\t\t<\/div>\n\t\t\t\t<div class=\"elementor-element elementor-element-82b03ee elementor-widget elementor-widget-text-editor\" data-id=\"82b03ee\" data-element_type=\"widget\" data-e-type=\"widget\" data-widget_type=\"text-editor.default\">\n\t\t\t\t<div class=\"elementor-widget-container\">\n\t\t\t\t\t\t\t\t\t<div>Hier erwartet uns das riesige Anwesen der traditionellen Lipizzaner Pferdezucht, wovon das Dorf Lipica der Namensgeber ist. Die Geschichte des Gest\u00fcts Lipica reicht bis ins 16. Jahrhundert zur\u00fcck. Helle Pferde grasen zahlreich auf den Weiden um eine Anlage herum, die etwas sozialistisch verkommen anmutet, aber gleichzeitig reiches Klientel anzieht. Hotel mit Golfplatz inbegriffen.<\/div>\t\t\t\t\t\t\t\t<\/div>\n\t\t\t\t<\/div>\n\t\t\t\t<div class=\"elementor-element elementor-element-da93c34 elementor-widget elementor-widget-image\" data-id=\"da93c34\" data-element_type=\"widget\" data-e-type=\"widget\" data-widget_type=\"image.default\">\n\t\t\t\t<div class=\"elementor-widget-container\">\n\t\t\t\t\t\t\t\t\t\t\t\t\t\t\t\t<a href=\"https:\/\/nimmerwo.ch\/wp-content\/uploads\/2021\/11\/DSC06478.jpg\" data-elementor-open-lightbox=\"yes\" data-e-action-hash=\"#elementor-action%3Aaction%3Dlightbox%26settings%3DeyJpZCI6NzkwOCwidXJsIjoiaHR0cHM6XC9cL25pbW1lcndvLmNoXC93cC1jb250ZW50XC91cGxvYWRzXC8yMDIxXC8xMVwvRFNDMDY0NzguanBnIn0%3D\">\n\t\t\t\t\t\t\t<img loading=\"lazy\" decoding=\"async\" width=\"1024\" height=\"576\" src=\"https:\/\/nimmerwo.ch\/wp-content\/uploads\/2021\/11\/DSC06478.jpg\" class=\"attachment-full size-full wp-image-7908\" alt=\"\" srcset=\"https:\/\/nimmerwo.ch\/wp-content\/uploads\/2021\/11\/DSC06478.jpg 1024w, https:\/\/nimmerwo.ch\/wp-content\/uploads\/2021\/11\/DSC06478-300x169.jpg 300w, https:\/\/nimmerwo.ch\/wp-content\/uploads\/2021\/11\/DSC06478-768x432.jpg 768w, https:\/\/nimmerwo.ch\/wp-content\/uploads\/2021\/11\/DSC06478-18x10.jpg 18w\" sizes=\"(max-width: 1024px) 100vw, 1024px\" \/>\t\t\t\t\t\t\t\t<\/a>\n\t\t\t\t\t\t\t\t\t\t\t\t\t\t\t<\/div>\n\t\t\t\t<\/div>\n\t\t\t\t<div class=\"elementor-element elementor-element-6a8b9df elementor-widget elementor-widget-text-editor\" data-id=\"6a8b9df\" data-element_type=\"widget\" data-e-type=\"widget\" data-widget_type=\"text-editor.default\">\n\t\t\t\t<div class=\"elementor-widget-container\">\n\t\t\t\t\t\t\t\t\t<div>Wir ziehen weiter, wieder in die Berge hinauf. Ganz oben finden wir die Bergh\u00fctte Koko\u0161 vor. Ob wir ein k\u00fchles Bier m\u00f6chten, fragt uns der Besitzer. Ach, wenn&#8217;s denn sein muss \ud83d\ude09<\/div>\t\t\t\t\t\t\t\t<\/div>\n\t\t\t\t<\/div>\n\t\t\t\t<div class=\"elementor-element elementor-element-32e7099 elementor-widget elementor-widget-image\" data-id=\"32e7099\" data-element_type=\"widget\" data-e-type=\"widget\" data-widget_type=\"image.default\">\n\t\t\t\t<div class=\"elementor-widget-container\">\n\t\t\t\t\t\t\t\t\t\t\t\t\t\t\t\t<a href=\"https:\/\/nimmerwo.ch\/wp-content\/uploads\/2021\/11\/DSC06496.jpg\" data-elementor-open-lightbox=\"yes\" data-e-action-hash=\"#elementor-action%3Aaction%3Dlightbox%26settings%3DeyJpZCI6NzkxMSwidXJsIjoiaHR0cHM6XC9cL25pbW1lcndvLmNoXC93cC1jb250ZW50XC91cGxvYWRzXC8yMDIxXC8xMVwvRFNDMDY0OTYuanBnIn0%3D\">\n\t\t\t\t\t\t\t<img loading=\"lazy\" decoding=\"async\" width=\"682\" height=\"1024\" src=\"https:\/\/nimmerwo.ch\/wp-content\/uploads\/2021\/11\/DSC06496.jpg\" class=\"attachment-full size-full wp-image-7911\" alt=\"\" srcset=\"https:\/\/nimmerwo.ch\/wp-content\/uploads\/2021\/11\/DSC06496.jpg 682w, https:\/\/nimmerwo.ch\/wp-content\/uploads\/2021\/11\/DSC06496-200x300.jpg 200w, https:\/\/nimmerwo.ch\/wp-content\/uploads\/2021\/11\/DSC06496-8x12.jpg 8w\" sizes=\"(max-width: 682px) 100vw, 682px\" \/>\t\t\t\t\t\t\t\t<\/a>\n\t\t\t\t\t\t\t\t\t\t\t\t\t\t\t<\/div>\n\t\t\t\t<\/div>\n\t\t\t\t<div class=\"elementor-element elementor-element-2801337 elementor-widget elementor-widget-text-editor\" data-id=\"2801337\" data-element_type=\"widget\" data-e-type=\"widget\" data-widget_type=\"text-editor.default\">\n\t\t\t\t<div class=\"elementor-widget-container\">\n\t\t\t\t\t\t\t\t\t<div>So erfrischt sind wir, dass wir wieder einmal den falschen Pfad einschlagen. Wir den Hang wieder hoch und auf der anderen Seite hinunter. Noch befinden wir uns in Slowenien. Aber ein Steinwurf entfernt liegt bereits wieder italienisches Hoheitsgebiet. Jeden Tag queren wir die Grenze, hin und her dem Ziel des Alpe Adria Trails zu: Muggia.<\/div>\t\t\t\t\t\t\t\t<\/div>\n\t\t\t\t<\/div>\n\t\t\t\t<div class=\"elementor-element elementor-element-e121547 elementor-widget elementor-widget-image\" data-id=\"e121547\" data-element_type=\"widget\" data-e-type=\"widget\" data-widget_type=\"image.default\">\n\t\t\t\t<div class=\"elementor-widget-container\">\n\t\t\t\t\t\t\t\t\t\t\t\t\t\t\t\t<a href=\"https:\/\/nimmerwo.ch\/wp-content\/uploads\/2021\/11\/DSC06497.jpg\" data-elementor-open-lightbox=\"yes\" data-e-action-hash=\"#elementor-action%3Aaction%3Dlightbox%26settings%3DeyJpZCI6NzkxMiwidXJsIjoiaHR0cHM6XC9cL25pbW1lcndvLmNoXC93cC1jb250ZW50XC91cGxvYWRzXC8yMDIxXC8xMVwvRFNDMDY0OTcuanBnIn0%3D\">\n\t\t\t\t\t\t\t<img loading=\"lazy\" decoding=\"async\" width=\"1024\" height=\"682\" src=\"https:\/\/nimmerwo.ch\/wp-content\/uploads\/2021\/11\/DSC06497.jpg\" class=\"attachment-full size-full wp-image-7912\" alt=\"\" srcset=\"https:\/\/nimmerwo.ch\/wp-content\/uploads\/2021\/11\/DSC06497.jpg 1024w, https:\/\/nimmerwo.ch\/wp-content\/uploads\/2021\/11\/DSC06497-300x200.jpg 300w, https:\/\/nimmerwo.ch\/wp-content\/uploads\/2021\/11\/DSC06497-768x512.jpg 768w, https:\/\/nimmerwo.ch\/wp-content\/uploads\/2021\/11\/DSC06497-18x12.jpg 18w\" sizes=\"(max-width: 1024px) 100vw, 1024px\" \/>\t\t\t\t\t\t\t\t<\/a>\n\t\t\t\t\t\t\t\t\t\t\t\t\t\t\t<\/div>\n\t\t\t\t<\/div>\n\t\t\t\t<div class=\"elementor-element elementor-element-6010e3e elementor-widget elementor-widget-text-editor\" data-id=\"6010e3e\" data-element_type=\"widget\" data-e-type=\"widget\" data-widget_type=\"text-editor.default\">\n\t\t\t\t<div class=\"elementor-widget-container\">\n\t\t\t\t\t\t\t\t\t<div>Im Wald entdecken wir dank maps.me eine Wasserquelle. Ein guter Ort, unser Zelt aufzustellen.<\/div>\t\t\t\t\t\t\t\t<\/div>\n\t\t\t\t<\/div>\n\t\t\t\t<div class=\"elementor-element elementor-element-1027b8c elementor-widget elementor-widget-image\" data-id=\"1027b8c\" data-element_type=\"widget\" data-e-type=\"widget\" data-widget_type=\"image.default\">\n\t\t\t\t<div class=\"elementor-widget-container\">\n\t\t\t\t\t\t\t\t\t\t\t\t\t\t\t\t<a href=\"https:\/\/nimmerwo.ch\/wp-content\/uploads\/2021\/10\/18.jpg\" data-elementor-open-lightbox=\"yes\" data-e-action-hash=\"#elementor-action%3Aaction%3Dlightbox%26settings%3DeyJpZCI6Nzc1MywidXJsIjoiaHR0cHM6XC9cL25pbW1lcndvLmNoXC93cC1jb250ZW50XC91cGxvYWRzXC8yMDIxXC8xMFwvMTguanBnIn0%3D\">\n\t\t\t\t\t\t\t<img loading=\"lazy\" decoding=\"async\" width=\"1024\" height=\"377\" src=\"https:\/\/nimmerwo.ch\/wp-content\/uploads\/2021\/10\/18.jpg\" class=\"attachment-full size-full wp-image-7753\" alt=\"\" srcset=\"https:\/\/nimmerwo.ch\/wp-content\/uploads\/2021\/10\/18.jpg 1024w, https:\/\/nimmerwo.ch\/wp-content\/uploads\/2021\/10\/18-300x110.jpg 300w, https:\/\/nimmerwo.ch\/wp-content\/uploads\/2021\/10\/18-768x283.jpg 768w, https:\/\/nimmerwo.ch\/wp-content\/uploads\/2021\/10\/18-18x7.jpg 18w\" sizes=\"(max-width: 1024px) 100vw, 1024px\" \/>\t\t\t\t\t\t\t\t<\/a>\n\t\t\t\t\t\t\t\t\t\t\t\t\t\t\t<\/div>\n\t\t\t\t<\/div>\n\t\t\t\t<div class=\"elementor-element elementor-element-faedae1 elementor-widget elementor-widget-text-editor\" data-id=\"faedae1\" data-element_type=\"widget\" data-e-type=\"widget\" data-widget_type=\"text-editor.default\">\n\t\t\t\t<div class=\"elementor-widget-container\">\n\t\t\t\t\t\t\t\t\t<h3 style=\"text-align: center;\">Highlight des Tages<\/h3><div style=\"text-align: center;\"><em>Soll ich Lipica sagen? Die Pferde waren anmutig anzuschauen. Aber das ganze Anwesen empfanden wir als etwas seltsam. Uns gef\u00e4llt&#8217;s halt besser in den Bergen. Und da es in Slowenien nicht sehr viele davon gibt, war wohl unser Highlight des Tages die Bergh\u00fctte Koko\u0161, umgeben von Sonne und Pinien.<\/em><\/div>\t\t\t\t\t\t\t\t<\/div>\n\t\t\t\t<\/div>\n\t\t\t\t<div class=\"elementor-element elementor-element-7a9d794 elementor-widget elementor-widget-video\" data-id=\"7a9d794\" data-element_type=\"widget\" data-e-type=\"widget\" data-settings=\"{&quot;youtube_url&quot;:&quot;https:\\\/\\\/youtu.be\\\/_uRLK6oCpNo&quot;,&quot;yt_privacy&quot;:&quot;yes&quot;,&quot;lazy_load&quot;:&quot;yes&quot;,&quot;show_image_overlay&quot;:&quot;yes&quot;,&quot;image_overlay&quot;:{&quot;url&quot;:&quot;https:\\\/\\\/nimmerwo.ch\\\/wp-content\\\/uploads\\\/2021\\\/11\\\/DSC06489.jpg&quot;,&quot;id&quot;:7909,&quot;size&quot;:&quot;&quot;,&quot;alt&quot;:&quot;&quot;,&quot;source&quot;:&quot;library&quot;},&quot;video_type&quot;:&quot;youtube&quot;,&quot;controls&quot;:&quot;yes&quot;}\" data-widget_type=\"video.default\">\n\t\t\t\t<div class=\"elementor-widget-container\">\n\t\t\t\t\t\t\t<div class=\"elementor-wrapper elementor-open-inline\">\n\t\t\t<div class=\"elementor-video\"><\/div>\t\t\t\t<div class=\"elementor-custom-embed-image-overlay\" style=\"background-image: url(https:\/\/nimmerwo.ch\/wp-content\/uploads\/2021\/11\/DSC06489.jpg);\">\n\t\t\t\t\t\t\t\t\t\t\t\t\t\t\t\t<div class=\"elementor-custom-embed-play\" role=\"button\" aria-label=\"Video abspielen\" tabindex=\"0\">\n\t\t\t\t\t\t\t<i aria-hidden=\"true\" class=\"eicon-play\"><\/i>\t\t\t\t\t\t<\/div>\n\t\t\t\t\t\t\t\t\t<\/div>\n\t\t\t\t\t<\/div>\n\t\t\t\t\t\t<\/div>\n\t\t\t\t<\/div>\n\t\t\t\t<div class=\"elementor-element elementor-element-725466d elementor-widget-divider--view-line elementor-widget elementor-widget-divider\" data-id=\"725466d\" data-element_type=\"widget\" data-e-type=\"widget\" data-widget_type=\"divider.default\">\n\t\t\t\t<div class=\"elementor-widget-container\">\n\t\t\t\t\t\t\t<div class=\"elementor-divider\">\n\t\t\t<span class=\"elementor-divider-separator\">\n\t\t\t\t\t\t<\/span>\n\t\t<\/div>\n\t\t\t\t\t\t<\/div>\n\t\t\t\t<\/div>\n\t\t\t\t<div class=\"elementor-element elementor-element-a403f9f elementor-widget elementor-widget-text-editor\" data-id=\"a403f9f\" data-element_type=\"widget\" data-e-type=\"widget\" data-widget_type=\"text-editor.default\">\n\t\t\t\t<div class=\"elementor-widget-container\">\n\t\t\t\t\t\t\t\t\t<h3>Tag 19 &#8211; Etappe 36\/37 des Alpe Adria Trails, 19 km &#8211; Auf zur letzten Etappe<\/h3><div><div>Wieder erwachen wir zu einem sonnigen Tag. Entlang der Grenze spazieren wir durch Slowenien, kreuzen bald nach Italien hin\u00fcber und stehen vor dem spektakul\u00e4ren Rosandratal. Wow! Was f\u00fcr eine Aussicht. Wir w\u00e4hnen uns beinahe im Westen der USA.<\/div><\/div>\t\t\t\t\t\t\t\t<\/div>\n\t\t\t\t<\/div>\n\t\t\t\t<div class=\"elementor-element elementor-element-391b2e6 elementor-widget elementor-widget-image\" data-id=\"391b2e6\" data-element_type=\"widget\" data-e-type=\"widget\" data-widget_type=\"image.default\">\n\t\t\t\t<div class=\"elementor-widget-container\">\n\t\t\t\t\t\t\t\t\t\t\t\t\t\t\t\t<a href=\"https:\/\/nimmerwo.ch\/wp-content\/uploads\/2021\/11\/DSC06504.jpg\" data-elementor-open-lightbox=\"yes\" data-e-action-hash=\"#elementor-action%3Aaction%3Dlightbox%26settings%3DeyJpZCI6NzkxNCwidXJsIjoiaHR0cHM6XC9cL25pbW1lcndvLmNoXC93cC1jb250ZW50XC91cGxvYWRzXC8yMDIxXC8xMVwvRFNDMDY1MDQuanBnIn0%3D\">\n\t\t\t\t\t\t\t<img loading=\"lazy\" decoding=\"async\" width=\"1024\" height=\"682\" src=\"https:\/\/nimmerwo.ch\/wp-content\/uploads\/2021\/11\/DSC06504.jpg\" class=\"attachment-full size-full wp-image-7914\" alt=\"\" srcset=\"https:\/\/nimmerwo.ch\/wp-content\/uploads\/2021\/11\/DSC06504.jpg 1024w, https:\/\/nimmerwo.ch\/wp-content\/uploads\/2021\/11\/DSC06504-300x200.jpg 300w, https:\/\/nimmerwo.ch\/wp-content\/uploads\/2021\/11\/DSC06504-768x512.jpg 768w, https:\/\/nimmerwo.ch\/wp-content\/uploads\/2021\/11\/DSC06504-18x12.jpg 18w\" sizes=\"(max-width: 1024px) 100vw, 1024px\" \/>\t\t\t\t\t\t\t\t<\/a>\n\t\t\t\t\t\t\t\t\t\t\t\t\t\t\t<\/div>\n\t\t\t\t<\/div>\n\t\t\t\t<div class=\"elementor-element elementor-element-10a1464 elementor-widget elementor-widget-text-editor\" data-id=\"10a1464\" data-element_type=\"widget\" data-e-type=\"widget\" data-widget_type=\"text-editor.default\">\n\t\t\t\t<div class=\"elementor-widget-container\">\n\t\t\t\t\t\t\t\t\t<div>Die Wanderroute f\u00fchrt uns quer durchs felsige Tal hinab nach Bagnoli della Rosandra, wo die letzte Etappe des Alpe Adria Trails startet. Das Rosandratal ist bekannt. Pl\u00f6tzlich sind wir nicht mehr die einzigen auf dem Weg. Wie schon einmal erw\u00e4hnt: Wo es Wasser gibt, sind auch Menschen. Auch wenn der Fluss, der das Tal geformt hat, wenig Wasser f\u00fchrt, baden k\u00f6nnen sie hier trotzdem.<\/div>\t\t\t\t\t\t\t\t<\/div>\n\t\t\t\t<\/div>\n\t\t\t\t<div class=\"elementor-element elementor-element-5c7fbc3 elementor-widget elementor-widget-image\" data-id=\"5c7fbc3\" data-element_type=\"widget\" data-e-type=\"widget\" data-widget_type=\"image.default\">\n\t\t\t\t<div class=\"elementor-widget-container\">\n\t\t\t\t\t\t\t\t\t\t\t\t\t\t\t\t<a href=\"https:\/\/nimmerwo.ch\/wp-content\/uploads\/2021\/11\/DSC06512.jpg\" data-elementor-open-lightbox=\"yes\" data-e-action-hash=\"#elementor-action%3Aaction%3Dlightbox%26settings%3DeyJpZCI6NzkxNSwidXJsIjoiaHR0cHM6XC9cL25pbW1lcndvLmNoXC93cC1jb250ZW50XC91cGxvYWRzXC8yMDIxXC8xMVwvRFNDMDY1MTIuanBnIn0%3D\">\n\t\t\t\t\t\t\t<img loading=\"lazy\" decoding=\"async\" width=\"1024\" height=\"682\" src=\"https:\/\/nimmerwo.ch\/wp-content\/uploads\/2021\/11\/DSC06512.jpg\" class=\"attachment-full size-full wp-image-7915\" alt=\"\" srcset=\"https:\/\/nimmerwo.ch\/wp-content\/uploads\/2021\/11\/DSC06512.jpg 1024w, https:\/\/nimmerwo.ch\/wp-content\/uploads\/2021\/11\/DSC06512-300x200.jpg 300w, https:\/\/nimmerwo.ch\/wp-content\/uploads\/2021\/11\/DSC06512-768x512.jpg 768w, https:\/\/nimmerwo.ch\/wp-content\/uploads\/2021\/11\/DSC06512-18x12.jpg 18w\" sizes=\"(max-width: 1024px) 100vw, 1024px\" \/>\t\t\t\t\t\t\t\t<\/a>\n\t\t\t\t\t\t\t\t\t\t\t\t\t\t\t<\/div>\n\t\t\t\t<\/div>\n\t\t\t\t<div class=\"elementor-element elementor-element-d420450 elementor-widget elementor-widget-text-editor\" data-id=\"d420450\" data-element_type=\"widget\" data-e-type=\"widget\" data-widget_type=\"text-editor.default\">\n\t\t\t\t<div class=\"elementor-widget-container\">\n\t\t\t\t\t\t\t\t\t<div>Im Dorf kaufen wir f\u00fcr heute Abend und das Morgenessen ein. Dann, wie gehabt, auf zum Friehof, Wasser tanken und hoch in die Berge. Steil k\u00e4mpfen wir uns den ger\u00f6lligen Pfad hoch, bis wir bei der Burg Socerb ankommen. Die Ruine beeindruckt uns wenig, leider ist das Restaurant geschlossen. Auch die weite Sicht auf Trieste war schon sch\u00f6ner. Viel Industrie ist von hier zu sehen.<\/div>\t\t\t\t\t\t\t\t<\/div>\n\t\t\t\t<\/div>\n\t\t\t\t<div class=\"elementor-element elementor-element-62fbc52 elementor-widget elementor-widget-image\" data-id=\"62fbc52\" data-element_type=\"widget\" data-e-type=\"widget\" data-widget_type=\"image.default\">\n\t\t\t\t<div class=\"elementor-widget-container\">\n\t\t\t\t\t\t\t\t\t\t\t\t\t\t\t\t<a href=\"https:\/\/nimmerwo.ch\/wp-content\/uploads\/2021\/11\/DSC06523.jpg\" data-elementor-open-lightbox=\"yes\" data-e-action-hash=\"#elementor-action%3Aaction%3Dlightbox%26settings%3DeyJpZCI6NzkxOCwidXJsIjoiaHR0cHM6XC9cL25pbW1lcndvLmNoXC93cC1jb250ZW50XC91cGxvYWRzXC8yMDIxXC8xMVwvRFNDMDY1MjMuanBnIn0%3D\">\n\t\t\t\t\t\t\t<img loading=\"lazy\" decoding=\"async\" width=\"1024\" height=\"682\" src=\"https:\/\/nimmerwo.ch\/wp-content\/uploads\/2021\/11\/DSC06523.jpg\" class=\"attachment-full size-full wp-image-7918\" alt=\"\" srcset=\"https:\/\/nimmerwo.ch\/wp-content\/uploads\/2021\/11\/DSC06523.jpg 1024w, https:\/\/nimmerwo.ch\/wp-content\/uploads\/2021\/11\/DSC06523-300x200.jpg 300w, https:\/\/nimmerwo.ch\/wp-content\/uploads\/2021\/11\/DSC06523-768x512.jpg 768w, https:\/\/nimmerwo.ch\/wp-content\/uploads\/2021\/11\/DSC06523-18x12.jpg 18w\" sizes=\"(max-width: 1024px) 100vw, 1024px\" \/>\t\t\t\t\t\t\t\t<\/a>\n\t\t\t\t\t\t\t\t\t\t\t\t\t\t\t<\/div>\n\t\t\t\t<\/div>\n\t\t\t\t<div class=\"elementor-element elementor-element-9a0a977 elementor-widget elementor-widget-text-editor\" data-id=\"9a0a977\" data-element_type=\"widget\" data-e-type=\"widget\" data-widget_type=\"text-editor.default\">\n\t\t\t\t<div class=\"elementor-widget-container\">\n\t\t\t\t\t\t\t\t\t<div>Auf der anderen Seite ersp\u00e4hen wir jedoch unser vorl\u00e4ufiges Ziel, das wir morgen erreichen sollten. Zun\u00e4chst f\u00fchrt uns der Weg wieder steil hinab, dass es brennt in den Knien. In Osp finden wir ein Restaurant, zu dem ein kleiner Zeltplatz geh\u00f6rt. Sollen wir es uns hier gem\u00fctlich machen? Nein, ein letztes Mal wollen wir in der Wildnis \u00fcbernachten.<\/div>\t\t\t\t\t\t\t\t<\/div>\n\t\t\t\t<\/div>\n\t\t\t\t<div class=\"elementor-element elementor-element-0fe111f elementor-widget elementor-widget-image\" data-id=\"0fe111f\" data-element_type=\"widget\" data-e-type=\"widget\" data-widget_type=\"image.default\">\n\t\t\t\t<div class=\"elementor-widget-container\">\n\t\t\t\t\t\t\t\t\t\t\t\t\t\t\t\t<a href=\"https:\/\/nimmerwo.ch\/wp-content\/uploads\/2021\/10\/signal-2021-08-20-142741-10.jpg\" data-elementor-open-lightbox=\"yes\" data-e-action-hash=\"#elementor-action%3Aaction%3Dlightbox%26settings%3DeyJpZCI6Nzk1MywidXJsIjoiaHR0cHM6XC9cL25pbW1lcndvLmNoXC93cC1jb250ZW50XC91cGxvYWRzXC8yMDIxXC8xMFwvc2lnbmFsLTIwMjEtMDgtMjAtMTQyNzQxLTEwLmpwZyJ9\">\n\t\t\t\t\t\t\t<img loading=\"lazy\" decoding=\"async\" width=\"1024\" height=\"576\" src=\"https:\/\/nimmerwo.ch\/wp-content\/uploads\/2021\/10\/signal-2021-08-20-142741-10.jpg\" class=\"attachment-full size-full wp-image-7953\" alt=\"Letzte Etappe auf dem Alpe Adria Trail\" srcset=\"https:\/\/nimmerwo.ch\/wp-content\/uploads\/2021\/10\/signal-2021-08-20-142741-10.jpg 1024w, https:\/\/nimmerwo.ch\/wp-content\/uploads\/2021\/10\/signal-2021-08-20-142741-10-300x169.jpg 300w, https:\/\/nimmerwo.ch\/wp-content\/uploads\/2021\/10\/signal-2021-08-20-142741-10-768x432.jpg 768w, https:\/\/nimmerwo.ch\/wp-content\/uploads\/2021\/10\/signal-2021-08-20-142741-10-18x10.jpg 18w\" sizes=\"(max-width: 1024px) 100vw, 1024px\" \/>\t\t\t\t\t\t\t\t<\/a>\n\t\t\t\t\t\t\t\t\t\t\t\t\t\t\t<\/div>\n\t\t\t\t<\/div>\n\t\t\t\t<div class=\"elementor-element elementor-element-28bbeb7 elementor-widget elementor-widget-text-editor\" data-id=\"28bbeb7\" data-element_type=\"widget\" data-e-type=\"widget\" data-widget_type=\"text-editor.default\">\n\t\t\t\t<div class=\"elementor-widget-container\">\n\t\t\t\t\t\t\t\t\t<div>Einen Teil des n\u00e4chsten Aufstiegs schaffen wir heute noch. Wir legen uns in die Wiese am Waldrand und betrachten den Sternenhimmel. Pl\u00f6tzlich h\u00f6ren wir den Fl\u00fcgelschlag eines grossen Vogels, der genau im Baum \u00fcber uns landet. Vorsichtig leuchte ich mit der Taschenlampe hinauf. Echt jetzt? Da sitzt wahrhaftig eine Eule auf dem Ast. Ich schalte die Taschelampe wieder aus.<\/div><div>Wir sind mucksm\u00e4uschenstill und lauschen der Nacht. Nach einer Weile vernehmen wir die Fl\u00fcgelschl\u00e4ge wieder. Da fliegt sie hin, unsere Gastgeberin.<\/div>\t\t\t\t\t\t\t\t<\/div>\n\t\t\t\t<\/div>\n\t\t\t\t<div class=\"elementor-element elementor-element-b239a5a elementor-widget elementor-widget-image\" data-id=\"b239a5a\" data-element_type=\"widget\" data-e-type=\"widget\" data-widget_type=\"image.default\">\n\t\t\t\t<div class=\"elementor-widget-container\">\n\t\t\t\t\t\t\t\t\t\t\t\t\t\t\t\t<a href=\"https:\/\/nimmerwo.ch\/wp-content\/uploads\/2021\/10\/19a.jpg\" data-elementor-open-lightbox=\"yes\" data-e-action-hash=\"#elementor-action%3Aaction%3Dlightbox%26settings%3DeyJpZCI6Nzc1NCwidXJsIjoiaHR0cHM6XC9cL25pbW1lcndvLmNoXC93cC1jb250ZW50XC91cGxvYWRzXC8yMDIxXC8xMFwvMTlhLmpwZyJ9\">\n\t\t\t\t\t\t\t<img loading=\"lazy\" decoding=\"async\" width=\"1024\" height=\"383\" src=\"https:\/\/nimmerwo.ch\/wp-content\/uploads\/2021\/10\/19a.jpg\" class=\"attachment-full size-full wp-image-7754\" alt=\"\" srcset=\"https:\/\/nimmerwo.ch\/wp-content\/uploads\/2021\/10\/19a.jpg 1024w, https:\/\/nimmerwo.ch\/wp-content\/uploads\/2021\/10\/19a-300x112.jpg 300w, https:\/\/nimmerwo.ch\/wp-content\/uploads\/2021\/10\/19a-768x287.jpg 768w, https:\/\/nimmerwo.ch\/wp-content\/uploads\/2021\/10\/19a-18x7.jpg 18w\" sizes=\"(max-width: 1024px) 100vw, 1024px\" \/>\t\t\t\t\t\t\t\t<\/a>\n\t\t\t\t\t\t\t\t\t\t\t\t\t\t\t<\/div>\n\t\t\t\t<\/div>\n\t\t\t\t<div class=\"elementor-element elementor-element-038992e elementor-widget elementor-widget-image\" data-id=\"038992e\" data-element_type=\"widget\" data-e-type=\"widget\" data-widget_type=\"image.default\">\n\t\t\t\t<div class=\"elementor-widget-container\">\n\t\t\t\t\t\t\t\t\t\t\t\t\t\t\t\t<a href=\"https:\/\/nimmerwo.ch\/wp-content\/uploads\/2021\/10\/19b.jpg\" data-elementor-open-lightbox=\"yes\" data-e-action-hash=\"#elementor-action%3Aaction%3Dlightbox%26settings%3DeyJpZCI6Nzc1NSwidXJsIjoiaHR0cHM6XC9cL25pbW1lcndvLmNoXC93cC1jb250ZW50XC91cGxvYWRzXC8yMDIxXC8xMFwvMTliLmpwZyJ9\">\n\t\t\t\t\t\t\t<img loading=\"lazy\" decoding=\"async\" width=\"590\" height=\"1024\" src=\"https:\/\/nimmerwo.ch\/wp-content\/uploads\/2021\/10\/19b.jpg\" class=\"attachment-full size-full wp-image-7755\" alt=\"\" srcset=\"https:\/\/nimmerwo.ch\/wp-content\/uploads\/2021\/10\/19b.jpg 590w, https:\/\/nimmerwo.ch\/wp-content\/uploads\/2021\/10\/19b-173x300.jpg 173w, https:\/\/nimmerwo.ch\/wp-content\/uploads\/2021\/10\/19b-7x12.jpg 7w\" sizes=\"(max-width: 590px) 100vw, 590px\" \/>\t\t\t\t\t\t\t\t<\/a>\n\t\t\t\t\t\t\t\t\t\t\t\t\t\t\t<\/div>\n\t\t\t\t<\/div>\n\t\t\t\t<div class=\"elementor-element elementor-element-dd31f4b elementor-widget elementor-widget-text-editor\" data-id=\"dd31f4b\" data-element_type=\"widget\" data-e-type=\"widget\" data-widget_type=\"text-editor.default\">\n\t\t\t\t<div class=\"elementor-widget-container\">\n\t\t\t\t\t\t\t\t\t<h3 style=\"text-align: center;\">Highlight des Tages<\/h3><div style=\"text-align: center;\"><div><div><em>Das Rosandratal mit seinen sch\u00f6nen Badestellen. Aber auch das Erlebnis mit der Eule, der K\u00f6nigin der Nacht.<\/em><\/div><\/div><\/div>\t\t\t\t\t\t\t\t<\/div>\n\t\t\t\t<\/div>\n\t\t\t\t<div class=\"elementor-element elementor-element-5415169 elementor-widget elementor-widget-image\" data-id=\"5415169\" data-element_type=\"widget\" data-e-type=\"widget\" data-widget_type=\"image.default\">\n\t\t\t\t<div class=\"elementor-widget-container\">\n\t\t\t\t\t\t\t\t\t\t\t\t<figure class=\"wp-caption\">\n\t\t\t\t\t\t\t\t\t\t\t<a href=\"https:\/\/nimmerwo.ch\/wp-content\/uploads\/2021\/11\/DSC06537.jpg\" data-elementor-open-lightbox=\"yes\" data-elementor-lightbox-description=\"Am Ende werden langsam die Beine schwer ;-)\" data-e-action-hash=\"#elementor-action%3Aaction%3Dlightbox%26settings%3DeyJpZCI6NzkyMCwidXJsIjoiaHR0cHM6XC9cL25pbW1lcndvLmNoXC93cC1jb250ZW50XC91cGxvYWRzXC8yMDIxXC8xMVwvRFNDMDY1MzcuanBnIn0%3D\">\n\t\t\t\t\t\t\t<img loading=\"lazy\" decoding=\"async\" width=\"1024\" height=\"682\" src=\"https:\/\/nimmerwo.ch\/wp-content\/uploads\/2021\/11\/DSC06537.jpg\" class=\"attachment-full size-full wp-image-7920\" alt=\"\" srcset=\"https:\/\/nimmerwo.ch\/wp-content\/uploads\/2021\/11\/DSC06537.jpg 1024w, https:\/\/nimmerwo.ch\/wp-content\/uploads\/2021\/11\/DSC06537-300x200.jpg 300w, https:\/\/nimmerwo.ch\/wp-content\/uploads\/2021\/11\/DSC06537-768x512.jpg 768w, https:\/\/nimmerwo.ch\/wp-content\/uploads\/2021\/11\/DSC06537-18x12.jpg 18w\" sizes=\"(max-width: 1024px) 100vw, 1024px\" \/>\t\t\t\t\t\t\t\t<\/a>\n\t\t\t\t\t\t\t\t\t\t\t<figcaption class=\"widget-image-caption wp-caption-text\">Am Ende werden langsam die Beine schwer \ud83d\ude09<\/figcaption>\n\t\t\t\t\t\t\t\t\t\t<\/figure>\n\t\t\t\t\t\t\t\t\t<\/div>\n\t\t\t\t<\/div>\n\t\t\t\t<div class=\"elementor-element elementor-element-8d50c9d elementor-widget-divider--view-line elementor-widget elementor-widget-divider\" data-id=\"8d50c9d\" data-element_type=\"widget\" data-e-type=\"widget\" data-widget_type=\"divider.default\">\n\t\t\t\t<div class=\"elementor-widget-container\">\n\t\t\t\t\t\t\t<div class=\"elementor-divider\">\n\t\t\t<span class=\"elementor-divider-separator\">\n\t\t\t\t\t\t<\/span>\n\t\t<\/div>\n\t\t\t\t\t\t<\/div>\n\t\t\t\t<\/div>\n\t\t\t\t<div class=\"elementor-element elementor-element-cc84258 elementor-widget elementor-widget-text-editor\" data-id=\"cc84258\" data-element_type=\"widget\" data-e-type=\"widget\" data-widget_type=\"text-editor.default\">\n\t\t\t\t<div class=\"elementor-widget-container\">\n\t\t\t\t\t\t\t\t\t<h3>Tag 20 &#8211; Etappe 37 des Alpe Adria Trails, 17 km &#8211; Ende des Trails<\/h3><div><div>Nach der letzten Steigung folgt &#8211; na, was? &#8211; noch ein letzter Anstieg. Mit Kaffee und Fr\u00fchst\u00fccksbrot gest\u00e4rkt packen wir ihn an. Durch das Dorf Tinjan spazieren wir hinunter ins Meer. Und dann endlich marschieren wir im Altst\u00e4dtchen von Muggia ein, hocherhobenen Hauptes. Nicht, dass es irgendjemandem auffiele.<\/div><\/div>\t\t\t\t\t\t\t\t<\/div>\n\t\t\t\t<\/div>\n\t\t\t\t<div class=\"elementor-element elementor-element-fe86f8d elementor-widget elementor-widget-image\" data-id=\"fe86f8d\" data-element_type=\"widget\" data-e-type=\"widget\" data-widget_type=\"image.default\">\n\t\t\t\t<div class=\"elementor-widget-container\">\n\t\t\t\t\t\t\t\t\t\t\t\t\t\t\t\t<a href=\"https:\/\/nimmerwo.ch\/wp-content\/uploads\/2021\/11\/DSC06550.jpg\" data-elementor-open-lightbox=\"yes\" data-e-action-hash=\"#elementor-action%3Aaction%3Dlightbox%26settings%3DeyJpZCI6NzkyMSwidXJsIjoiaHR0cHM6XC9cL25pbW1lcndvLmNoXC93cC1jb250ZW50XC91cGxvYWRzXC8yMDIxXC8xMVwvRFNDMDY1NTAuanBnIn0%3D\">\n\t\t\t\t\t\t\t<img loading=\"lazy\" decoding=\"async\" width=\"1024\" height=\"576\" src=\"https:\/\/nimmerwo.ch\/wp-content\/uploads\/2021\/11\/DSC06550.jpg\" class=\"attachment-full size-full wp-image-7921\" alt=\"\" srcset=\"https:\/\/nimmerwo.ch\/wp-content\/uploads\/2021\/11\/DSC06550.jpg 1024w, https:\/\/nimmerwo.ch\/wp-content\/uploads\/2021\/11\/DSC06550-300x169.jpg 300w, https:\/\/nimmerwo.ch\/wp-content\/uploads\/2021\/11\/DSC06550-768x432.jpg 768w, https:\/\/nimmerwo.ch\/wp-content\/uploads\/2021\/11\/DSC06550-18x10.jpg 18w\" sizes=\"(max-width: 1024px) 100vw, 1024px\" \/>\t\t\t\t\t\t\t\t<\/a>\n\t\t\t\t\t\t\t\t\t\t\t\t\t\t\t<\/div>\n\t\t\t\t<\/div>\n\t\t\t\t<div class=\"elementor-element elementor-element-4cb96f3 elementor-widget elementor-widget-text-editor\" data-id=\"4cb96f3\" data-element_type=\"widget\" data-e-type=\"widget\" data-widget_type=\"text-editor.default\">\n\t\t\t\t<div class=\"elementor-widget-container\">\n\t\t\t\t\t\t\t\t\t<div>Aber wir haben es tats\u00e4chlich geschafft. Nicht den gesamten, aber immerhin den slowenischen und italienischen Teil des Alpe Adria Trails.\u00a0<\/div><div>Wir haben Gefallen gefunden am erfrischenden gespritzten Weissen, den man hier f\u00fcr etwa 2 Euros bekommt, und stossen an.<\/div>\t\t\t\t\t\t\t\t<\/div>\n\t\t\t\t<\/div>\n\t\t\t\t<div class=\"elementor-element elementor-element-bee485b elementor-widget elementor-widget-image\" data-id=\"bee485b\" data-element_type=\"widget\" data-e-type=\"widget\" data-widget_type=\"image.default\">\n\t\t\t\t<div class=\"elementor-widget-container\">\n\t\t\t\t\t\t\t\t\t\t\t\t<figure class=\"wp-caption\">\n\t\t\t\t\t\t\t\t\t\t\t<a href=\"https:\/\/nimmerwo.ch\/wp-content\/uploads\/2021\/11\/DSC06555.jpg\" data-elementor-open-lightbox=\"yes\" data-elementor-lightbox-description=\"Am Ende des Alpe Adria Trails\" data-e-action-hash=\"#elementor-action%3Aaction%3Dlightbox%26settings%3DeyJpZCI6NzkyMiwidXJsIjoiaHR0cHM6XC9cL25pbW1lcndvLmNoXC93cC1jb250ZW50XC91cGxvYWRzXC8yMDIxXC8xMVwvRFNDMDY1NTUuanBnIn0%3D\">\n\t\t\t\t\t\t\t<img loading=\"lazy\" decoding=\"async\" width=\"1024\" height=\"682\" src=\"https:\/\/nimmerwo.ch\/wp-content\/uploads\/2021\/11\/DSC06555.jpg\" class=\"attachment-full size-full wp-image-7922\" alt=\"Am Ende des Alpe Adria Trails\" srcset=\"https:\/\/nimmerwo.ch\/wp-content\/uploads\/2021\/11\/DSC06555.jpg 1024w, https:\/\/nimmerwo.ch\/wp-content\/uploads\/2021\/11\/DSC06555-300x200.jpg 300w, https:\/\/nimmerwo.ch\/wp-content\/uploads\/2021\/11\/DSC06555-768x512.jpg 768w, https:\/\/nimmerwo.ch\/wp-content\/uploads\/2021\/11\/DSC06555-18x12.jpg 18w\" sizes=\"(max-width: 1024px) 100vw, 1024px\" \/>\t\t\t\t\t\t\t\t<\/a>\n\t\t\t\t\t\t\t\t\t\t\t<figcaption class=\"widget-image-caption wp-caption-text\">Am Ende des Alpe Adria Trails<\/figcaption>\n\t\t\t\t\t\t\t\t\t\t<\/figure>\n\t\t\t\t\t\t\t\t\t<\/div>\n\t\t\t\t<\/div>\n\t\t\t\t<div class=\"elementor-element elementor-element-0ac406e elementor-widget elementor-widget-text-editor\" data-id=\"0ac406e\" data-element_type=\"widget\" data-e-type=\"widget\" data-widget_type=\"text-editor.default\">\n\t\t\t\t<div class=\"elementor-widget-container\">\n\t\t\t\t\t\t\t\t\t<div>Es ist Mittag. Der Trail ist zu Ende, aber unsere Wanderung noch lange nicht. Nachdem wir uns Muggia angeguckt, Pizze und Gelati vertilgt haben, gehen wir abermals \u00fcber einen H\u00fcgel, zur\u00fcck nach Slowenien, und quartieren uns f\u00fcr eine Nacht auf einem zweckm\u00e4ssigen Campground vor Koper, Sloweniens grosser Hafenstadt, ein.<\/div>\t\t\t\t\t\t\t\t<\/div>\n\t\t\t\t<\/div>\n\t\t\t\t<div class=\"elementor-element elementor-element-321dbb8 elementor-widget elementor-widget-image\" data-id=\"321dbb8\" data-element_type=\"widget\" data-e-type=\"widget\" data-widget_type=\"image.default\">\n\t\t\t\t<div class=\"elementor-widget-container\">\n\t\t\t\t\t\t\t\t\t\t\t\t\t\t\t\t<a href=\"https:\/\/nimmerwo.ch\/wp-content\/uploads\/2021\/11\/DSC06564.jpg\" data-elementor-open-lightbox=\"yes\" data-e-action-hash=\"#elementor-action%3Aaction%3Dlightbox%26settings%3DeyJpZCI6NzkyMywidXJsIjoiaHR0cHM6XC9cL25pbW1lcndvLmNoXC93cC1jb250ZW50XC91cGxvYWRzXC8yMDIxXC8xMVwvRFNDMDY1NjQuanBnIn0%3D\">\n\t\t\t\t\t\t\t<img loading=\"lazy\" decoding=\"async\" width=\"1024\" height=\"682\" src=\"https:\/\/nimmerwo.ch\/wp-content\/uploads\/2021\/11\/DSC06564.jpg\" class=\"attachment-full size-full wp-image-7923\" alt=\"\" srcset=\"https:\/\/nimmerwo.ch\/wp-content\/uploads\/2021\/11\/DSC06564.jpg 1024w, https:\/\/nimmerwo.ch\/wp-content\/uploads\/2021\/11\/DSC06564-300x200.jpg 300w, https:\/\/nimmerwo.ch\/wp-content\/uploads\/2021\/11\/DSC06564-768x512.jpg 768w, https:\/\/nimmerwo.ch\/wp-content\/uploads\/2021\/11\/DSC06564-18x12.jpg 18w\" sizes=\"(max-width: 1024px) 100vw, 1024px\" \/>\t\t\t\t\t\t\t\t<\/a>\n\t\t\t\t\t\t\t\t\t\t\t\t\t\t\t<\/div>\n\t\t\t\t<\/div>\n\t\t\t\t<div class=\"elementor-element elementor-element-7b9e4db elementor-widget elementor-widget-text-editor\" data-id=\"7b9e4db\" data-element_type=\"widget\" data-e-type=\"widget\" data-widget_type=\"text-editor.default\">\n\t\t\t\t<div class=\"elementor-widget-container\">\n\t\t\t\t\t\t\t\t\t<div>Von hier wollen wir morgen den Bus, bzw. mehrere Busse nach Piran nehmen. Wir \u00fcberspringen diesen Teil der Strecke bewusst, um nicht kilometerweit dem Hafengebiet von Koper zu folgen. Weiterwandern k\u00f6nnen wir vom sch\u00f6nen St\u00e4dtchen Piran aus, von wo es nur noch wenige Stunden bis zur kroatischen Grenze w\u00e4ren.<\/div>\t\t\t\t\t\t\t\t<\/div>\n\t\t\t\t<\/div>\n\t\t\t\t<div class=\"elementor-element elementor-element-df0333f elementor-widget elementor-widget-image\" data-id=\"df0333f\" data-element_type=\"widget\" data-e-type=\"widget\" data-widget_type=\"image.default\">\n\t\t\t\t<div class=\"elementor-widget-container\">\n\t\t\t\t\t\t\t\t\t\t\t\t\t\t\t\t<a href=\"https:\/\/nimmerwo.ch\/wp-content\/uploads\/2021\/10\/20.jpg\" data-elementor-open-lightbox=\"yes\" data-e-action-hash=\"#elementor-action%3Aaction%3Dlightbox%26settings%3DeyJpZCI6Nzc1NiwidXJsIjoiaHR0cHM6XC9cL25pbW1lcndvLmNoXC93cC1jb250ZW50XC91cGxvYWRzXC8yMDIxXC8xMFwvMjAuanBnIn0%3D\">\n\t\t\t\t\t\t\t<img loading=\"lazy\" decoding=\"async\" width=\"694\" height=\"1024\" src=\"https:\/\/nimmerwo.ch\/wp-content\/uploads\/2021\/10\/20.jpg\" class=\"attachment-full size-full wp-image-7756\" alt=\"\" srcset=\"https:\/\/nimmerwo.ch\/wp-content\/uploads\/2021\/10\/20.jpg 694w, https:\/\/nimmerwo.ch\/wp-content\/uploads\/2021\/10\/20-203x300.jpg 203w, https:\/\/nimmerwo.ch\/wp-content\/uploads\/2021\/10\/20-8x12.jpg 8w\" sizes=\"(max-width: 694px) 100vw, 694px\" \/>\t\t\t\t\t\t\t\t<\/a>\n\t\t\t\t\t\t\t\t\t\t\t\t\t\t\t<\/div>\n\t\t\t\t<\/div>\n\t\t\t\t<div class=\"elementor-element elementor-element-feda1ea elementor-widget elementor-widget-text-editor\" data-id=\"feda1ea\" data-element_type=\"widget\" data-e-type=\"widget\" data-widget_type=\"text-editor.default\">\n\t\t\t\t<div class=\"elementor-widget-container\">\n\t\t\t\t\t\t\t\t\t<h3 style=\"text-align: center;\">Highlight des Tages<\/h3><div style=\"text-align: center;\"><div><em>Ja, das Gef\u00fchl, unser Ziel, das Ende vom Alpe Adria Trail in Muggia, erreicht zu haben. Bravo! *Schulterklopf*<\/em><\/div><\/div>\t\t\t\t\t\t\t\t<\/div>\n\t\t\t\t<\/div>\n\t\t\t\t<div class=\"elementor-element elementor-element-f09a9b9 elementor-widget elementor-widget-image\" data-id=\"f09a9b9\" data-element_type=\"widget\" data-e-type=\"widget\" data-widget_type=\"image.default\">\n\t\t\t\t<div class=\"elementor-widget-container\">\n\t\t\t\t\t\t\t\t\t\t\t\t\t\t\t\t<a href=\"https:\/\/nimmerwo.ch\/wp-content\/uploads\/2021\/11\/DSC06579.jpg\" data-elementor-open-lightbox=\"yes\" data-e-action-hash=\"#elementor-action%3Aaction%3Dlightbox%26settings%3DeyJpZCI6NzkyNSwidXJsIjoiaHR0cHM6XC9cL25pbW1lcndvLmNoXC93cC1jb250ZW50XC91cGxvYWRzXC8yMDIxXC8xMVwvRFNDMDY1NzkuanBnIn0%3D\">\n\t\t\t\t\t\t\t<img loading=\"lazy\" decoding=\"async\" width=\"682\" height=\"1024\" src=\"https:\/\/nimmerwo.ch\/wp-content\/uploads\/2021\/11\/DSC06579.jpg\" class=\"attachment-full size-full wp-image-7925\" alt=\"\" srcset=\"https:\/\/nimmerwo.ch\/wp-content\/uploads\/2021\/11\/DSC06579.jpg 682w, https:\/\/nimmerwo.ch\/wp-content\/uploads\/2021\/11\/DSC06579-200x300.jpg 200w, https:\/\/nimmerwo.ch\/wp-content\/uploads\/2021\/11\/DSC06579-8x12.jpg 8w\" sizes=\"(max-width: 682px) 100vw, 682px\" \/>\t\t\t\t\t\t\t\t<\/a>\n\t\t\t\t\t\t\t\t\t\t\t\t\t\t\t<\/div>\n\t\t\t\t<\/div>\n\t\t\t\t<div class=\"elementor-element elementor-element-67ad65b elementor-widget-divider--view-line elementor-widget elementor-widget-divider\" data-id=\"67ad65b\" data-element_type=\"widget\" data-e-type=\"widget\" data-widget_type=\"divider.default\">\n\t\t\t\t<div class=\"elementor-widget-container\">\n\t\t\t\t\t\t\t<div class=\"elementor-divider\">\n\t\t\t<span class=\"elementor-divider-separator\">\n\t\t\t\t\t\t<\/span>\n\t\t<\/div>\n\t\t\t\t\t\t<\/div>\n\t\t\t\t<\/div>\n\t\t\t\t<div class=\"elementor-element elementor-element-a53286f elementor-widget elementor-widget-text-editor\" data-id=\"a53286f\" data-element_type=\"widget\" data-e-type=\"widget\" data-widget_type=\"text-editor.default\">\n\t\t\t\t<div class=\"elementor-widget-container\">\n\t\t\t\t\t\t\t\t\t<h3>Bonus: Die Tage danach<\/h3><div><div>Der Busbahnhof in Koper ist zu, aber nicht ausgestorben. Immerhin sind wir nicht die einzigen, die auf einen Bus warten. Wir m\u00fcssen jedoch feststellen, dass der Online-Fahrplan nicht brauchbar ist. Zwar werden einige Busse pro Tag von Koper nach Piran angegeben, aber fahren tun sie nicht dann, wenn sie sollten.<\/div><\/div>\t\t\t\t\t\t\t\t<\/div>\n\t\t\t\t<\/div>\n\t\t\t\t<div class=\"elementor-element elementor-element-fed8ce9 elementor-widget elementor-widget-image\" data-id=\"fed8ce9\" data-element_type=\"widget\" data-e-type=\"widget\" data-widget_type=\"image.default\">\n\t\t\t\t<div class=\"elementor-widget-container\">\n\t\t\t\t\t\t\t\t\t\t\t\t\t\t\t\t<a href=\"https:\/\/nimmerwo.ch\/wp-content\/uploads\/2021\/10\/21.jpg\" data-elementor-open-lightbox=\"yes\" data-e-action-hash=\"#elementor-action%3Aaction%3Dlightbox%26settings%3DeyJpZCI6Nzc1NywidXJsIjoiaHR0cHM6XC9cL25pbW1lcndvLmNoXC93cC1jb250ZW50XC91cGxvYWRzXC8yMDIxXC8xMFwvMjEuanBnIn0%3D\">\n\t\t\t\t\t\t\t<img loading=\"lazy\" decoding=\"async\" width=\"1024\" height=\"312\" src=\"https:\/\/nimmerwo.ch\/wp-content\/uploads\/2021\/10\/21.jpg\" class=\"attachment-full size-full wp-image-7757\" alt=\"\" srcset=\"https:\/\/nimmerwo.ch\/wp-content\/uploads\/2021\/10\/21.jpg 1024w, https:\/\/nimmerwo.ch\/wp-content\/uploads\/2021\/10\/21-300x91.jpg 300w, https:\/\/nimmerwo.ch\/wp-content\/uploads\/2021\/10\/21-768x234.jpg 768w, https:\/\/nimmerwo.ch\/wp-content\/uploads\/2021\/10\/21-18x5.jpg 18w\" sizes=\"(max-width: 1024px) 100vw, 1024px\" \/>\t\t\t\t\t\t\t\t<\/a>\n\t\t\t\t\t\t\t\t\t\t\t\t\t\t\t<\/div>\n\t\t\t\t<\/div>\n\t\t\t\t<div class=\"elementor-element elementor-element-55b58a9 elementor-widget elementor-widget-image\" data-id=\"55b58a9\" data-element_type=\"widget\" data-e-type=\"widget\" data-widget_type=\"image.default\">\n\t\t\t\t<div class=\"elementor-widget-container\">\n\t\t\t\t\t\t\t\t\t\t\t\t<figure class=\"wp-caption\">\n\t\t\t\t\t\t\t\t\t\t\t<a href=\"https:\/\/nimmerwo.ch\/wp-content\/uploads\/2021\/11\/DSC06595.jpg\" data-elementor-open-lightbox=\"yes\" data-elementor-lightbox-description=\"Der K\u00fcste entlang nach Piran\" data-e-action-hash=\"#elementor-action%3Aaction%3Dlightbox%26settings%3DeyJpZCI6NzkyNiwidXJsIjoiaHR0cHM6XC9cL25pbW1lcndvLmNoXC93cC1jb250ZW50XC91cGxvYWRzXC8yMDIxXC8xMVwvRFNDMDY1OTUuanBnIn0%3D\">\n\t\t\t\t\t\t\t<img loading=\"lazy\" decoding=\"async\" width=\"1024\" height=\"682\" src=\"https:\/\/nimmerwo.ch\/wp-content\/uploads\/2021\/11\/DSC06595.jpg\" class=\"attachment-full size-full wp-image-7926\" alt=\"\" srcset=\"https:\/\/nimmerwo.ch\/wp-content\/uploads\/2021\/11\/DSC06595.jpg 1024w, https:\/\/nimmerwo.ch\/wp-content\/uploads\/2021\/11\/DSC06595-300x200.jpg 300w, https:\/\/nimmerwo.ch\/wp-content\/uploads\/2021\/11\/DSC06595-768x512.jpg 768w, https:\/\/nimmerwo.ch\/wp-content\/uploads\/2021\/11\/DSC06595-18x12.jpg 18w\" sizes=\"(max-width: 1024px) 100vw, 1024px\" \/>\t\t\t\t\t\t\t\t<\/a>\n\t\t\t\t\t\t\t\t\t\t\t<figcaption class=\"widget-image-caption wp-caption-text\">Der K\u00fcste entlang nach Piran<\/figcaption>\n\t\t\t\t\t\t\t\t\t\t<\/figure>\n\t\t\t\t\t\t\t\t\t<\/div>\n\t\t\t\t<\/div>\n\t\t\t\t<div class=\"elementor-element elementor-element-a5d9d15 elementor-widget elementor-widget-text-editor\" data-id=\"a5d9d15\" data-element_type=\"widget\" data-e-type=\"widget\" data-widget_type=\"text-editor.default\">\n\t\t\t\t<div class=\"elementor-widget-container\">\n\t\t\t\t\t\t\t\t\t<div>Egal, billig ist die Fahrt allemal (80 Cents pro Person) und eine Stunde sp\u00e4ter als gedacht steigen wir am Hafen Pirans aus. Wir haben einen Zeltplatz in der N\u00e4he gefunden (Camping Fiesa), der, wie in den Kommentaren angepriesen, nicht unbedingt einen Besuch wert ist. Voll und heiss ist es dort, so auch am Strand vorne. F\u00fcr eine Nacht wird er es aber schon tun.<\/div>\t\t\t\t\t\t\t\t<\/div>\n\t\t\t\t<\/div>\n\t\t\t\t<div class=\"elementor-element elementor-element-c270e23 elementor-widget elementor-widget-image\" data-id=\"c270e23\" data-element_type=\"widget\" data-e-type=\"widget\" data-widget_type=\"image.default\">\n\t\t\t\t<div class=\"elementor-widget-container\">\n\t\t\t\t\t\t\t\t\t\t\t\t\t\t\t\t<a href=\"https:\/\/nimmerwo.ch\/wp-content\/uploads\/2021\/11\/DSC06613.jpg\" data-elementor-open-lightbox=\"yes\" data-e-action-hash=\"#elementor-action%3Aaction%3Dlightbox%26settings%3DeyJpZCI6NzkyOSwidXJsIjoiaHR0cHM6XC9cL25pbW1lcndvLmNoXC93cC1jb250ZW50XC91cGxvYWRzXC8yMDIxXC8xMVwvRFNDMDY2MTMuanBnIn0%3D\">\n\t\t\t\t\t\t\t<img loading=\"lazy\" decoding=\"async\" width=\"1024\" height=\"682\" src=\"https:\/\/nimmerwo.ch\/wp-content\/uploads\/2021\/11\/DSC06613.jpg\" class=\"attachment-full size-full wp-image-7929\" alt=\"\" srcset=\"https:\/\/nimmerwo.ch\/wp-content\/uploads\/2021\/11\/DSC06613.jpg 1024w, https:\/\/nimmerwo.ch\/wp-content\/uploads\/2021\/11\/DSC06613-300x200.jpg 300w, https:\/\/nimmerwo.ch\/wp-content\/uploads\/2021\/11\/DSC06613-768x512.jpg 768w, https:\/\/nimmerwo.ch\/wp-content\/uploads\/2021\/11\/DSC06613-18x12.jpg 18w\" sizes=\"(max-width: 1024px) 100vw, 1024px\" \/>\t\t\t\t\t\t\t\t<\/a>\n\t\t\t\t\t\t\t\t\t\t\t\t\t\t\t<\/div>\n\t\t\t\t<\/div>\n\t\t\t\t<div class=\"elementor-element elementor-element-99348a3 elementor-widget elementor-widget-text-editor\" data-id=\"99348a3\" data-element_type=\"widget\" data-e-type=\"widget\" data-widget_type=\"text-editor.default\">\n\t\t\t\t<div class=\"elementor-widget-container\">\n\t\t\t\t\t\t\t\t\t<div>Wir sind ja nicht aufgrund des Zeltplatzes hier. Nein, wir wollen uns Piran anschauen. Die verwinkelten G\u00e4sschen, die alten H\u00e4user, die Piazza&#8230; ein Besuch am westlichsten Punkt Sloweniens lohnt sich. Klar, der Ort ist \u00fcberaus touristisch; es wimmelt nur so von Restaurants und Unterk\u00fcnften. Aber trotz den vielen Menschen empfinden wir Piran als angenehm (ganz anders das Nachbarsdorf Portoro\u017e, der Ballermann der Region).<\/div>\t\t\t\t\t\t\t\t<\/div>\n\t\t\t\t<\/div>\n\t\t\t\t<div class=\"elementor-element elementor-element-3d91e5d elementor-widget elementor-widget-image\" data-id=\"3d91e5d\" data-element_type=\"widget\" data-e-type=\"widget\" data-widget_type=\"image.default\">\n\t\t\t\t<div class=\"elementor-widget-container\">\n\t\t\t\t\t\t\t\t\t\t\t\t\t\t\t\t<a href=\"https:\/\/nimmerwo.ch\/wp-content\/uploads\/2021\/11\/DSC06621.jpg\" data-elementor-open-lightbox=\"yes\" data-e-action-hash=\"#elementor-action%3Aaction%3Dlightbox%26settings%3DeyJpZCI6NzkzMSwidXJsIjoiaHR0cHM6XC9cL25pbW1lcndvLmNoXC93cC1jb250ZW50XC91cGxvYWRzXC8yMDIxXC8xMVwvRFNDMDY2MjEuanBnIn0%3D\">\n\t\t\t\t\t\t\t<img loading=\"lazy\" decoding=\"async\" width=\"682\" height=\"1024\" src=\"https:\/\/nimmerwo.ch\/wp-content\/uploads\/2021\/11\/DSC06621.jpg\" class=\"attachment-full size-full wp-image-7931\" alt=\"\" srcset=\"https:\/\/nimmerwo.ch\/wp-content\/uploads\/2021\/11\/DSC06621.jpg 682w, https:\/\/nimmerwo.ch\/wp-content\/uploads\/2021\/11\/DSC06621-200x300.jpg 200w, https:\/\/nimmerwo.ch\/wp-content\/uploads\/2021\/11\/DSC06621-8x12.jpg 8w\" sizes=\"(max-width: 682px) 100vw, 682px\" \/>\t\t\t\t\t\t\t\t<\/a>\n\t\t\t\t\t\t\t\t\t\t\t\t\t\t\t<\/div>\n\t\t\t\t<\/div>\n\t\t\t\t<div class=\"elementor-element elementor-element-8336207 elementor-widget elementor-widget-text-editor\" data-id=\"8336207\" data-element_type=\"widget\" data-e-type=\"widget\" data-widget_type=\"text-editor.default\">\n\t\t\t\t<div class=\"elementor-widget-container\">\n\t\t\t\t\t\t\t\t\t<div>Wie alle hier setzen wir uns an einen Tisch an der Promenade, bestellen ein Bier und gucken Menschen. Nach einem k\u00f6stlichen Abendessen beobachten wir die Sonne, wie sie gold-rot im Meer versinkt. Ein wenig Urlaub nach all der Wanderei haben wir uns sehr wohl verdient.<\/div>\t\t\t\t\t\t\t\t<\/div>\n\t\t\t\t<\/div>\n\t\t\t\t<div class=\"elementor-element elementor-element-f0ef24b elementor-widget elementor-widget-image\" data-id=\"f0ef24b\" data-element_type=\"widget\" data-e-type=\"widget\" data-widget_type=\"image.default\">\n\t\t\t\t<div class=\"elementor-widget-container\">\n\t\t\t\t\t\t\t\t\t\t\t\t\t\t\t\t<a href=\"https:\/\/nimmerwo.ch\/wp-content\/uploads\/2021\/11\/DSC06633.jpg\" data-elementor-open-lightbox=\"yes\" data-e-action-hash=\"#elementor-action%3Aaction%3Dlightbox%26settings%3DeyJpZCI6NzkzMiwidXJsIjoiaHR0cHM6XC9cL25pbW1lcndvLmNoXC93cC1jb250ZW50XC91cGxvYWRzXC8yMDIxXC8xMVwvRFNDMDY2MzMuanBnIn0%3D\">\n\t\t\t\t\t\t\t<img loading=\"lazy\" decoding=\"async\" width=\"682\" height=\"1024\" src=\"https:\/\/nimmerwo.ch\/wp-content\/uploads\/2021\/11\/DSC06633.jpg\" class=\"attachment-full size-full wp-image-7932\" alt=\"\" srcset=\"https:\/\/nimmerwo.ch\/wp-content\/uploads\/2021\/11\/DSC06633.jpg 682w, https:\/\/nimmerwo.ch\/wp-content\/uploads\/2021\/11\/DSC06633-200x300.jpg 200w, https:\/\/nimmerwo.ch\/wp-content\/uploads\/2021\/11\/DSC06633-8x12.jpg 8w\" sizes=\"(max-width: 682px) 100vw, 682px\" \/>\t\t\t\t\t\t\t\t<\/a>\n\t\t\t\t\t\t\t\t\t\t\t\t\t\t\t<\/div>\n\t\t\t\t<\/div>\n\t\t\t\t<div class=\"elementor-element elementor-element-119c999 elementor-widget-divider--view-line elementor-widget elementor-widget-divider\" data-id=\"119c999\" data-element_type=\"widget\" data-e-type=\"widget\" data-widget_type=\"divider.default\">\n\t\t\t\t<div class=\"elementor-widget-container\">\n\t\t\t\t\t\t\t<div class=\"elementor-divider\">\n\t\t\t<span class=\"elementor-divider-separator\">\n\t\t\t\t\t\t<\/span>\n\t\t<\/div>\n\t\t\t\t\t\t<\/div>\n\t\t\t\t<\/div>\n\t\t\t\t<div class=\"elementor-element elementor-element-4d2c3f4 elementor-widget elementor-widget-text-editor\" data-id=\"4d2c3f4\" data-element_type=\"widget\" data-e-type=\"widget\" data-widget_type=\"text-editor.default\">\n\t\t\t\t<div class=\"elementor-widget-container\">\n\t\t\t\t\t\t\t\t\t<h3>Wie es weiterging<\/h3><div><div>Am n\u00e4chsten Tag warfen wir uns die Rucks\u00e4cke wieder auf. Das Ziel: Ein kleiner Zeltplatz an der K\u00fcste Kroatiens, 12 km von der Grenze. Dort verbrachten wir ein paar meist sonnige Tage am Meer, feierten Serainas Geburtstag und \u00fcberlegten uns, in welche Richtung wir weiterwandern wollten.<\/div><\/div>\t\t\t\t\t\t\t\t<\/div>\n\t\t\t\t<\/div>\n\t\t\t\t<div class=\"elementor-element elementor-element-c04ee00 elementor-widget elementor-widget-image\" data-id=\"c04ee00\" data-element_type=\"widget\" data-e-type=\"widget\" data-widget_type=\"image.default\">\n\t\t\t\t<div class=\"elementor-widget-container\">\n\t\t\t\t\t\t\t\t\t\t\t\t\t\t\t\t<a href=\"https:\/\/nimmerwo.ch\/wp-content\/uploads\/2021\/11\/DSC06517.jpg\" data-elementor-open-lightbox=\"yes\" data-e-action-hash=\"#elementor-action%3Aaction%3Dlightbox%26settings%3DeyJpZCI6NzkxNiwidXJsIjoiaHR0cHM6XC9cL25pbW1lcndvLmNoXC93cC1jb250ZW50XC91cGxvYWRzXC8yMDIxXC8xMVwvRFNDMDY1MTcuanBnIn0%3D\">\n\t\t\t\t\t\t\t<img loading=\"lazy\" decoding=\"async\" width=\"1024\" height=\"576\" src=\"https:\/\/nimmerwo.ch\/wp-content\/uploads\/2021\/11\/DSC06517.jpg\" class=\"attachment-full size-full wp-image-7916\" alt=\"\" srcset=\"https:\/\/nimmerwo.ch\/wp-content\/uploads\/2021\/11\/DSC06517.jpg 1024w, https:\/\/nimmerwo.ch\/wp-content\/uploads\/2021\/11\/DSC06517-300x169.jpg 300w, https:\/\/nimmerwo.ch\/wp-content\/uploads\/2021\/11\/DSC06517-768x432.jpg 768w, https:\/\/nimmerwo.ch\/wp-content\/uploads\/2021\/11\/DSC06517-18x10.jpg 18w\" sizes=\"(max-width: 1024px) 100vw, 1024px\" \/>\t\t\t\t\t\t\t\t<\/a>\n\t\t\t\t\t\t\t\t\t\t\t\t\t\t\t<\/div>\n\t\t\t\t<\/div>\n\t\t\t\t<div class=\"elementor-element elementor-element-7480441 elementor-widget elementor-widget-text-editor\" data-id=\"7480441\" data-element_type=\"widget\" data-e-type=\"widget\" data-widget_type=\"text-editor.default\">\n\t\t\t\t<div class=\"elementor-widget-container\">\n\t\t\t\t\t\t\t\t\t<div style=\"text-align: center;\">Was dabei herauskam, kannst du in den Artikeln<\/div><div style=\"text-align: center;\">\u00a0<\/div><div style=\"text-align: center;\"><a href=\"https:\/\/nimmerwo.ch\/juliana-trail-slowenien\/\">Juliana Trail Slowenien<\/a><\/div><div>\u00a0<\/div><div style=\"text-align: center;\">und<\/div><div>\u00a0<\/div><div style=\"text-align: center;\"><a href=\"https:\/\/nimmerwo.ch\/3-tage-in-ljubljana\">3 Tage in Ljubljana<\/a> nachlesen.<\/div>\t\t\t\t\t\t\t\t<\/div>\n\t\t\t\t<\/div>\n\t\t\t\t<div class=\"elementor-element elementor-element-1e0de82 elementor-widget elementor-widget-image\" data-id=\"1e0de82\" data-element_type=\"widget\" data-e-type=\"widget\" data-widget_type=\"image.default\">\n\t\t\t\t<div class=\"elementor-widget-container\">\n\t\t\t\t\t\t\t\t\t\t\t\t\t\t\t\t<a href=\"https:\/\/nimmerwo.ch\/wp-content\/uploads\/2021\/11\/DSC06602.jpg\" data-elementor-open-lightbox=\"yes\" data-e-action-hash=\"#elementor-action%3Aaction%3Dlightbox%26settings%3DeyJpZCI6NzkyNywidXJsIjoiaHR0cHM6XC9cL25pbW1lcndvLmNoXC93cC1jb250ZW50XC91cGxvYWRzXC8yMDIxXC8xMVwvRFNDMDY2MDIuanBnIn0%3D\">\n\t\t\t\t\t\t\t<img loading=\"lazy\" decoding=\"async\" width=\"682\" height=\"1024\" src=\"https:\/\/nimmerwo.ch\/wp-content\/uploads\/2021\/11\/DSC06602.jpg\" class=\"attachment-full size-full wp-image-7927\" alt=\"\" srcset=\"https:\/\/nimmerwo.ch\/wp-content\/uploads\/2021\/11\/DSC06602.jpg 682w, https:\/\/nimmerwo.ch\/wp-content\/uploads\/2021\/11\/DSC06602-200x300.jpg 200w, https:\/\/nimmerwo.ch\/wp-content\/uploads\/2021\/11\/DSC06602-8x12.jpg 8w\" sizes=\"(max-width: 682px) 100vw, 682px\" \/>\t\t\t\t\t\t\t\t<\/a>\n\t\t\t\t\t\t\t\t\t\t\t\t\t\t\t<\/div>\n\t\t\t\t<\/div>\n\t\t\t\t<div class=\"elementor-element elementor-element-631fc2e elementor-widget elementor-widget-text-editor\" data-id=\"631fc2e\" data-element_type=\"widget\" data-e-type=\"widget\" data-widget_type=\"text-editor.default\">\n\t\t\t\t<div class=\"elementor-widget-container\">\n\t\t\t\t\t\t\t\t\t<div>Ich finde, die 20 Tage auf dem Alpe Adria Trail waren ein voller Erfolg. Die allermeiste Zeit verbrachten wir draussen in der Natur und doch war die Zivilisation nie so weit entfernt, dass wir gross im Voraus planen mussten, was z.B. Nahrungsmittel anbelangt. Spannend war auch, die Grenze zwischen Slowenien und Italien verschwimmen zu sehen. W\u00e4ren die Sprache und auch die Kultur nicht so unterschiedlich, wer h\u00e4tte bemerkt, dass er\/sie sich nicht mehr im selben Land befand.<\/div>\t\t\t\t\t\t\t\t<\/div>\n\t\t\t\t<\/div>\n\t\t\t\t<div class=\"elementor-element elementor-element-a60dcb8 elementor-widget elementor-widget-image\" data-id=\"a60dcb8\" data-element_type=\"widget\" data-e-type=\"widget\" data-widget_type=\"image.default\">\n\t\t\t\t<div class=\"elementor-widget-container\">\n\t\t\t\t\t\t\t\t\t\t\t\t\t\t\t\t<a href=\"https:\/\/nimmerwo.ch\/wp-content\/uploads\/2021\/11\/DSC06503.jpg\" data-elementor-open-lightbox=\"yes\" data-e-action-hash=\"#elementor-action%3Aaction%3Dlightbox%26settings%3DeyJpZCI6NzkxMywidXJsIjoiaHR0cHM6XC9cL25pbW1lcndvLmNoXC93cC1jb250ZW50XC91cGxvYWRzXC8yMDIxXC8xMVwvRFNDMDY1MDMuanBnIn0%3D\">\n\t\t\t\t\t\t\t<img loading=\"lazy\" decoding=\"async\" width=\"682\" height=\"1024\" src=\"https:\/\/nimmerwo.ch\/wp-content\/uploads\/2021\/11\/DSC06503.jpg\" class=\"attachment-full size-full wp-image-7913\" alt=\"\" srcset=\"https:\/\/nimmerwo.ch\/wp-content\/uploads\/2021\/11\/DSC06503.jpg 682w, https:\/\/nimmerwo.ch\/wp-content\/uploads\/2021\/11\/DSC06503-200x300.jpg 200w, https:\/\/nimmerwo.ch\/wp-content\/uploads\/2021\/11\/DSC06503-8x12.jpg 8w\" sizes=\"(max-width: 682px) 100vw, 682px\" \/>\t\t\t\t\t\t\t\t<\/a>\n\t\t\t\t\t\t\t\t\t\t\t\t\t\t\t<\/div>\n\t\t\t\t<\/div>\n\t\t\t\t<div class=\"elementor-element elementor-element-f572a5d elementor-widget elementor-widget-text-editor\" data-id=\"f572a5d\" data-element_type=\"widget\" data-e-type=\"widget\" data-widget_type=\"text-editor.default\">\n\t\t\t\t<div class=\"elementor-widget-container\">\n\t\t\t\t\t\t\t\t\t<p>Gerne w\u00e4ren wir immer weiter s\u00fcdw\u00e4rts gewandert, um Teile Kroatiens zu erkunden. Aber Ende August war es dort noch so heiss, dass es wahrscheinlich mehr Qual als Freude gewesen w\u00e4re, die Wanderung nach S\u00fcden fortzusetzen. Trotzdem, am liebsten w\u00e4ren wir einfach weitergegangen, ohne Ziel, zu Fuss, einfach der Nase nach.<\/p><p>\u00a0<\/p><p>Aber was nicht ist, kann ja noch werden.<\/p>\t\t\t\t\t\t\t\t<\/div>\n\t\t\t\t<\/div>\n\t\t\t\t<div class=\"elementor-element elementor-element-a4bf3e3 elementor-widget elementor-widget-image\" data-id=\"a4bf3e3\" data-element_type=\"widget\" data-e-type=\"widget\" data-widget_type=\"image.default\">\n\t\t\t\t<div class=\"elementor-widget-container\">\n\t\t\t\t\t\t\t\t\t\t\t\t\t\t\t\t<a href=\"https:\/\/nimmerwo.ch\/wp-content\/uploads\/2021\/10\/IMG_20210824_180609.jpg\" data-elementor-open-lightbox=\"yes\" data-e-action-hash=\"#elementor-action%3Aaction%3Dlightbox%26settings%3DeyJpZCI6Nzk2OSwidXJsIjoiaHR0cHM6XC9cL25pbW1lcndvLmNoXC93cC1jb250ZW50XC91cGxvYWRzXC8yMDIxXC8xMFwvSU1HXzIwMjEwODI0XzE4MDYwOS5qcGcifQ%3D%3D\">\n\t\t\t\t\t\t\t<img loading=\"lazy\" decoding=\"async\" width=\"1024\" height=\"768\" src=\"https:\/\/nimmerwo.ch\/wp-content\/uploads\/2021\/10\/IMG_20210824_180609.jpg\" class=\"attachment-full size-full wp-image-7969\" alt=\"\" srcset=\"https:\/\/nimmerwo.ch\/wp-content\/uploads\/2021\/10\/IMG_20210824_180609.jpg 1024w, https:\/\/nimmerwo.ch\/wp-content\/uploads\/2021\/10\/IMG_20210824_180609-300x225.jpg 300w, https:\/\/nimmerwo.ch\/wp-content\/uploads\/2021\/10\/IMG_20210824_180609-768x576.jpg 768w, https:\/\/nimmerwo.ch\/wp-content\/uploads\/2021\/10\/IMG_20210824_180609-16x12.jpg 16w\" sizes=\"(max-width: 1024px) 100vw, 1024px\" \/>\t\t\t\t\t\t\t\t<\/a>\n\t\t\t\t\t\t\t\t\t\t\t\t\t\t\t<\/div>\n\t\t\t\t<\/div>\n\t\t\t\t\t<\/div>\n\t\t<\/div>\n\t\t\t\t\t<\/div>\n\t\t<\/section>\n\t\t\t\t<section class=\"elementor-section elementor-top-section elementor-element elementor-element-10e2163 elementor-section-boxed elementor-section-height-default elementor-section-height-default\" data-id=\"10e2163\" data-element_type=\"section\" data-e-type=\"section\">\n\t\t\t\t\t\t<div class=\"elementor-container elementor-column-gap-default\">\n\t\t\t\t\t<div class=\"elementor-column elementor-col-100 elementor-top-column elementor-element elementor-element-b2356d4\" data-id=\"b2356d4\" data-element_type=\"column\" data-e-type=\"column\">\n\t\t\t<div class=\"elementor-widget-wrap elementor-element-populated\">\n\t\t\t\t\t\t<div class=\"elementor-element elementor-element-47ecfb7 elementor-widget elementor-widget-text-editor\" data-id=\"47ecfb7\" data-element_type=\"widget\" data-e-type=\"widget\" data-widget_type=\"text-editor.default\">\n\t\t\t\t<div class=\"elementor-widget-container\">\n\t\t\t\t\t\t\t\t\t<p style=\"text-align: center;\">Fin<\/p>\t\t\t\t\t\t\t\t<\/div>\n\t\t\t\t<\/div>\n\t\t\t\t<div class=\"elementor-element elementor-element-96416ab elementor-widget-divider--view-line elementor-widget elementor-widget-divider\" data-id=\"96416ab\" data-element_type=\"widget\" data-e-type=\"widget\" data-widget_type=\"divider.default\">\n\t\t\t\t<div class=\"elementor-widget-container\">\n\t\t\t\t\t\t\t<div class=\"elementor-divider\">\n\t\t\t<span class=\"elementor-divider-separator\">\n\t\t\t\t\t\t<\/span>\n\t\t<\/div>\n\t\t\t\t\t\t<\/div>\n\t\t\t\t<\/div>\n\t\t\t\t<div class=\"elementor-element elementor-element-16b2cdc elementor-widget elementor-widget-text-editor\" data-id=\"16b2cdc\" data-element_type=\"widget\" data-e-type=\"widget\" data-widget_type=\"text-editor.default\">\n\t\t\t\t<div class=\"elementor-widget-container\">\n\t\t\t\t\t\t\t\t\t<p>Wenn du es nicht bereits getan hast, schreib dich f\u00fcr den Newsletter ein, um keinen Beitrag zu verpassen. Sag uns, wie dir die Lekt\u00fcre gef\u00e4llt, wir freuen uns \u00fcber Kommentare!<\/p>\t\t\t\t\t\t\t\t<\/div>\n\t\t\t\t<\/div>\n\t\t\t\t\t<\/div>\n\t\t<\/div>\n\t\t\t\t\t<\/div>\n\t\t<\/section>\n\t\t\t\t<section class=\"elementor-section elementor-top-section elementor-element elementor-element-2c88eb3 elementor-section-boxed elementor-section-height-default elementor-section-height-default\" data-id=\"2c88eb3\" data-element_type=\"section\" data-e-type=\"section\" data-settings=\"{&quot;background_background&quot;:&quot;slideshow&quot;,&quot;background_slideshow_gallery&quot;:[{&quot;id&quot;:5164,&quot;url&quot;:&quot;https:\\\/\\\/nimmerwo.ch\\\/wp-content\\\/uploads\\\/2021\\\/06\\\/DSC00554-Medium.jpg&quot;},{&quot;id&quot;:5419,&quot;url&quot;:&quot;https:\\\/\\\/nimmerwo.ch\\\/wp-content\\\/uploads\\\/2021\\\/06\\\/P9184868-Small.jpg&quot;},{&quot;id&quot;:5747,&quot;url&quot;:&quot;https:\\\/\\\/nimmerwo.ch\\\/wp-content\\\/uploads\\\/2021\\\/07\\\/PB146458.jpg&quot;},{&quot;id&quot;:6003,&quot;url&quot;:&quot;https:\\\/\\\/nimmerwo.ch\\\/wp-content\\\/uploads\\\/2011\\\/03\\\/139.jpg&quot;},{&quot;id&quot;:6721,&quot;url&quot;:&quot;https:\\\/\\\/nimmerwo.ch\\\/wp-content\\\/uploads\\\/2021\\\/07\\\/300.jpg&quot;},{&quot;id&quot;:6474,&quot;url&quot;:&quot;https:\\\/\\\/nimmerwo.ch\\\/wp-content\\\/uploads\\\/2021\\\/07\\\/286zl.jpg&quot;},{&quot;id&quot;:6010,&quot;url&quot;:&quot;https:\\\/\\\/nimmerwo.ch\\\/wp-content\\\/uploads\\\/2021\\\/07\\\/P3057814.jpg&quot;},{&quot;id&quot;:5727,&quot;url&quot;:&quot;https:\\\/\\\/nimmerwo.ch\\\/wp-content\\\/uploads\\\/2021\\\/07\\\/PB035890.jpg&quot;},{&quot;id&quot;:5700,&quot;url&quot;:&quot;https:\\\/\\\/nimmerwo.ch\\\/wp-content\\\/uploads\\\/2021\\\/07\\\/PA105248.jpg&quot;},{&quot;id&quot;:6496,&quot;url&quot;:&quot;https:\\\/\\\/nimmerwo.ch\\\/wp-content\\\/uploads\\\/2012\\\/01\\\/20110425_140809.jpg&quot;},{&quot;id&quot;:5736,&quot;url&quot;:&quot;https:\\\/\\\/nimmerwo.ch\\\/wp-content\\\/uploads\\\/2021\\\/07\\\/PB106074.jpg&quot;}],&quot;background_slideshow_ken_burns&quot;:&quot;yes&quot;,&quot;background_slideshow_loop&quot;:&quot;yes&quot;,&quot;background_slideshow_slide_duration&quot;:5000,&quot;background_slideshow_slide_transition&quot;:&quot;fade&quot;,&quot;background_slideshow_transition_duration&quot;:500,&quot;background_slideshow_ken_burns_zoom_direction&quot;:&quot;in&quot;}\">\n\t\t\t\t\t\t\t<div class=\"elementor-background-overlay\"><\/div>\n\t\t\t\t\t\t\t<div class=\"elementor-container elementor-column-gap-default\">\n\t\t\t\t\t<div class=\"elementor-column elementor-col-100 elementor-top-column elementor-element elementor-element-a0e78b5\" data-id=\"a0e78b5\" data-element_type=\"column\" data-e-type=\"column\">\n\t\t\t<div class=\"elementor-widget-wrap\">\n\t\t\t\t\t\t\t<\/div>\n\t\t<\/div>\n\t\t\t\t\t<\/div>\n\t\t<\/section>\n\t\t\t\t<\/div>\n\t\t","protected":false},"excerpt":{"rendered":"<p>Of course, we have read up a little about Slovenia in Flims, and we have heard of the Juliana and the Alpe Adria Trail. Nevertheless, so far we only know that we want to go to the Triglav National Park and the So\u010da.<\/p>\n<p>So we get off the train in Jesenice at 6 p.m., half an hour late, saddle up our backpacks for the first time, and start marching through the small town illuminated by the golden-red sun.<\/p>","protected":false},"author":1,"featured_media":7718,"comment_status":"open","ping_status":"closed","sticky":false,"template":"","format":"standard","meta":{"footnotes":""},"categories":[63,57],"tags":[61,52,62,59],"class_list":["post-7491","post","type-post","status-publish","format-standard","has-post-thumbnail","hentry","category-italien","category-slowenien","tag-alpe-adria-trail","tag-fernwandern","tag-italien","tag-slowenien"],"jetpack_featured_media_url":"https:\/\/nimmerwo.ch\/wp-content\/uploads\/2021\/10\/DSC06218.jpg","_links":{"self":[{"href":"https:\/\/nimmerwo.ch\/en\/wp-json\/wp\/v2\/posts\/7491","targetHints":{"allow":["GET"]}}],"collection":[{"href":"https:\/\/nimmerwo.ch\/en\/wp-json\/wp\/v2\/posts"}],"about":[{"href":"https:\/\/nimmerwo.ch\/en\/wp-json\/wp\/v2\/types\/post"}],"author":[{"embeddable":true,"href":"https:\/\/nimmerwo.ch\/en\/wp-json\/wp\/v2\/users\/1"}],"replies":[{"embeddable":true,"href":"https:\/\/nimmerwo.ch\/en\/wp-json\/wp\/v2\/comments?post=7491"}],"version-history":[{"count":280,"href":"https:\/\/nimmerwo.ch\/en\/wp-json\/wp\/v2\/posts\/7491\/revisions"}],"predecessor-version":[{"id":12917,"href":"https:\/\/nimmerwo.ch\/en\/wp-json\/wp\/v2\/posts\/7491\/revisions\/12917"}],"wp:featuredmedia":[{"embeddable":true,"href":"https:\/\/nimmerwo.ch\/en\/wp-json\/wp\/v2\/media\/7718"}],"wp:attachment":[{"href":"https:\/\/nimmerwo.ch\/en\/wp-json\/wp\/v2\/media?parent=7491"}],"wp:term":[{"taxonomy":"category","embeddable":true,"href":"https:\/\/nimmerwo.ch\/en\/wp-json\/wp\/v2\/categories?post=7491"},{"taxonomy":"post_tag","embeddable":true,"href":"https:\/\/nimmerwo.ch\/en\/wp-json\/wp\/v2\/tags?post=7491"}],"curies":[{"name":"wp","href":"https:\/\/api.w.org\/{rel}","templated":true}]}}